{"id":128427,"date":"2025-09-20T23:33:11","date_gmt":"2025-09-20T23:33:11","guid":{"rendered":"https:\/\/www.europesays.com\/es\/128427\/"},"modified":"2025-09-20T23:33:11","modified_gmt":"2025-09-20T23:33:11","slug":"la-nueva-serie-de-los-creadores-de-la-casa-de-papel-que-esta-arrasando","status":"publish","type":"post","link":"https:\/\/www.europesays.com\/es\/128427\/","title":{"rendered":"la nueva serie de los creadores de &#8216;La casa de papel&#8217; que est\u00e1 arrasando"},"content":{"rendered":"<p><img decoding=\"async\" class=\"voc-author__img\" src=\"https:\/\/www.europesays.com\/es\/wp-content\/uploads\/2025\/08\/autor-7048-foto-2.png\" alt=\"Patricia Marcos\"\/><\/p>\n<p>20\/09\/2025<br \/>\n<br \/><strong><br \/>\nActualizado 21\/09\/2025 a las 01:10h.<br \/>\n<\/strong><\/p>\n<p class=\"voc-p\" style=\"\">\u00abDe los<strong> creadores de &#8216;La casa de papel&#8217;<\/strong>\u00bb. As\u00ed ha promocionado <strong>Netflix <\/strong>en los \u00faltimos meses su gran apuesta para la nueva temporada. Y es que no existe mejor forma de generar expectaci\u00f3n entre la audiencia que anunciar que, detr\u00e1s de esta nueva serie, se encuentran <a href=\"https:\/\/www.abc.es\/play\/series\/noticias\/abci-alex-pina-creador-casa-papel-prepara-serie-sobre-vida-bunker-lujo-202203211235_noticia.html\" title=\"www.abc.es\" data-voc-vtm-id=\"in-text-traffic\" data-mrf-link=\"www.abc.es\" rel=\"nofollow noopener\" target=\"_blank\">\u00c1lex Pina<\/a> y Esther Mart\u00ednez Lobato, los creadores de la ficci\u00f3n espa\u00f1ola m\u00e1s exitosa a nivel mundial y de otras ficciones como &#8216;Berl\u00edn&#8217; y &#8216;Sky Rojo&#8217;.<\/p>\n<p class=\"voc-p\" style=\"\">En este caso, Jes\u00fas Colmenar, David Barrocal y Jos\u00e9 Manuel Cravioto se encuentran bajo la direcci\u00f3n de esta ficci\u00f3n, que <strong>acaba de llegar a Netflix<\/strong>. Disponible en la plataforma desde este viernes, 19 de septiembre, ya ha conseguido colarse como <strong>lo m\u00e1s visto <\/strong>en Espa\u00f1a.<\/p>\n<p class=\"voc-p\" style=\"\">Hablamos de <strong>&#8216;El refugio at\u00f3mico&#8217;<\/strong>, una nueva producci\u00f3n de Vancouver Media, que consta de un total de <strong>8 episodios<\/strong>. La serie narra la vida dentro de un <strong>b\u00fanker de lujo<\/strong> de un grupo de multimillonarios que se refugian antes de que estalle la Tercera Guerra Mundial. <\/p>\n<p class=\"voc-p\" style=\"\"><strong>Miren Ibarguren<\/strong> encabeza el reparto de la ficci\u00f3n como Minerva, la directora del b\u00fanker. Junto a ella, participan Joaqu\u00edn Furriel, Natalia Verbeke, Carlos Santos, Montse Guallar, Pau Sim\u00f3n, Alicia Falc\u00f3, Agustina Bisio y \u00c1lex Villaz\u00e1n, entre otros.<\/p>\n<p>\nUn b\u00fanker de lujo bajo tierra\n<\/p>\n<p class=\"voc-p\" style=\"\"><strong>Kimera Underground Park<\/strong> se presenta como un b\u00fanker de lujo dise\u00f1ado para resistir cualquier cat\u00e1strofe imaginable. Hasta all\u00ed se trasladan un grupo de multimillonarios ante la amenaza de un conflicto global sin precedentes. <\/p>\n<p class=\"voc-p\" style=\"\"><strong>Aislados bajo tierra <\/strong>y sin posibilidad de escapar, observan en pantallas c\u00f3mo la situaci\u00f3n se vuelve aterradora en el exterior, mientras ellos disfrutan de su peque\u00f1a <strong>ciudad repleta de lujos<\/strong>, entre ellos, un gimnasio, cancha de baloncesto, spa, piano bar, centro m\u00e9dico y amplios apartamentos.<\/p>\n<p><img decoding=\"async\" loading=\"lazy\" src=\"https:\/\/www.europesays.com\/es\/wp-content\/uploads\/2025\/09\/ERA_20240313_461_tamaraarranz-kfc--760x427@diario_abc.jpg\" class=\"voc-img\" width=\"760\" height=\"427\" alt=\"'El refugio at\u00f3mico'\" data-voc-vtm-id=\"in-text-traffic\"\/><\/p>\n<p>&#8216;El refugio at\u00f3mico&#8217;<\/p>\n<p>NETFLIX<\/p>\n<p class=\"voc-p\" style=\"\">El b\u00fanker se convierte en un escenario claustrof\u00f3bico para <strong>dos familias marcadas por una herida del pasado<\/strong>. Los habitantes de Kimera dan rienda suelta a \u00abunas personalidades cargadas de \u00e1cido sulf\u00farico\u00bb, tal y como detalla Netflix en una nota de prensa. Secretos inconfesables, alianzas inesperadas y una gran tensi\u00f3n marcar\u00e1n esta \u00abradiograf\u00eda emocional excesiva y sorprendente\u00bb, seg\u00fan la plataforma.<\/p>\n<p class=\"voc-p\" style=\"\">Para la creaci\u00f3n de &#8216;El refugio at\u00f3mico&#8217;, \u00c1lex Pina se inspir\u00f3 en un <strong>art\u00edculo <\/strong>publicado el 9 de octubre de 2021 sobre la <strong>proliferaci\u00f3n de b\u00fankeres despu\u00e9s de la pandemia<\/strong>. \u00abAlgunos de los nuevos refugios que se estaban construyendo eran viviendas de lujo en el subsuelo. Hasta 15 pisos hacia abajo, con servicios exclusivos como cine, piscina, spa, gimnasio y jardines comunes\u00bb, <a href=\"https:\/\/www.abc.es\/play\/series\/noticias\/abci-alex-pina-creador-casa-papel-prepara-serie-sobre-vida-bunker-lujo-202203211235_noticia.html\" title=\"www.abc.es\" data-voc-vtm-id=\"in-text-traffic\" data-mrf-link=\"www.abc.es\" rel=\"nofollow noopener\" target=\"_blank\">cont\u00f3 a ABC<\/a>.<\/p>\n<p class=\"voc-p\" style=\"\">Este art\u00edculo despert\u00f3 la curiosidad del guionista, interesado en c\u00f3mo ser\u00eda vivir dentro de estos b\u00fankeres de lujo. \u00abL<strong>as relaciones sociales, familiares, rom\u00e1nticas, <\/strong>en un refugio subterr\u00e1neo al que hab\u00edan huido de forma precipitada y exclusiva\u00bb, se\u00f1al\u00f3 \u00c1lex Pina.<\/p>\n<p>\nLa ficci\u00f3n m\u00e1s ambiciosa de Netflix, n\u00famero 1 en Espa\u00f1a\n<\/p>\n<p class=\"voc-p\" style=\"\">El vicepresidente de Contenidos de Netflix en Espa\u00f1a, Diego \u00c1valos, asegur\u00f3 en una entrevista con &#8216;El Pa\u00eds&#8217; que &#8216;El refugio at\u00f3mico&#8217; es <strong>la ficci\u00f3n m\u00e1s ambiciosa en la historia <\/strong>de nuestro pa\u00eds. \u00abEsperamos que<strong> sea la serie de Netflix m\u00e1s vista <\/strong>de la historia en Espa\u00f1a. Creo que el contexto actual en el que vivimos la acerca a una audiencia mucho m\u00e1s amplia\u00bb, asegur\u00f3.<\/p>\n<p class=\"voc-p\" style=\"\">Las pretensiones de Netflix con &#8216;El refugio at\u00f3mico&#8217; parecen no ir desencaminadas. En tan solo un d\u00eda, la serie ha conseguido colocarse como <strong>lo m\u00e1s visto de la plataforma<\/strong> en Espa\u00f1a, por detr\u00e1s de otros t\u00edtulos como &#8216;Dos tumbas&#8217; o &#8216;Mi\u00e9rcoles&#8217;. <\/p>\n<p class=\"voc-p\" style=\"\">Y es que, a esta novedosa trama se une un gran despliegue de medios por parte de Netflix y Vancouver Media. Prueba de ello es la creaci\u00f3n de un <strong>decorado de 8.000 metros cuadrados<\/strong> con 120 sets, \u00abrodar con tres unidades de producci\u00f3n a la vez\u00bb o \u00abfilmar 160 secuencias en un plato virtual\u00bb, tal y como cont\u00f3 Pina en declaraciones a Europa Press.<\/p>\n<p>Reportar un error<\/p>\n","protected":false},"excerpt":{"rendered":"20\/09\/2025 Actualizado 21\/09\/2025 a las 01:10h. \u00abDe los creadores de &#8216;La casa de papel&#8217;\u00bb. As\u00ed ha promocionado Netflix&hellip;\n","protected":false},"author":2,"featured_media":128428,"comment_status":"","ping_status":"","sticky":false,"template":"","format":"standard","meta":{"footnotes":""},"categories":[91],"tags":[18854,385,10750,146,147,20893,25,24,4518,152,795,2799,847,156,23],"class_list":{"0":"post-128427","1":"post","2":"type-post","3":"status-publish","4":"format-standard","5":"has-post-thumbnail","7":"category-entretenimiento","8":"tag-arrasando","9":"tag-casa","10":"tag-creadores","11":"tag-entertainment","12":"tag-entretenimiento","13":"tag-episodios","14":"tag-es","15":"tag-espana","16":"tag-exito","17":"tag-netflix","18":"tag-nueva","19":"tag-ocho","20":"tag-papel","21":"tag-serie","22":"tag-spain"},"share_on_mastodon":{"url":"","error":""},"_links":{"self":[{"href":"https:\/\/www.europesays.com\/es\/wp-json\/wp\/v2\/posts\/128427","targetHints":{"allow":["GET"]}}],"collection":[{"href":"https:\/\/www.europesays.com\/es\/wp-json\/wp\/v2\/posts"}],"about":[{"href":"https:\/\/www.europesays.com\/es\/wp-json\/wp\/v2\/types\/post"}],"author":[{"embeddable":true,"href":"https:\/\/www.europesays.com\/es\/wp-json\/wp\/v2\/users\/2"}],"replies":[{"embeddable":true,"href":"https:\/\/www.europesays.com\/es\/wp-json\/wp\/v2\/comments?post=128427"}],"version-history":[{"count":0,"href":"https:\/\/www.europesays.com\/es\/wp-json\/wp\/v2\/posts\/128427\/revisions"}],"wp:featuredmedia":[{"embeddable":true,"href":"https:\/\/www.europesays.com\/es\/wp-json\/wp\/v2\/media\/128428"}],"wp:attachment":[{"href":"https:\/\/www.europesays.com\/es\/wp-json\/wp\/v2\/media?parent=128427"}],"wp:term":[{"taxonomy":"category","embeddable":true,"href":"https:\/\/www.europesays.com\/es\/wp-json\/wp\/v2\/categories?post=128427"},{"taxonomy":"post_tag","embeddable":true,"href":"https:\/\/www.europesays.com\/es\/wp-json\/wp\/v2\/tags?post=128427"}],"curies":[{"name":"wp","href":"https:\/\/api.w.org\/{rel}","templated":true}]}}