{"id":128440,"date":"2025-09-20T23:40:09","date_gmt":"2025-09-20T23:40:09","guid":{"rendered":"https:\/\/www.europesays.com\/es\/128440\/"},"modified":"2025-09-20T23:40:09","modified_gmt":"2025-09-20T23:40:09","slug":"de-grandes-broncas-estan-las-leyendas-llenas","status":"publish","type":"post","link":"https:\/\/www.europesays.com\/es\/128440\/","title":{"rendered":"De grandes broncas est\u00e1n las leyendas llenas"},"content":{"rendered":"<p>La gente del <a href=\"https:\/\/www.lasprovincias.es\/castellon\/fotos-entrada-toros-segorbe-20250908152042-ga.html\" target=\"_self\" data-voc-vtm-id=\"in-text-traffic\" title=\"toro\" data-mrf-link=\"www.lasprovincias.es\" rel=\"nofollow noopener\">toro<\/a> ha vivido los \u00faltimos d\u00edas colgada de m\u00f3viles y redes \u00e1vida de noticias. No pod\u00eda ser de otra forma. La  &#8230; temporada se ha puesto especialmente cruenta y las sustituciones de Morante, como antes fueron las de Marco P\u00e9rez y ahora las de Manzanares, eran piezas de primer orden, para unos como noticia para otros como tabla de salvaci\u00f3n, una oportunidad. \u00bfQui\u00e9n le sustituye?&#8230; Esa era la gran pregunta circulante y recurrente con periodistas y apoderados movilizados a la caza de las vacantes de \u00faltima hora. <\/p>\n<p class=\"v-p\">David de Miranda, Borja Jim\u00e9nez, Aguado, Rufo o chicos j\u00f3venes como Ismael Mart\u00edn o el todav\u00eda m\u00e1s joven Manolo Caballero, el albacete\u00f1o que con la alternativa anunciada en Hell\u00edn decidi\u00f3 coger el toro por los cuernos o, lo que es lo mismo,, adelantar el evento y coger la sustituci\u00f3n de Morante para doctorarse en su propia casa, han sido los principales beneficiarios. Ya se sabe, unos las firman y otros las torean. No se trata de falta de sentimientos ni caballerosidad, esa, aunque poco deseada es una de las escasas rendijas que deja el sistema actual para que los j\u00f3venes, menos j\u00f3venes y meritorios en general puedan escapar de la tierra de nadie y saltar a la arena para convertir en realidad sus reivindicaciones. <\/p>\n<p class=\"v-p\">No se trata de una novedad ni tampoco es solo una cuesti\u00f3n de estad\u00edstica, que tambi\u00e9n, aquello de a m\u00e1s toros m\u00e1s percances es inevitable; los mayores dec\u00edan, es otro argumento, que en septiembre, con una hierba de m\u00e1s, los toros ten\u00edan otro car\u00e1cter y otro sentido. Sea por fas o nefas, la realidad es que llegados a este tramo de temporada todo comienza a pesar m\u00e1s, pesa el toro, pesan los percances graves, pero tambi\u00e9n los menores que minan poco a poco la fortaleza de los lidiadores y se abre un horizonte de esperanza para aquellos que andaban a la espera cuando todav\u00eda faltan puertos importantes, Sevilla, Madrid, Zaragoza, plazas de primera con el toro de primera y los efectos de primera.<\/p>\n<p><a href=\"http:\/\/www.lasprovincias.es\/culturas\/toros-bilbao-tapabocas-20250824093118-nt.html#vtm_modulosEngag=mod-rel:culturas:noticia:1:cmp:1-not\" class=\"v-a-link\" aria-label=\"Imagen\" rel=\"nofollow noopener\" target=\"_blank\"><\/p>\n<p><img decoding=\"async\" loading=\"lazy\" src=\"https:\/\/www.europesays.com\/es\/wp-content\/uploads\/2025\/09\/toros1-kzkD--366x256@Las Provincias.jpg\" class=\"v-a-img\" width=\"258\" height=\"180\" alt=\"\" data-voc-vtm-id=\"in-text-traffic\"\/><\/p>\n<p><\/a><\/p>\n<p class=\"v-p\">En ese ambiente reapareci\u00f3 Morante, lo hizo en Salamanca tal como hab\u00eda avisado cuando las fuerzas y el \u00e1nimo le invitaron a parar para susto de las empresas y disgusto de los aficionados, y lo hizo con la l\u00f3gica propia de los de su g\u00e9nero: dibuj\u00f3 cosas hermosas, tuvo detalles de su innata torer\u00eda y seguidamente sainete\u00f3 en su segundo a cambio de una gran bronca. No pasa nada, de grandes broncas est\u00e1n las leyendas llenas. Otra cosa, la regularidad, la plenitud, el valor y el dejar que los toros te pasen tan cerca como ha venido haciendo este Morante los \u00faltimos tiempos, va contra natura y a favor de su leyenda. As\u00ed que tranquilidad, el interruptus de Salamanca, dados los antecedentes, no parece nada definitivo.<\/p>\n<p>Faltan toros<\/p>\n<p class=\"v-p\">El aspecto ganadero tampoco escapa a la tensi\u00f3n. Faltan toros. De tal manera que corridas y divisas que en un principio no contaban con el benepl\u00e1cito ni de empresas ni de figuras van encontrando acomodo. La prueba son los muchos carteles de corridas de post\u00edn que ya de entrada anuncian toros de dos y tres divisas diferentes como soluci\u00f3n para completar un encierro. Y no es cuesti\u00f3n de econom\u00eda, sucede hasta en el mismo Madrid, coso donde todos quieren ir y donde se pagan los toros como en ninguna otra parte. El problema no acaba aqu\u00ed, el a\u00f1o que viene la escasez todav\u00eda ser\u00e1 mayor. Es la resaca de la pandemia. <\/p>\n<p class=\"v-p\">Los ganaderos, ante una situaci\u00f3n como la que se vivi\u00f3 en 2020 con las plazas cerradas, sin fecha para volver a la normalidad y los costos de producci\u00f3n inamovibles (los toros segu\u00edan comiendo) las perspectivas eran terribles, tanto que se vieron en la necesidad de reducir las vacadas. Las consecuencias fueron diversas y de distinto signo: se eliminaron las vacas de menos nota con lo cual hubo una mejora en la selecci\u00f3n; se redujo la producci\u00f3n y se equilibr\u00f3 econ\u00f3micamente el mercado de un sector que hab\u00eda estado sufriendo casi en exclusiva la crisis de las plazas y como contrapartida ahora nos vemos con los carteles remendados. Nunca llueve a gusto de todos, en el campo ni siquiera llueve.<\/p>\n<p>Setmana Taurina: una cita inaplazable<\/p>\n<p class=\"v-p\">\nHay tradiciones y citas que se demuestran invencibles e inaplazables. Es la fuerza de las ra\u00edces. Y es el caso de la Setmana Taurina de Algemes\u00ed que pese a la maldita DANA que tanto dolor y p\u00e9rdidas econ\u00f3micas trajo a la zona, ha mantenido en pie su cita anual. Ayer, a la hora convenida, con todas las improvisaciones necesarias, teniendo en cuenta que la subasta de los cadafals se redujo en un treinta y cinco por ciento, el ingenioso coso de la plaza Mayor estaba en riguroso estado de revista para celebrar una semifinal del Certamen de Novilladas de la Comunidad y arrancar la Setmana. Este a\u00f1o el abono lo componen nada menos que seis novilladas picadas, un festival ben\u00e9fico, dos festejos de promoci\u00f3n y una clase pr\u00e1ctica con las siguientes combinaciones a partir de hoy:\n<\/p>\n<p class=\"v-p\">\nDomingo 21. Matinal, erales de Pujol G\u00f3mez para Jorge Escamilla, Pablo Torres, Juan de Roc\u00edo y V\u00edctor Roig. Y en horario vespertino novillos de Lagunajanda para Emilio Garc\u00eda Torres y Marco Polope\n<\/p>\n<p class=\"v-p\">\nLunes 22. Erales de Daniel Ramos para Pedro de la Hermosa, Manuel Mart\u00ednez, \u00c1lvaro Castillo, Ian Bermejo e Israel Guirao.\n<\/p>\n<p class=\"v-p\">\nMartes 23. Erales de Castillo de Azuel para Manuel Quintana, Esteban Gordillo, Manuel Fuentes, Hugo Masi\u00e1 y Daniel Garc\u00eda.\n<\/p>\n<p class=\"v-p\">\nMi\u00e9rcoles 24. Novillos de Cebada Gago para Borja Escudero y \u00c1lvaro Serrano.\n<\/p>\n<p class=\"v-p\">\nJueves 25. Novillos de \u00c1ngel G\u00f3mez N\u00fa\u00f1ez para Tom\u00e1s Bastos y Juan Alberto Torrijos.\n<\/p>\n<p class=\"v-p\">\nViernes 26. Novillos de San Isidro para Mart\u00edn Morilla y Julio Norte.\n<\/p>\n<p class=\"v-p\">\nS\u00e1bado 27. Novillos de Jos\u00e9 Cruz para El Mene y Juan Alberto Torrijos.\n<\/p>\n<p class=\"v-p\">\nDomingo 28. Festival con picadores a beneficio de los damnificados por la DANA. Novillos de El Arroyo, Guadalmena, Moreno P\u00e9rez-Tabernero, Pablo Hermoso de Mendoza y \u00c1ngel G\u00f3mez N\u00fa\u00f1ez para el rejoneador Pablo Donat y los diestros V\u00edctor Manuel Bl\u00e1zquez, Rub\u00e9n Pinar, Samuel, Naval\u00f3n, Nek Romero e Iker Rodr\u00edguez.<\/p>\n","protected":false},"excerpt":{"rendered":"La gente del toro ha vivido los \u00faltimos d\u00edas colgada de m\u00f3viles y redes \u00e1vida de noticias. No&hellip;\n","protected":false},"author":2,"featured_media":128441,"comment_status":"","ping_status":"","sticky":false,"template":"","format":"standard","meta":{"footnotes":""},"categories":[277],"tags":[2359,373,168,25,24,4645,8449,29871,23,167,374],"class_list":{"0":"post-128440","1":"post","2":"type-post","3":"status-publish","4":"format-standard","5":"has-post-thumbnail","7":"category-toreo","8":"tag-broncas","9":"tag-bullfighting","10":"tag-deportes","11":"tag-es","12":"tag-espana","13":"tag-grandes","14":"tag-leyendas","15":"tag-llenas","16":"tag-spain","17":"tag-sports","18":"tag-toreo"},"share_on_mastodon":{"url":"","error":""},"_links":{"self":[{"href":"https:\/\/www.europesays.com\/es\/wp-json\/wp\/v2\/posts\/128440","targetHints":{"allow":["GET"]}}],"collection":[{"href":"https:\/\/www.europesays.com\/es\/wp-json\/wp\/v2\/posts"}],"about":[{"href":"https:\/\/www.europesays.com\/es\/wp-json\/wp\/v2\/types\/post"}],"author":[{"embeddable":true,"href":"https:\/\/www.europesays.com\/es\/wp-json\/wp\/v2\/users\/2"}],"replies":[{"embeddable":true,"href":"https:\/\/www.europesays.com\/es\/wp-json\/wp\/v2\/comments?post=128440"}],"version-history":[{"count":0,"href":"https:\/\/www.europesays.com\/es\/wp-json\/wp\/v2\/posts\/128440\/revisions"}],"wp:featuredmedia":[{"embeddable":true,"href":"https:\/\/www.europesays.com\/es\/wp-json\/wp\/v2\/media\/128441"}],"wp:attachment":[{"href":"https:\/\/www.europesays.com\/es\/wp-json\/wp\/v2\/media?parent=128440"}],"wp:term":[{"taxonomy":"category","embeddable":true,"href":"https:\/\/www.europesays.com\/es\/wp-json\/wp\/v2\/categories?post=128440"},{"taxonomy":"post_tag","embeddable":true,"href":"https:\/\/www.europesays.com\/es\/wp-json\/wp\/v2\/tags?post=128440"}],"curies":[{"name":"wp","href":"https:\/\/api.w.org\/{rel}","templated":true}]}}