{"id":128454,"date":"2025-09-20T23:49:19","date_gmt":"2025-09-20T23:49:19","guid":{"rendered":"https:\/\/www.europesays.com\/es\/128454\/"},"modified":"2025-09-20T23:49:19","modified_gmt":"2025-09-20T23:49:19","slug":"asi-se-transformo-un-piso-modernista-de-110-m%c2%b2-en-barcelona-en-un-hogar-lleno-de-luz-amplitud-y-encanto-familiar","status":"publish","type":"post","link":"https:\/\/www.europesays.com\/es\/128454\/","title":{"rendered":"As\u00ed se transform\u00f3 un piso modernista de 110 m\u00b2 en Barcelona en un hogar lleno de luz, amplitud y encanto familiar"},"content":{"rendered":"<p id=\"e-Uf5SvxUK\" data-wc=\"63\">En pleno Eixample de Barcelona, Amina y Antonio \u2014al frente del proyecto inmobiliario y estudio de reformas Vive con Gracia\u2014 han dado nueva vida a un piso modernista de 110 m\u00b2. Su proyecto <strong>ha conservado los\u00a0<\/strong><a class=\"hm-link ho-link\" href=\"https:\/\/www.hola.com\/decoracion\/20250813849424\/suelo-hidraulico-mosaico-nolla-tendencia-nu\/\" data-mrf-recirculation=\"article-body-link\" rel=\"nofollow noopener\" target=\"_blank\">suelos hidr\u00e1ulicos<\/a><strong>, las\u00a0<\/strong><a class=\"hm-link ho-link\" href=\"https:\/\/www.hola.com\/decoracion\/20220902216138\/molduras-techos-paredes-tendencia-nu\/\" data-mrf-recirculation=\"article-body-link\" rel=\"nofollow noopener\" target=\"_blank\">molduras de techo<\/a><strong>\u00a0y la\u00a0<\/strong><a class=\"hm-link ho-link\" href=\"https:\/\/www.hola.com\/decoracion\/20250129809806\/10-proyectos-interiorismo-donde-carpinteria-es-pura-inspiracion\/\" data-mrf-recirculation=\"article-body-link\" rel=\"nofollow noopener\" target=\"_blank\">carpinter\u00eda original<\/a><strong>, como gui\u00f1os al pasado modernista<\/strong>, haciendo que convivan con una distribuci\u00f3n abierta que respira luz y amplitud.\u00a0<\/p>\n<p>110<\/p>\n<p>  <img src=\"https:\/\/www.europesays.com\/es\/wp-content\/uploads\/2025\/09\/b2ddf6119dc2-09cubroaminacamilleri.jpg\"   width=\"1080\" height=\"1800\" loading=\"lazy\" decoding=\"async\" alt=\"Sal\u00f3n\" fetchpriority=\"auto\" class=\"image ho-image\"\/>\u00a9 Germ\u00e1n S\u00e1iz<\/p>\n<p> Mucha personalidad para un piso familiar<\/p>\n<p id=\"e22GHjnraa_\">En este piso se combina historia y modernidad. Aqu\u00ed, la <a class=\"hm-link ho-link\" href=\"https:\/\/www.hola.com\/decoracion\/20250408824866\/cocinas-tendencias-casa-decor-2025\/\" data-mrf-recirculation=\"article-body-link\" rel=\"nofollow noopener\" target=\"_blank\">cocina es el coraz\u00f3n social de la casa<\/a> y cada rinc\u00f3n tiene un prop\u00f3sito. Antonio y Amina y sus hijos Dante y Giulietta Aurora son los que disfrutan de este espacio. Amina Camiller es dise\u00f1adora de interiores e impulsora \u2014junto a Antonio\u2014 del estudio Vive con Gracia (@vivecongracia_), especializado en reformas que combinan la <strong>conservaci\u00f3n de elementos originales<\/strong> con una distribuci\u00f3n moderna e inteligente.\u00a0<\/p>\n<p id=\"eML6M9fIcf\">Este es el sal\u00f3n, una de las dos zonas de estar de la vivienda, que ocupan parte de la zona social de la casa, donde tambi\u00e9n se encuentran el comedor y la cocina. Detr\u00e1s del sof\u00e1 se asoma una estanter\u00eda abierta que remata el frente de la cocina. El estilo de la casa \u00abes una fusi\u00f3n entre el dise\u00f1o cl\u00e1sico modernista y <strong>elementos contempor\u00e1neos, con referencias a la elegancia inglesa<\/strong>, pero adaptado con materiales m\u00e1s neutros para aportar calidez y serenidad. El enfoque est\u00e1 lleno de color, personalidad y funcionalidad, cuidando que cada rinc\u00f3n tenga un prop\u00f3sito tanto est\u00e9tico como pr\u00e1ctico\u00bb, explican. Sof\u00e1 azul de Westwing.<\/p>\n<p>210<\/p>\n<p>  <img src=\"https:\/\/www.europesays.com\/es\/wp-content\/uploads\/2025\/09\/269489dfb70d-07cubroaminacamilleri.jpg\"   width=\"1080\" height=\"1800\" loading=\"lazy\" decoding=\"async\" alt=\"Sal\u00f3n con rinc\u00f3n de lectura\" fetchpriority=\"auto\" class=\"image ho-image\"\/>\u00a9 Germ\u00e1n S\u00e1iz<\/p>\n<p> Un interiorismo original, cargado de historia, personalidad, dise\u00f1o y toques en color<\/p>\n<p id=\"ejRwyTzerp\">Este es <a class=\"hm-link ho-link\" href=\"https:\/\/www.hola.com\/decoracion\/20240319250851\/muebles-con-personalidad-casa-am\/\" data-mrf-recirculation=\"article-body-link\" rel=\"nofollow noopener\" target=\"_blank\">su propio hogar<\/a>, un piso ubicado en un edificio modernista ubicado en el barrio del Eixample de Barcelona. 110 m\u00b2 renovados para la familia. \u201cHemos dise\u00f1ado nuestro hogar pensando en cada detalle, creando un <strong>espacio acogedor, amplio y luminoso\u00a0<\/strong>que nos permita disfrutar plenamente de esta nueva etapa. Quer\u00edamos <strong>un lugar donde el dise\u00f1o y la funcionalidad fueran de la mano<\/strong>, y donde cada rinc\u00f3n tuviera un prop\u00f3sito, reflejando nuestra manera de vivir y compartir el d\u00eda a d\u00eda en familia\u00bb, indican los fundadores de Vive con Gracia.<\/p>\n<p id=\"euAXMbIF-QE\">Este es otro rinc\u00f3n de la zona de estar donde no faltan los <a class=\"hm-link ho-link\" href=\"https:\/\/www.hola.com\/decoracion\/20250114740845\/trucos-transformar-toque-color-dormitorio-paredes-blancas\/\" data-mrf-recirculation=\"article-body-link\" rel=\"nofollow noopener\" target=\"_blank\">toques de color<\/a>. En s\u00ed, la construcci\u00f3n tiene el encanto de los techos elevados, las ventanas verticales con contraventanas, molduras y suelo hidr\u00e1ulico. Una base perfecta, repleta de matices, sobre la que crear el hogar de sus sue\u00f1os. Mesa de centro de The Masie. Butaca del atelier de Miki Beumala. Las l\u00e1mparas son de tiendas vintage.<\/p>\n<p>310<\/p>\n<p>  <img src=\"https:\/\/www.europesays.com\/es\/wp-content\/uploads\/2025\/09\/8a561f82a2ee-08cubroaminacamilleri.jpg\"   width=\"1080\" height=\"1800\" loading=\"lazy\" decoding=\"async\" alt=\"Doble zona de estar comunicada\" fetchpriority=\"auto\" class=\"image ho-image\"\/>\u00a9 Germ\u00e1n S\u00e1iz<\/p>\n<p> Dos espacios de estar comunicados<\/p>\n<p id=\"e6pkCJNyyN1\">\u00abLa vivienda fue cuidadosamente restaurada con la intenci\u00f3n de <a class=\"hm-link ho-link\" href=\"https:\/\/www.hola.com\/decoracion\/20240124246768\/elementos-arquitectonicos-para-recuperar-reforma-casa-nu\/\" data-mrf-recirculation=\"article-body-link\" rel=\"nofollow noopener\" target=\"_blank\">preservar sus elementos originales<\/a>. Se conservaron los <strong>suelos hidr\u00e1ulicos de mosaico\u00a0<\/strong>que son diferentes en cada habitaci\u00f3n, las molduras decorativas del techo, y la carpinter\u00eda de madera original\u00bb, explican los propietarios y fundadores del estudio Vive con Gracia. Adem\u00e1s, la distribuci\u00f3n se modific\u00f3 para conseguir m\u00e1s amplitud y luz natural.<\/p>\n<p id=\"eVQ8D10-Q6O\">Esta imagen muestra el paso de una zona de estar a otra. Y es que la vivienda cuenta con una<strong>\u00a0primera zona de estar muy amplia y abierta<\/strong> donde se ubica la cocina y el comedor. Y al lado una <strong>s<\/strong><strong>ala de estar o sal\u00f3n de juegos<\/strong>, separada de la zona com\u00fan, \u00abpara poder tener un espacio cerrado que facilite la convivencia con ni\u00f1os\u00bb, indican.\u00a0<\/p>\n<p>410<\/p>\n<p>  <img src=\"https:\/\/www.europesays.com\/es\/wp-content\/uploads\/2025\/09\/5ec2172a2173-05cubroaminacamilleri.jpg\"   width=\"1080\" height=\"1800\" loading=\"lazy\" decoding=\"async\" alt=\"Comedor\" fetchpriority=\"auto\" class=\"image ho-image\"\/>\u00a9 Germ\u00e1n S\u00e1iz<\/p>\n<p> Comedor bien enmarcado<\/p>\n<p id=\"eUcr_seqUk\">Especialmente en la zona de d\u00eda <strong>se prioriz\u00f3 la funcionalidad y fluidez de los espacios<\/strong>, eliminando barreras f\u00edsicas. Este es un detalle del comedor, que queda delante de la <a class=\"hm-link ho-link\" href=\"https:\/\/www.hola.com\/decoracion\/20221028219878\/cocinas-con-isla-para-copiar-il\/\" data-mrf-recirculation=\"article-body-link\" rel=\"nofollow noopener\" target=\"_blank\">isla de la cocina<\/a> y junto al sal\u00f3n. Los grandes ventanales enmarcan el espacio con clasicismo. Con una mesa en azul intenso, la modernidad convive claramente en el espacio. Es de Antique Boutique y las sillas de Kave Home.<\/p>\n<p>510<\/p>\n<p>  <img src=\"https:\/\/www.europesays.com\/es\/wp-content\/uploads\/2025\/09\/e32fc07ccdbc-06cubroaminacamilleri.jpg\"   width=\"1080\" height=\"1800\" loading=\"lazy\" decoding=\"async\" alt=\"Cocina abierta al comedor\" fetchpriority=\"auto\" class=\"image ho-image\"\/>\u00a9 Germ\u00e1n S\u00e1iz<\/p>\n<p> Cocina con isla, abierta al sal\u00f3n-comedor<\/p>\n<p id=\"egsc1V1FMd3\">Aqu\u00ed se aprecia el detalle de los suelos hidr\u00e1ulicos originales, que fueron conservados como parte <strong>clave del encanto del piso y protagonistas del dise\u00f1o<\/strong>. Tambi\u00e9n los <a class=\"hm-link ho-link\" href=\"https:\/\/www.hola.com\/decoracion\/20220909216230\/ideas-decoracion-aprovechar-techo-alto-am\/\" data-mrf-recirculation=\"article-body-link\" rel=\"nofollow noopener\" target=\"_blank\">techos altos<\/a> son caracter\u00edsticos de construcciones antiguas y modernistas, y se han conservado en este proyecto junto con sus molduras ornamentadas originales, reforzando la identidad cl\u00e1sica del espacio.<\/p>\n<p id=\"erUHW4qu2KS\">\u00abDesde el principio, quisimos que la <strong>cocina tuviera un rol protagonista en nuestra zona de d\u00eda<\/strong>, pero sin que diera la sensaci\u00f3n de ser una cocina convencional. La idea era que se fusionara con el sal\u00f3n y el comedor, creando un espacio fluido y acogedor. Optamos por una distribuci\u00f3n que permite delimitar las \u00e1reas sin necesidad de paredes ni separaciones f\u00edsicas, haciendo que todo el <a class=\"hm-link ho-link\" href=\"https:\/\/www.hola.com\/decoracion\/20240513253628\/ideas-para-conectar-ambientes-am\/\" data-mrf-recirculation=\"article-body-link\" rel=\"nofollow noopener\" target=\"_blank\">espacio se sienta conectado<\/a> y permitiendo que cada uno est\u00e9 a su aire, pero siempre juntos\u00bb, detallan los art\u00edfices del proyecto.<\/p>\n<p>610<\/p>\n<p>  <img src=\"https:\/\/www.europesays.com\/es\/wp-content\/uploads\/2025\/09\/ba5bfd2da9ff-04cubroaminacamilleri.jpg\"   width=\"1080\" height=\"1800\" loading=\"lazy\" decoding=\"async\" alt=\"Cocina\" fetchpriority=\"auto\" class=\"image ho-image\"\/>\u00a9 Germ\u00e1n S\u00e1iz<\/p>\n<p> Cocina abierta de madera de cerezo<\/p>\n<p id=\"eZs-XRb6enu\">La cocina es de CUBRO, en acabado en madera natural de cerezo, de la gama Wood. Se buscaba un mueble que no se percibiese como una cocina al uso si no que fuera <strong>un mueble m\u00e1s del amplio espacio<\/strong>. La madera es perfecta para dar calidez y hacer que una cocina pueda percibirse tambi\u00e9n en un mueble de almacenamiento.\u00a0<\/p>\n<p id=\"e-UD3VSl3P\">Adosado a la pared, un frente lineal con un nicho donde se ubica el horno y el fregadero y acaba con una estanter\u00eda abierta que queda detr\u00e1s del sof\u00e1. Los tiradores son el modelo Square. La encimera es de piedra natural y el frente de encimera se reviste en acabado espejo. \u00abDesde el dise\u00f1o, <strong>imaginamos la cocina como un espacio socia<\/strong><strong>l<\/strong>, tanto para el d\u00eda a d\u00eda como para cuando recibimos amigos, y la realidad ha superado nuestras expectativas. Se haconvertido en un punto de encuentro donde convivimos, cocinamos y disfrutamos juntos, justo como lo so\u00f1\u00e1bamos\u00bb, indican Amina y Antonio.\u00a0<\/p>\n<p>710<\/p>\n<p>  <img src=\"https:\/\/www.europesays.com\/es\/wp-content\/uploads\/2025\/09\/58a99458d832-16cubroaminacamilleri.jpg\"   width=\"1080\" height=\"1800\" loading=\"lazy\" decoding=\"async\" alt=\"Recibidor\" fetchpriority=\"auto\" class=\"image ho-image\"\/>\u00a9 Germ\u00e1n S\u00e1iz<\/p>\n<p> La entrada a la vivienda<\/p>\n<p id=\"ejFDRlDHeOI\">El <a class=\"hm-link ho-link\" href=\"https:\/\/www.hola.com\/decoracion\/20250710843281\/armarios-integrados-dormitorio-ideas-lm\/\" data-mrf-recirculation=\"article-body-link\" rel=\"nofollow noopener\" target=\"_blank\">armario es una pieza de carpinter\u00eda<\/a><strong>\u00a0lacada<\/strong> en el mismo color que el mueble del ba\u00f1o. Se encuentra en una zona de recibidor y act\u00faa como mueble de servicio para esta \u00e1rea y como estructura que contiene el ba\u00f1o de los ni\u00f1os. En este espacio distribuidor se aprecian tambi\u00e9n unos espejos verticales, que en realidad son puertas de armario integradas en el tabique.\u00a0<\/p>\n<p id=\"eim4fZ6MeC4\">\u00abEs lo que ves nada m\u00e1s entrar a la casa y poner unas <strong>puertas de espejo<\/strong> daba luminosidad al pasillo principal y alargaba el espacio\u00bb, se\u00f1alan Amina y Antonio. Banco tapizado, de The Masie; y aplique de la pared, de Kave Home.\u00a0<\/p>\n<p>810<\/p>\n<p>  <img src=\"https:\/\/www.europesays.com\/es\/wp-content\/uploads\/2025\/09\/faf576ebe5b3-11cubroaminacamilleri.jpg\"   width=\"1080\" height=\"1800\" loading=\"lazy\" decoding=\"async\" alt=\"Pasillo\" fetchpriority=\"auto\" class=\"image ho-image\"\/>\u00a9 Germ\u00e1n S\u00e1iz<\/p>\n<p> Espacio distribuidor<\/p>\n<p id=\"eDRgHVv1Jm1\">Con la presencia de esos suelos especiales, las molduras del techo y la altura excepcional que prolonga vanos y y puertas de paso (lacadas en un suave tono con matices azulados), el <a class=\"hm-link ho-link\" href=\"https:\/\/www.hola.com\/decoracion\/20221003217711\/recibidores-zonas-de-paso-ideas-decoracion-am\/\" data-mrf-recirculation=\"article-body-link\" rel=\"nofollow noopener\" target=\"_blank\">distribuidor da paso a los dormitorios<\/a> en esta vivienda.\u00a0<\/p>\n<p>910<\/p>\n<p>  <img src=\"https:\/\/www.europesays.com\/es\/wp-content\/uploads\/2025\/09\/bfa49bab40f8-montaje-dormitorio-01-cubro.jpg\"   width=\"1920\" height=\"1080\" loading=\"lazy\" decoding=\"async\" alt=\"Ba\u00f1o y dormitorio\" fetchpriority=\"auto\" class=\"image ho-image\"\/>\u00a9 Germ\u00e1n S\u00e1iz<\/p>\n<p> El dormitorio principal coordinado en color con el ba\u00f1o<\/p>\n<p id=\"e72n2ZnxASV\">El dormitorio principal resulta muy elegante por la combinaci\u00f3n de colores elegida: por un lado, los neutros que aportan calma y luminosidad y, por otro, un <strong>color caldera sereno e intenso, extrac\u00e1lido<\/strong>; que pone la nota personal m\u00e1s elegante en el espacio. Las l\u00e1mparas aportan aqu\u00ed un <strong>toque de hotel\u00a0<\/strong><strong>boutique<\/strong><strong>, y provienen de un mercadillo<\/strong><strong>\u00a0vintage\u00a0<\/strong><strong>de Mil\u00e1n<\/strong>.<strong>\u00a0<\/strong><\/p>\n<p id=\"e1b8CdpKV-3\">Destaca el <a class=\"hm-link ho-link\" href=\"https:\/\/www.hola.com\/decoracion\/20220811213476\/zocalos-habitaciones-infantiles-proteger-pared-am\/\" data-mrf-recirculation=\"article-body-link\" rel=\"nofollow noopener\" target=\"_blank\">z\u00f3calo de la pared<\/a> con molduras integradas, que act\u00faa como cabecero; realizado a medida. En la imagen de la derecha se aprecia el mueble del lavabo en el ba\u00f1o. Se apuesta por las mismas tonalidades para crear sensaci\u00f3n de continuidad. Los interruptores son de la firma Fontina. Silla de The Masie y mesita de noche de Zara Home.<\/p>\n<p>1010<\/p>\n<p>  <img src=\"https:\/\/www.europesays.com\/es\/wp-content\/uploads\/2025\/09\/348bdf9961a0-15cubroaminacamilleri.jpg\"   width=\"1080\" height=\"1800\" loading=\"lazy\" decoding=\"async\" alt=\"Ba\u00f1o decorado en color verde\" fetchpriority=\"auto\" class=\"image ho-image\"\/>\u00a9 Germ\u00e1n S\u00e1iz<\/p>\n<p> Ba\u00f1o infantil en verde pino<\/p>\n<p id=\"evW2ongQd1\">El ba\u00f1o de los ni\u00f1os <a class=\"hm-link ho-link\" href=\"https:\/\/www.hola.com\/decoracion\/20250902852128\/nuevas-tendencias-ceramica-decoracion-entrevista-am\/\" data-mrf-recirculation=\"article-body-link\" rel=\"nofollow noopener\" target=\"_blank\">se reviste en cer\u00e1mica<\/a> en color verde pino \u2014de 41zero42\u2014 en la zona de la ba\u00f1era, delimitada por la forma en arco del acceso. Aqu\u00ed es el <strong>color verde el que define el espacio<\/strong>, desde la puerta de acceso a los revestimientos y mobiliario, como el mueble del lavabo \u2014de la firma CUBRO\u2014 en laca a juego y tiradores de madera. El resultado es un <strong>ba\u00f1o fresco, divertido y muy coherente con el resto de la casa<\/strong>.\u00a0<\/p>\n","protected":false},"excerpt":{"rendered":"En pleno Eixample de Barcelona, Amina y Antonio \u2014al frente del proyecto inmobiliario y estudio de reformas Vive&hellip;\n","protected":false},"author":2,"featured_media":128455,"comment_status":"","ping_status":"","sticky":false,"template":"","format":"standard","meta":{"footnotes":""},"categories":[173],"tags":[229,233,231,230,8372,14046,232,234,146,147,25,24,6120,23],"class_list":{"0":"post-128454","1":"post","2":"type-post","3":"status-publish","4":"format-standard","5":"has-post-thumbnail","7":"category-arte-y-diseno","8":"tag-arte","9":"tag-arte-y-diseno","10":"tag-arts","11":"tag-arts-and-design","12":"tag-decoracion","13":"tag-decoracion-de-interiores","14":"tag-design","15":"tag-diseno","16":"tag-entertainment","17":"tag-entretenimiento","18":"tag-es","19":"tag-espana","20":"tag-reformas","21":"tag-spain"},"share_on_mastodon":{"url":"","error":""},"_links":{"self":[{"href":"https:\/\/www.europesays.com\/es\/wp-json\/wp\/v2\/posts\/128454","targetHints":{"allow":["GET"]}}],"collection":[{"href":"https:\/\/www.europesays.com\/es\/wp-json\/wp\/v2\/posts"}],"about":[{"href":"https:\/\/www.europesays.com\/es\/wp-json\/wp\/v2\/types\/post"}],"author":[{"embeddable":true,"href":"https:\/\/www.europesays.com\/es\/wp-json\/wp\/v2\/users\/2"}],"replies":[{"embeddable":true,"href":"https:\/\/www.europesays.com\/es\/wp-json\/wp\/v2\/comments?post=128454"}],"version-history":[{"count":0,"href":"https:\/\/www.europesays.com\/es\/wp-json\/wp\/v2\/posts\/128454\/revisions"}],"wp:featuredmedia":[{"embeddable":true,"href":"https:\/\/www.europesays.com\/es\/wp-json\/wp\/v2\/media\/128455"}],"wp:attachment":[{"href":"https:\/\/www.europesays.com\/es\/wp-json\/wp\/v2\/media?parent=128454"}],"wp:term":[{"taxonomy":"category","embeddable":true,"href":"https:\/\/www.europesays.com\/es\/wp-json\/wp\/v2\/categories?post=128454"},{"taxonomy":"post_tag","embeddable":true,"href":"https:\/\/www.europesays.com\/es\/wp-json\/wp\/v2\/tags?post=128454"}],"curies":[{"name":"wp","href":"https:\/\/api.w.org\/{rel}","templated":true}]}}