{"id":128464,"date":"2025-09-20T23:59:04","date_gmt":"2025-09-20T23:59:04","guid":{"rendered":"https:\/\/www.europesays.com\/es\/128464\/"},"modified":"2025-09-20T23:59:04","modified_gmt":"2025-09-20T23:59:04","slug":"guerra-ucrania-rusia-en-directo-20","status":"publish","type":"post","link":"https:\/\/www.europesays.com\/es\/128464\/","title":{"rendered":"Guerra Ucrania &#8211; Rusia en directo"},"content":{"rendered":"<p><strong>Zelenski asegura que Europa est\u00e1 cumpliendo con sus sanciones a Mosc\u00fa y espera \u00abmedidas contundentes\u00bb de Estados Unidos<\/strong><\/p>\n<p>\u00a0<\/p>\n<p>El presidente ucraniano, Volod\u00edmir Zelenski, ha valorado de forma positiva en su discurso diario que Europa pronto aprobar\u00e1 el\u00a019.\u00ba paquete de sanciones, que, asegura,\u00a0sincronizar\u00e1n\u00a0\u00abr\u00e1pidamente\u00bb en Ucrania. \u00ab<strong>Los recursos energ\u00e9ticos de Rusia est\u00e1n siendo restringidos<\/strong>. La infraestructura de la \u00abflota en la sombra\u00bb se enfrentar\u00e1 a nuevas presiones. Europa tambi\u00e9n contrarrestar\u00e1 las estrategias de criptomonedas utilizadas por Rusia para eludir las sanciones\u00bb, ha enumerado Zelenski para agradecer a la Comisi\u00f3n Europea, que haya tenido en cuenta muchas de sus propuestas.<\/p>\n<p>\u00a0<\/p>\n<p>\u00abAhora esperamos tambi\u00e9n medidas contundentes de Estados Unidos; Europa est\u00e1 haciendo su parte\u00bb, ha destacado Zelenski, que ha a\u00f1adido que\u00a0\u00abtodo el mundo puede ver ahora la injerencia rusa: contra Polonia y ayer contra Estonia\u00bb.<\/p>\n<p>\u00a0<\/p>\n<p>El mandatario ucraniano asegura que \u00abestos no son incidentes accidentales\u00bb y\u00a0Rusia \u00abseguir\u00e1 intentando extender su agresi\u00f3n, desestabilizaci\u00f3n e injerencia\u00bb, porque, seg\u00fan \u00e9l,\u00a0este es su sistema. \u00abHay que contrarrestarlo, tambi\u00e9n de forma sist\u00e9mica y conjunta. Agradezco a todos los que est\u00e1n colaborando\u00bb, ha concluido.<\/p>\n<blockquote class=\"twitter-tweet\" data-media-max-width=\"560\"><p>&#13;<\/p>\n<p dir=\"ltr\" lang=\"en\">\u201cThis week brought us closer to finalizing the 19th sanctions package \u2013 we expect its approval soon. We will quickly synchronize the package in Ukraine. Russia\u2019s energy resources are being restricted. The infrastructure of the \u201cshadow fleet\u201d will face new pressure. Cryptocurrency\u2026 <a href=\"https:\/\/t.co\/JzgvsQQHHQ\" rel=\"nofollow\">pic.twitter.com\/JzgvsQQHHQ<\/a>\u201c<\/p>\n<p>&#13;<br \/>\n\u2014 Volodymyr Zelenskyy \/ \u00bf\u00bf\u00bf\u00bf\u00bf\u00bf\u00bf\u00bf\u00bf \u00bf\u00bf\u00bf\u00bf\u00bf\u00bf\u00bf\u00bf\u00bf\u00bf (@ZelenskyyUa) <a href=\"https:\/\/twitter.com\/ZelenskyyUa\/status\/1969446509377962168?ref_src=twsrc%5Etfw\" rel=\"nofollow noopener\" target=\"_blank\">September 20, 2025<\/a><\/p><\/blockquote>\n<p>                    <script async src=\"https:\/\/platform.twitter.com\/widgets.js\" charset=\"utf-8\"><\/script><\/p>\n","protected":false},"excerpt":{"rendered":"Zelenski asegura que Europa est\u00e1 cumpliendo con sus sanciones a Mosc\u00fa y espera \u00abmedidas contundentes\u00bb de Estados Unidos&hellip;\n","protected":false},"author":2,"featured_media":128465,"comment_status":"","ping_status":"","sticky":false,"template":"","format":"standard","meta":{"footnotes":""},"categories":[42],"tags":[17,18,13,14,11,61,62,63,64,19,20,9,10,15,16,12,21,22,65,66,67],"class_list":{"0":"post-128464","1":"post","2":"type-post","3":"status-publish","4":"format-standard","5":"has-post-thumbnail","7":"category-internacional","8":"tag-breaking-news","9":"tag-breakingnews","10":"tag-featured-news","11":"tag-featurednews","12":"tag-headlines","13":"tag-internacional","14":"tag-international","15":"tag-international-news","16":"tag-internationalnews","17":"tag-latest-news","18":"tag-latestnews","19":"tag-news","20":"tag-noticias","21":"tag-noticias-destacadas","22":"tag-noticiasdestacadas","23":"tag-titulares","24":"tag-ultimas-noticias","25":"tag-ultimasnoticias","26":"tag-world","27":"tag-world-news","28":"tag-worldnews"},"share_on_mastodon":{"url":"","error":""},"_links":{"self":[{"href":"https:\/\/www.europesays.com\/es\/wp-json\/wp\/v2\/posts\/128464","targetHints":{"allow":["GET"]}}],"collection":[{"href":"https:\/\/www.europesays.com\/es\/wp-json\/wp\/v2\/posts"}],"about":[{"href":"https:\/\/www.europesays.com\/es\/wp-json\/wp\/v2\/types\/post"}],"author":[{"embeddable":true,"href":"https:\/\/www.europesays.com\/es\/wp-json\/wp\/v2\/users\/2"}],"replies":[{"embeddable":true,"href":"https:\/\/www.europesays.com\/es\/wp-json\/wp\/v2\/comments?post=128464"}],"version-history":[{"count":0,"href":"https:\/\/www.europesays.com\/es\/wp-json\/wp\/v2\/posts\/128464\/revisions"}],"wp:featuredmedia":[{"embeddable":true,"href":"https:\/\/www.europesays.com\/es\/wp-json\/wp\/v2\/media\/128465"}],"wp:attachment":[{"href":"https:\/\/www.europesays.com\/es\/wp-json\/wp\/v2\/media?parent=128464"}],"wp:term":[{"taxonomy":"category","embeddable":true,"href":"https:\/\/www.europesays.com\/es\/wp-json\/wp\/v2\/categories?post=128464"},{"taxonomy":"post_tag","embeddable":true,"href":"https:\/\/www.europesays.com\/es\/wp-json\/wp\/v2\/tags?post=128464"}],"curies":[{"name":"wp","href":"https:\/\/api.w.org\/{rel}","templated":true}]}}