{"id":128492,"date":"2025-09-21T00:22:09","date_gmt":"2025-09-21T00:22:09","guid":{"rendered":"https:\/\/www.europesays.com\/es\/128492\/"},"modified":"2025-09-21T00:22:09","modified_gmt":"2025-09-21T00:22:09","slug":"portugal-reconocera-al-estado-de-palestina-este-domingo","status":"publish","type":"post","link":"https:\/\/www.europesays.com\/es\/128492\/","title":{"rendered":"Portugal reconocer\u00e1 al Estado de Palestina este domingo"},"content":{"rendered":"<p data-gtm-element-container=\"modulo-texto-link\" class=\"paragraph\">El Gobierno portugu\u00e9s reconocer\u00e1 este domingo al Estado de Palestina justo un d\u00eda antes de la conferencia de alto nivel que tendr\u00e1 lugar en la sede de la ONU en torno al pa\u00eds ocupado por Israel como previa de la Asamblea General del organismo, que comenzar\u00e1 el martes 23 de septiembre. El primer ministro luso, el conservador Lu\u00eds Montenegro, llevar\u00e1 as\u00ed a buen puerto las negociaciones iniciadas el pasado julio con los diferentes actores pol\u00edticos del pa\u00eds.<\/p>\n<p data-gtm-element-container=\"modulo-texto-link\" class=\"paragraph\">Portugal no ser\u00e1 el \u00fanico pa\u00eds que reconocer\u00e1 al Estado de Palestina coincidiendo con la cita en las Naciones Unidas, donde otros pa\u00edses m\u00e1s tienen previsto dar el mismo paso abanderados por la Francia de Emmanuel Macron. El presidente franc\u00e9s ser\u00e1 el encargado de formalizar este paso con una declaraci\u00f3n en la sede de la ONU a la que se han sumado, entre otros,\u00a0Reino Unido, Australia, Canad\u00e1, B\u00e9lgica, Luxemburgo, Malta o Andorra. No lo har\u00e1 Jap\u00f3n, que pese a haber anunciado su decisi\u00f3n de reconocer al Estado Palestino, se ha echado atr\u00e1s a pocos d\u00edas de formalizar el paso.<\/p>\n<p data-gtm-element-container=\"modulo-texto-link\" class=\"paragraph\">Con los de esste domingo, ser\u00e1n 150 los pa\u00edses que reconocen el Estado Palestino, entre ellos Espa\u00f1a (lo hizo en mayo del a\u00f1o pasado) de los 193 que conforman la ONU, los \u00faltimos Australia y Nueva Zelanda.\u00a0<\/p>\n<p data-gtm-element-container=\"modulo-texto-link\" class=\"paragraph\">Este reconocimiento es un golpe diplom\u00e1tico contra Israel por el genocidio que est\u00e1 cometiendo contra la poblaci\u00f3n de Gaza, donde el ej\u00e9rcito israel\u00ed ha matado a m\u00e1s de 65.000 personas adem\u00e1s de destruir la pr\u00e1ctica totalidad del territorio. Por su parte, Israel denuncia que estos reconocimiento son un \u201cpremio\u201d al grupo islamista Ham\u00e1s por el ataque que llev\u00f3 a cabo el 7 de octubre de 2023, junto a otras milicias de Gaza, contra territorio israel\u00ed, matando a unas 1.200 personas y secuestrando a otras 251.\u00a0<\/p>\n<p data-gtm-element-container=\"modulo-texto-link\" class=\"paragraph\">La negativa del Gobierno israel\u00ed a la creaci\u00f3n de un Estado para los palestinos fue recordada d\u00edas atr\u00e1s por el primer ministro, Benjamin Netanyah:\u00a0\u201dDijimos que no habr\u00eda un Estado palestino y \u00a1sin duda no habr\u00e1 un estado palestino!\u201d, celebr\u00f3 el pasado 11 de septiembre tras firmar la ampliaci\u00f3n de un asentamiento ilegal en Cisjordania.<\/p>\n","protected":false},"excerpt":{"rendered":"El Gobierno portugu\u00e9s reconocer\u00e1 este domingo al Estado de Palestina justo un d\u00eda antes de la conferencia de&hellip;\n","protected":false},"author":2,"featured_media":128493,"comment_status":"","ping_status":"","sticky":false,"template":"","format":"standard","meta":{"footnotes":""},"categories":[42],"tags":[17,18,13,14,11,61,62,63,64,19,20,9,10,15,16,12,21,22,65,66,67],"class_list":{"0":"post-128492","1":"post","2":"type-post","3":"status-publish","4":"format-standard","5":"has-post-thumbnail","7":"category-internacional","8":"tag-breaking-news","9":"tag-breakingnews","10":"tag-featured-news","11":"tag-featurednews","12":"tag-headlines","13":"tag-internacional","14":"tag-international","15":"tag-international-news","16":"tag-internationalnews","17":"tag-latest-news","18":"tag-latestnews","19":"tag-news","20":"tag-noticias","21":"tag-noticias-destacadas","22":"tag-noticiasdestacadas","23":"tag-titulares","24":"tag-ultimas-noticias","25":"tag-ultimasnoticias","26":"tag-world","27":"tag-world-news","28":"tag-worldnews"},"share_on_mastodon":{"url":"","error":""},"_links":{"self":[{"href":"https:\/\/www.europesays.com\/es\/wp-json\/wp\/v2\/posts\/128492","targetHints":{"allow":["GET"]}}],"collection":[{"href":"https:\/\/www.europesays.com\/es\/wp-json\/wp\/v2\/posts"}],"about":[{"href":"https:\/\/www.europesays.com\/es\/wp-json\/wp\/v2\/types\/post"}],"author":[{"embeddable":true,"href":"https:\/\/www.europesays.com\/es\/wp-json\/wp\/v2\/users\/2"}],"replies":[{"embeddable":true,"href":"https:\/\/www.europesays.com\/es\/wp-json\/wp\/v2\/comments?post=128492"}],"version-history":[{"count":0,"href":"https:\/\/www.europesays.com\/es\/wp-json\/wp\/v2\/posts\/128492\/revisions"}],"wp:featuredmedia":[{"embeddable":true,"href":"https:\/\/www.europesays.com\/es\/wp-json\/wp\/v2\/media\/128493"}],"wp:attachment":[{"href":"https:\/\/www.europesays.com\/es\/wp-json\/wp\/v2\/media?parent=128492"}],"wp:term":[{"taxonomy":"category","embeddable":true,"href":"https:\/\/www.europesays.com\/es\/wp-json\/wp\/v2\/categories?post=128492"},{"taxonomy":"post_tag","embeddable":true,"href":"https:\/\/www.europesays.com\/es\/wp-json\/wp\/v2\/tags?post=128492"}],"curies":[{"name":"wp","href":"https:\/\/api.w.org\/{rel}","templated":true}]}}