{"id":128498,"date":"2025-09-21T00:29:06","date_gmt":"2025-09-21T00:29:06","guid":{"rendered":"https:\/\/www.europesays.com\/es\/128498\/"},"modified":"2025-09-21T00:29:06","modified_gmt":"2025-09-21T00:29:06","slug":"la-campeona-de-grand-slam-que-revela-la-importancia-de-sinner-para-alcaraz-necesita-un-rival-y-cuando-lo-tiene-es-mejor-y-mas-consistente","status":"publish","type":"post","link":"https:\/\/www.europesays.com\/es\/128498\/","title":{"rendered":"La campeona de Grand Slam que revela la importancia de Sinner para Alcaraz: \u00abNecesita un rival, y cuando lo tiene es mejor y m\u00e1s consistente\u00bb"},"content":{"rendered":"<p><b data-testid=\"body-text-bold\">Carlos Alcaraz y Jannik Sinner<\/b> son, indiscutiblemente, los dos mejores tenistas de todo el circuito. Con ello en mente, <b data-testid=\"body-text-bold\">Caroline Garcia<\/b>, extenista y campeona en su momento en la modadlidad de dobles de Roland-Garros, ha expresado su opini\u00f3n de la gran importancia que tiene est\u00e1 teniendo el tenista italiano en el desarrollo del espa\u00f1ol.<\/p>\n<p>Zanjando ese pensamiento de la necesidad que tiene Alcaraz de Jannik Sinner, Caroline Garcia expresa opina que cuando Carlitos necesita a alguien enfrente \u00ab<b data-testid=\"body-text-bold\">que pueda desafiarle para empujarle m\u00e1s all\u00e1<\/b>\u00ab.<\/p>\n","protected":false},"excerpt":{"rendered":"Carlos Alcaraz y Jannik Sinner son, indiscutiblemente, los dos mejores tenistas de todo el circuito. Con ello en&hellip;\n","protected":false},"author":2,"featured_media":128499,"comment_status":"","ping_status":"","sticky":false,"template":"","format":"standard","meta":{"footnotes":""},"categories":[274],"tags":[545,168,25,24,544,39126,23,167,327,326],"class_list":{"0":"post-128498","1":"post","2":"type-post","3":"status-publish","4":"format-standard","5":"has-post-thumbnail","7":"category-tenis","8":"tag-carlos-alcaraz","9":"tag-deportes","10":"tag-es","11":"tag-espana","12":"tag-jannik-sinner","13":"tag-laver-cup","14":"tag-spain","15":"tag-sports","16":"tag-tenis","17":"tag-tennis"},"share_on_mastodon":{"url":"","error":""},"_links":{"self":[{"href":"https:\/\/www.europesays.com\/es\/wp-json\/wp\/v2\/posts\/128498","targetHints":{"allow":["GET"]}}],"collection":[{"href":"https:\/\/www.europesays.com\/es\/wp-json\/wp\/v2\/posts"}],"about":[{"href":"https:\/\/www.europesays.com\/es\/wp-json\/wp\/v2\/types\/post"}],"author":[{"embeddable":true,"href":"https:\/\/www.europesays.com\/es\/wp-json\/wp\/v2\/users\/2"}],"replies":[{"embeddable":true,"href":"https:\/\/www.europesays.com\/es\/wp-json\/wp\/v2\/comments?post=128498"}],"version-history":[{"count":0,"href":"https:\/\/www.europesays.com\/es\/wp-json\/wp\/v2\/posts\/128498\/revisions"}],"wp:featuredmedia":[{"embeddable":true,"href":"https:\/\/www.europesays.com\/es\/wp-json\/wp\/v2\/media\/128499"}],"wp:attachment":[{"href":"https:\/\/www.europesays.com\/es\/wp-json\/wp\/v2\/media?parent=128498"}],"wp:term":[{"taxonomy":"category","embeddable":true,"href":"https:\/\/www.europesays.com\/es\/wp-json\/wp\/v2\/categories?post=128498"},{"taxonomy":"post_tag","embeddable":true,"href":"https:\/\/www.europesays.com\/es\/wp-json\/wp\/v2\/tags?post=128498"}],"curies":[{"name":"wp","href":"https:\/\/api.w.org\/{rel}","templated":true}]}}