{"id":128514,"date":"2025-09-21T00:39:10","date_gmt":"2025-09-21T00:39:10","guid":{"rendered":"https:\/\/www.europesays.com\/es\/128514\/"},"modified":"2025-09-21T00:39:10","modified_gmt":"2025-09-21T00:39:10","slug":"mrbeast-se-suma-a-angry-birds-3%e2%80%b3-y-revoluciona-la-animacion","status":"publish","type":"post","link":"https:\/\/www.europesays.com\/es\/128514\/","title":{"rendered":"MrBeast se suma a \u201cAngry Birds 3\u2033 y revoluciona la animaci\u00f3n"},"content":{"rendered":"<p><img alt=\"La tercera entrega de Angry\" class=\"global-image\" decoding=\"async\" fetchpriority=\"high\" height=\"773\" loading=\"eager\" src=\"https:\/\/www.europesays.com\/es\/wp-content\/uploads\/2025\/09\/TE74WL2KJZE5LM4QQJIYPMOYXU.jpg\" width=\"1376\"\/>La tercera entrega de Angry Birds adelanta su estreno y suma figuras virales para conquistar nuevas audiencias (Foto: MrBeast)<\/p>\n<p class=\"paragraph\">El universo animado de <a rel=\"noopener noreferrer nofollow\" href=\"https:\/\/www.infobae.com\/malditos-nerds\/2025\/04\/10\/angry-birds-la-tercera-pelicula-confirma-su-fecha-de-estreno-y-presenta-a-los-nuevos-miembros-del-elenco\/\" target=\"_blank\" title=\"https:\/\/www.infobae.com\/malditos-nerds\/2025\/04\/10\/angry-birds-la-tercera-pelicula-confirma-su-fecha-de-estreno-y-presenta-a-los-nuevos-miembros-del-elenco\/\"><b>Angry Birds<\/b><\/a> regresa a los cines con su tercera pel\u00edcula, cuyo estreno est\u00e1 previsto para el mi\u00e9rcoles <b>23 de diciembre de 2026<\/b>. Esta entrega anticipa su llegada respecto al calendario original y se perfila como una de las grandes apuestas familiares de la temporada navide\u00f1a, destacando especialmente por la llegada de <a rel=\"noopener noreferrer nofollow\" href=\"https:\/\/www.infobae.com\/entretenimiento\/2025\/09\/14\/el-golpe-de-mike-tyson-a-mrbeast-que-se-viralizo-en-las-redes\/\" target=\"_blank\" title=\"https:\/\/www.infobae.com\/entretenimiento\/2025\/09\/14\/el-golpe-de-mike-tyson-a-mrbeast-que-se-viralizo-en-las-redes\/\"><b>MrBeast<\/b><\/a> al elenco de voces, en una jugada que pretende conectar el cine con la influencia masiva del entorno digital.<\/p>\n<p class=\"paragraph\">MrBeast (Jimmy Donaldson) es la figura m\u00e1s notoria entre los nuevos talentos incorporados a la saga. Su impacto como <b>creador digital<\/b> es inigualable: lidera <b>YouTube<\/b> con m\u00e1s de <b>436 millones de suscriptores<\/b> y suma alrededor de <b>mil millones de seguidores<\/b> en sus redes, consolid\u00e1ndose como referente de contenidos virales, desaf\u00edos y filantrop\u00eda a gran escala. <\/p>\n<p class=\"paragraph\">Donaldson ha expandido su marca mucho m\u00e1s all\u00e1 de internet, fundando <b>Beast Industries<\/b>, lanzando la l\u00ednea de chocolates <b>Feastables<\/b> y logrando que su serie <b>Beast Games<\/b> se convierta en la producci\u00f3n m\u00e1s vista de <b>Amazon Prime Video<\/b>, asegurando renovaciones hasta 2025.<\/p>\n<p><img alt=\"El fen\u00f3meno MrBeast se integra\" class=\"global-image\" decoding=\"async\" fetchpriority=\"low\" height=\"1080\" loading=\"lazy\" src=\"https:\/\/www.europesays.com\/es\/wp-content\/uploads\/2025\/09\/YI4P2U3345B6PAOTGWYNHVY5XE.jpg\" width=\"1920\"\/>El fen\u00f3meno MrBeast se integra a la animaci\u00f3n, marcando un hito en la franquicia Angry Birds<\/p>\n<p class=\"paragraph\">La participaci\u00f3n de MrBeast en Angry Birds 3 marca un punto de inflexi\u00f3n:<b> por primera vez, una figura de este calibre en el entorno digital se integra a una de las franquicias de animaci\u00f3n m\u00e1s populares.<\/b> Este movimiento promete ampliar sustancialmente la audiencia de la pel\u00edcula y renovarla con el magnetismo de quien ya es un \u00edcono para millones de j\u00f3venes y familias alrededor del mundo.<\/p>\n<p class=\"paragraph\">Junto a MrBeast, se suma <b>Salish Matter<\/b>, con m\u00e1s de <b>30 millones de seguidores<\/b> y una creciente presencia en plataformas sociales. Ha sido reconocida como <b>Creadora Femenina Favorita<\/b> en los <b>Nickelodeon Kids\u2019 Choice Awards 2025<\/b> y obtuvo el <b>Premio Webby<\/b> en la categor\u00eda <b>Infantil y Familiar<\/b> ese mismo a\u00f1o.<\/p>\n<p><img alt=\"Jason Sudeikis repetir\u00e1 su papel\" class=\"global-image\" decoding=\"async\" fetchpriority=\"low\" height=\"3667\" loading=\"lazy\" src=\"https:\/\/www.europesays.com\/es\/wp-content\/uploads\/2025\/09\/IWJN7WDVRLP2LEWY255YTBYKOY.jpg\" width=\"5500\"\/>Jason Sudeikis repetir\u00e1 su papel en la tercera entrega (REUTERS\/Aude Guerrucci)<\/p>\n<p class=\"paragraph\">Completan el elenco <b>Anthony Padilla<\/b> y <b>Ian Hecox<\/b>, creadores de <b>Smosh<\/b> y pioneros en la <b>comedia digital<\/b>, quienes retoman los papeles de Hal y Bubbles. Junto a ellos, regresan <b>Jason Sudeikis<\/b> (Red), <b>Josh Gad<\/b> (Chuck), <b>Rachel Bloom<\/b> (Silver) y <b>Danny McBride<\/b> (Bomb).<\/p>\n<p class=\"paragraph\">La n\u00f3mina se enriquece con talentos como <b>Emma Myers<\/b>, <b>Keke Palmer<\/b>, <b>Tim Robinson<\/b>, <b>Lily James<\/b>, <b>Marcello Hernandez<\/b>, <b>Walker Scobell<\/b>, <b>Sam Richardson<\/b>, <b>Anna Cathcart<\/b>, <b>Maitreyi Ramakrishnan<\/b>, <b>Nikki Glaser<\/b>, <b>James Austin Johnson<\/b> y <b>Psalm West<\/b>, fusionando la experiencia de consagrados en animaci\u00f3n y nuevas voces virales.<\/p>\n<p class=\"paragraph\">La direcci\u00f3n de Angry Birds 3 recae en <b>John Rice<\/b>, mientras que el <b>guion y la producci\u00f3n ejecutiva<\/b> est\u00e1n a cargo de <b>Thurop Van Orman<\/b>. El equipo de <b>producci\u00f3n<\/b> cuenta con <b>John Cohen<\/b>, <b>Dan Chuba<\/b> y <b>Carla Connor<\/b>, consolidando una estructura creativa robusta. <\/p>\n<p class=\"paragraph\">La pel\u00edcula es el resultado de la <b>colaboraci\u00f3n<\/b> entre <b>Rovio<\/b> y <b>SEGA<\/b>, respaldada por <b>Prime Focus Studios<\/b>, <b>Flywheel Media<\/b>, <b>One Cool Group<\/b> y <b>dentsu<\/b>. Esta alianza potencia una sinergia entre el cine tradicional y el ecosistema digital, garantizando recursos e ideas de primer nivel.<\/p>\n<p><img alt=\"La direcci\u00f3n de John Rice\" class=\"global-image\" decoding=\"async\" fetchpriority=\"low\" height=\"605\" loading=\"lazy\" src=\"https:\/\/www.europesays.com\/es\/wp-content\/uploads\/2025\/09\/WJH6YZPSKRELBEAN6WRRK3XHKM.png\" width=\"1077\"\/>La direcci\u00f3n de John Rice y la producci\u00f3n de Thurop Van Orman refuerzan la apuesta creativa de Angry Birds 3<\/p>\n<p class=\"paragraph\">Con esta estrategia, la franquicia busca expandirse m\u00e1s all\u00e1 de los formatos cl\u00e1sicos, explorando formas innovadoras de promoci\u00f3n y vinculaci\u00f3n con los p\u00fablicos m\u00e1s j\u00f3venes, especialmente atra\u00eddos por la figura de MrBeast y el universo digital que representa.<\/p>\n<p class=\"paragraph\">Desde su primera pel\u00edcula, Angry Birds ha transformado el \u00e9xito del <b>videojuego<\/b> en un <b>fen\u00f3meno internacional de la animaci\u00f3n<\/b>. Las dos entregas previas registraron resultados sobresalientes en <b>taquilla<\/b>, consolidando a los p\u00e1jaros y cerdos como referentes en el cine familiar. <\/p>\n<p class=\"paragraph\">El <b>estreno adelantado<\/b> de la tercera parte la posiciona frente a competidores intensos como <b>Dune Parte 3<\/b> y <b>Avengers: Doomsday<\/b>, sum\u00e1ndose antes que otros grandes lanzamientos de la temporada.<\/p>\n<p><img alt=\"Angry Birds 3 busca superar\" class=\"global-image\" decoding=\"async\" fetchpriority=\"low\" height=\"690\" loading=\"lazy\" src=\"https:\/\/www.europesays.com\/es\/wp-content\/uploads\/2025\/09\/HNHLNSHKXJGDNJZSTYCOKUQ574.jpg\" width=\"1200\"\/>Angry Birds 3 busca superar el \u00e9xito de sus predecesoras y competir con grandes estrenos de la temporada navide\u00f1a (SONY PICTURES)<\/p>\n<p class=\"paragraph\">El aporte de MrBeast renueva la estrategia de la franquicia, que apuesta a la proyecci\u00f3n global a trav\u00e9s de colaboraciones con figuras que dominan la atenci\u00f3n del p\u00fablico infantil y adolescente dentro y fuera de la pantalla.<\/p>\n<p class=\"paragraph\">La integraci\u00f3n de personalidades nativas del entorno digital, liderada por MrBeast, marca una transformaci\u00f3n en la industria de la animaci\u00f3n: <b>el cine busca ahora dialogar directamente con los nuevos h\u00e1bitos de consumo y visibilizaci\u00f3n de contenidos<\/b>. <\/p>\n<p class=\"paragraph\">Este giro no solo diversifica las voces dentro del elenco, sino que permite a Angry Birds 3 conectar con nuevas generaciones y mantener vigente su propuesta frente a los desaf\u00edos del entretenimiento global.<\/p>\n<p><img alt=\"La integraci\u00f3n de creadores digitales\" class=\"global-image\" decoding=\"async\" fetchpriority=\"low\" height=\"1080\" loading=\"lazy\" src=\"https:\/\/www.europesays.com\/es\/wp-content\/uploads\/2025\/09\/XBKDKXDFFZE7LKN7Y5Q27RB4HM.png\" width=\"1920\"\/>La integraci\u00f3n de creadores digitales en Angry Birds 3 marca una transformaci\u00f3n en la industria de la animaci\u00f3n<br \/>\n(EFE)<\/p>\n<p class=\"paragraph\">Con un reparto robusto, un equipo creativo experimentado y el impulso de aliados estrat\u00e9gicos, la franquicia consolida su apuesta por la innovaci\u00f3n, buscando que la tercera pel\u00edcula no solo destaque en taquilla sino que se establezca como un ejemplo de colaboraci\u00f3n entre el cine y los grandes referentes del mundo digital.<\/p>\n","protected":false},"excerpt":{"rendered":"La tercera entrega de Angry Birds adelanta su estreno y suma figuras virales para conquistar nuevas audiencias (Foto:&hellip;\n","protected":false},"author":2,"featured_media":128515,"comment_status":"","ping_status":"","sticky":false,"template":"","format":"standard","meta":{"footnotes":""},"categories":[169],"tags":[177,146,147,25,24,176,175,23],"class_list":{"0":"post-128514","1":"post","2":"type-post","3":"status-publish","4":"format-standard","5":"has-post-thumbnail","7":"category-cine","8":"tag-cine","9":"tag-entertainment","10":"tag-entretenimiento","11":"tag-es","12":"tag-espana","13":"tag-film","14":"tag-movies","15":"tag-spain"},"share_on_mastodon":{"url":"","error":""},"_links":{"self":[{"href":"https:\/\/www.europesays.com\/es\/wp-json\/wp\/v2\/posts\/128514","targetHints":{"allow":["GET"]}}],"collection":[{"href":"https:\/\/www.europesays.com\/es\/wp-json\/wp\/v2\/posts"}],"about":[{"href":"https:\/\/www.europesays.com\/es\/wp-json\/wp\/v2\/types\/post"}],"author":[{"embeddable":true,"href":"https:\/\/www.europesays.com\/es\/wp-json\/wp\/v2\/users\/2"}],"replies":[{"embeddable":true,"href":"https:\/\/www.europesays.com\/es\/wp-json\/wp\/v2\/comments?post=128514"}],"version-history":[{"count":0,"href":"https:\/\/www.europesays.com\/es\/wp-json\/wp\/v2\/posts\/128514\/revisions"}],"wp:featuredmedia":[{"embeddable":true,"href":"https:\/\/www.europesays.com\/es\/wp-json\/wp\/v2\/media\/128515"}],"wp:attachment":[{"href":"https:\/\/www.europesays.com\/es\/wp-json\/wp\/v2\/media?parent=128514"}],"wp:term":[{"taxonomy":"category","embeddable":true,"href":"https:\/\/www.europesays.com\/es\/wp-json\/wp\/v2\/categories?post=128514"},{"taxonomy":"post_tag","embeddable":true,"href":"https:\/\/www.europesays.com\/es\/wp-json\/wp\/v2\/tags?post=128514"}],"curies":[{"name":"wp","href":"https:\/\/api.w.org\/{rel}","templated":true}]}}