{"id":128546,"date":"2025-09-21T01:04:08","date_gmt":"2025-09-21T01:04:08","guid":{"rendered":"https:\/\/www.europesays.com\/es\/128546\/"},"modified":"2025-09-21T01:04:08","modified_gmt":"2025-09-21T01:04:08","slug":"2026-ano-clave-para-la-llegada-de-los-farmacos-que-retrasan-la-enfermedad","status":"publish","type":"post","link":"https:\/\/www.europesays.com\/es\/128546\/","title":{"rendered":"2026, a\u00f1o clave para la llegada de los f\u00e1rmacos que retrasan la enfermedad"},"content":{"rendered":"<p><a class=\"v-mdl-ath__fig-a\" href=\"https:\/\/www.diariovasco.com\/autor\/aitor-ansa-4089.html\" title=\"Aitor Ansa\" rel=\"nofollow noopener\" target=\"_blank\"><br \/>\n<img decoding=\"async\" class=\"v-mdl-ath__img\" src=\"https:\/\/www.europesays.com\/es\/wp-content\/uploads\/2025\/09\/autor-4089-foto-1.jpeg\" alt=\"Aitor Ansa\"\/><br \/>\n<\/a><\/p>\n<p class=\"v-mdl-ath__p v-mdl-ath__p--6\">\nDomingo, 21 de septiembre 2025, 00:28<\/p>\n<p class=\"v-p\">El futuro de la enfermedad de Alzheimer se dibuja con cambios y 2026 se perfila como el a\u00f1o clave para la llegada a Espa\u00f1a de los primeros f\u00e1rmacos que han demostrado ser capaces de retrasar el desarrollo de esta dolencia en personas a las que se les detecta en una fase inicial. Los medicamentos llamados a revolucionar el abordaje de esta patolog\u00eda se llaman Lecanemab y Donanemab, que en abril y julio de este a\u00f1o respectivamente recib\u00edan el visto bueno de la Agencia Europea del medicamento (EMA) para su comercializaci\u00f3n y uso en el viejo continente. \u00abSupone un paso important\u00edsimo porque son dos anticuerpos que van dirigidos contra uno de los mecanismos m\u00e1s importantes del alzh\u00e9imer, que es el dep\u00f3sito an\u00f3malo de amiloide en el cerebro\u00bb, celebra PabloMart\u00ednez-Lage, neur\u00f3logo y director de la fundaci\u00f3n donostiarra Cita Alzheimer.<\/p>\n<p class=\"v-p\">Tras el OK de la UE le toca el turno ahora a cada pa\u00eds europeo. El laboratorio correspondiente tiene que presentar al Ministerio de Sanidad un dossier cl\u00ednico y un estudio presupuestario que muestre el impacto coste-efectividad del medicamento, con el precio que propone.<\/p>\n<p class=\"v-p\">Se trata de f\u00e1rmacos, agrega Mart\u00ednez-Lage, que \u00abno se deben entender como un tratamiento para cualquier persona con alzh\u00e9imer. Est\u00e1n indicados solo en casos muy leves y en personas que tengan un riesgo bajo de tener efectos secundarios\u00bb.<\/p>\n<p><img decoding=\"async\" loading=\"lazy\" src=\"https:\/\/s1.ppllstatics.com\/diariovasco\/www\/multimedia\/2025\/09\/19\/descarga.jpg\" class=\"v-a-img\" width=\"170\" height=\"170\" alt=\"Imagen - \u00abSupone un paso muy importante porque act\u00faan en el dep\u00f3sito de amiloide\u00bb\"\/><\/p>\n<p>\nPablo Mart\u00ednez-Lage | Cita Alzheimer\n<\/p>\n<p>\u00abSupone un paso muy importante porque act\u00faan en el dep\u00f3sito de amiloide\u00bb<\/p>\n<p class=\"v-p\">En esta l\u00ednea, Adolfo L\u00f3pez de Munain, neur\u00f3logo responsable del \u00e1rea de Neurociencias de Biogipuzkoa, apunta que \u00ablos estudios pivotales han demostrado que no todos los pacientes responden igual. Responden mejor los hombres que las mujeres, hay algunos condicionantes gen\u00e9ticos que favorecen la respuesta y hay tambi\u00e9n contraindicaciones. Por ejemplo, los pacientes que tienen signos de hemorragias, lo que se llama microhemorragias en el cerebro, les aumenta el riesgo de sangrado\u00bb.<\/p>\n<p class=\"v-p\">Esta es una cuesti\u00f3n a debate encima de la mesa del ministerio, sostiene el experto. \u00abHace falta saber en qu\u00e9 condiciones se aprueba, no solo la parte econ\u00f3mica, sino tambi\u00e9n la parte la indicaci\u00f3n, lo que se llama la ficha de posicionamiento terap\u00e9utico. Es decir, si todas estas cosas se van a convertir en criterios de exclusi\u00f3n o simplemente en avisos, en advertencias\u00bb.<\/p>\n<p><img decoding=\"async\" loading=\"lazy\" src=\"https:\/\/s2.ppllstatics.com\/diariovasco\/www\/multimedia\/2025\/09\/19\/Collage_Adolfo_sem.jpg\" class=\"v-a-img\" width=\"170\" height=\"170\" alt=\"Imagen - \u00abVa a ser un gran reto log\u00edsticos si cada 15 d\u00edas el paciente va a venir a por su medicamento\u00bb\"\/><\/p>\n<p>\nAdolfo L\u00f3pez de Munain | Biogipuzkoa\n<\/p>\n<p>\u00abVa a ser un gran reto log\u00edsticos si cada 15 d\u00edas el paciente va a venir a por su medicamento\u00bb<\/p>\n<p class=\"v-p\">Los ensayos cl\u00ednicos de Lecanemab han probado que el avance de la enfermedad y el consiguiente proceso de demencia se ralentiza en un 27% en aquellos pacientes con deterioro cognitivo leve a los que se les suministr\u00f3 el f\u00e1rmaco. Donanemab, por su parte, ha demostrado la reducci\u00f3n del declive cognitivo y funcional hasta un 35% en comparaci\u00f3n con el placebo a los 18 meses. \u00abLos dos tienen exactamente el mismo mecanismo de acci\u00f3n, que es eliminar los dep\u00f3sitos de amiloide del cerebro, pero uno va dirigido contra un fragmento del amiloide y el otro va dirigido contra otro fragmento\u00bb, explica el director de Cita Alzheimer.<\/p>\n<p>Por v\u00eda intravenosa<\/p>\n<p class=\"v-p\">El problema de una enfermedad tan complicada de entender como esta, a\u00f1ade Gurutz Linazasoro, neur\u00f3logo de Policl\u00ednica Gipuzkoa, es que el amiloide \u00abno es la \u00fanica prote\u00edna que acaba provocando el alzh\u00e9imer, tambi\u00e9n est\u00e1n la TAU y otras\u00bb. Con esto quiere decir que \u00abel efecto protector de estos f\u00e1rmacos no va a ser de un 100%, pero si ganamos cinco, seis, siete a\u00f1os de buena calidad, bienvenidos sean.Es un alivio muy importante\u00bb.<\/p>\n<p><img decoding=\"async\" loading=\"lazy\" src=\"https:\/\/s1.ppllstatics.com\/diariovasco\/www\/multimedia\/2025\/09\/19\/gurutz.jpg\" class=\"v-a-img\" width=\"170\" height=\"170\" alt=\"Imagen - \u00abLa protecci\u00f3n no es 100%, pero si ganamos 7 a\u00f1os de buena calidad, bienvenidos sean\u00bb\"\/><\/p>\n<p>\nGurutz Linazosoro | Policl\u00ednica\n<\/p>\n<p>\u00abLa protecci\u00f3n no es 100%, pero si ganamos 7 a\u00f1os de buena calidad, bienvenidos sean\u00bb<\/p>\n<p class=\"v-p\">Otra de las caracter\u00edsticas de estos f\u00e1rmacos es que se aplican en el \u00e1mbito hospitalario y v\u00eda intravenosa, cada quince d\u00edas en el caso de Lecanemab y mensualmente en el de Donanemab, lo que tambi\u00e9n precisa de una monitorizaci\u00f3n de su administraci\u00f3n y un control de los posibles efectos secundarios. \u00abDe entrada, lo que supone es un reto log\u00edstico muy importante, porque los pacientes tienen que venir a una instalaci\u00f3n sanitaria a ponerse su tratamiento y eso conlleva tambi\u00e9n una cierta saturaci\u00f3n\u00bb, avisa L\u00f3pez de Munain.<\/p>\n<p>Comenta<\/p>\n<p>Reporta un error<\/p>\n","protected":false},"excerpt":{"rendered":"Domingo, 21 de septiembre 2025, 00:28 El futuro de la enfermedad de Alzheimer se dibuja con cambios y&hellip;\n","protected":false},"author":2,"featured_media":128547,"comment_status":"","ping_status":"","sticky":false,"template":"","format":"standard","meta":{"footnotes":""},"categories":[92],"tags":[3076,1611,12554,2996,25,24,3277,165,5808,41463,166,23],"class_list":{"0":"post-128546","1":"post","2":"type-post","3":"status-publish","4":"format-standard","5":"has-post-thumbnail","7":"category-salud","8":"tag-3076","9":"tag-ano","10":"tag-clave","11":"tag-enfermedad","12":"tag-es","13":"tag-espana","14":"tag-farmacos","15":"tag-health","16":"tag-llegada","17":"tag-retrasan","18":"tag-salud","19":"tag-spain"},"share_on_mastodon":{"url":"","error":""},"_links":{"self":[{"href":"https:\/\/www.europesays.com\/es\/wp-json\/wp\/v2\/posts\/128546","targetHints":{"allow":["GET"]}}],"collection":[{"href":"https:\/\/www.europesays.com\/es\/wp-json\/wp\/v2\/posts"}],"about":[{"href":"https:\/\/www.europesays.com\/es\/wp-json\/wp\/v2\/types\/post"}],"author":[{"embeddable":true,"href":"https:\/\/www.europesays.com\/es\/wp-json\/wp\/v2\/users\/2"}],"replies":[{"embeddable":true,"href":"https:\/\/www.europesays.com\/es\/wp-json\/wp\/v2\/comments?post=128546"}],"version-history":[{"count":0,"href":"https:\/\/www.europesays.com\/es\/wp-json\/wp\/v2\/posts\/128546\/revisions"}],"wp:featuredmedia":[{"embeddable":true,"href":"https:\/\/www.europesays.com\/es\/wp-json\/wp\/v2\/media\/128547"}],"wp:attachment":[{"href":"https:\/\/www.europesays.com\/es\/wp-json\/wp\/v2\/media?parent=128546"}],"wp:term":[{"taxonomy":"category","embeddable":true,"href":"https:\/\/www.europesays.com\/es\/wp-json\/wp\/v2\/categories?post=128546"},{"taxonomy":"post_tag","embeddable":true,"href":"https:\/\/www.europesays.com\/es\/wp-json\/wp\/v2\/tags?post=128546"}],"curies":[{"name":"wp","href":"https:\/\/api.w.org\/{rel}","templated":true}]}}