{"id":128549,"date":"2025-09-21T01:09:10","date_gmt":"2025-09-21T01:09:10","guid":{"rendered":"https:\/\/www.europesays.com\/es\/128549\/"},"modified":"2025-09-21T01:09:10","modified_gmt":"2025-09-21T01:09:10","slug":"montero-acusa-a-moreno-de-usar-argumentos-evasivos-para-no-admitir-el-genocidio-en-gaza","status":"publish","type":"post","link":"https:\/\/www.europesays.com\/es\/128549\/","title":{"rendered":"Montero acusa a Moreno de usar argumentos evasivos para no admitir el genocidio en Gaza"},"content":{"rendered":"<p>Mar\u00eda Jes\u00fas Montero, secretaria general del PSOE-A, vicepresidenta primera del Gobierno y ministra de Hacienda, ha lanzado duras cr\u00edticas este s\u00e1bado contra Juanma Moreno, presidente de la Junta de Andaluc\u00eda por el PP-A, por sus \u2018malabares dial\u00e9cticos\u2019 para evitar reconocer que lo que sucede en Gaza es un \u2018genocidio\u2019 por parte de Israel.<\/p>\n<p>En su discurso ante el Comit\u00e9 Director del PSOE-A, celebrado en San Juan del Puerto (Huelva), Montero ha destacado que el gobierno de Israel est\u00e1 perpetrando \u2018una ofensiva militar de una crueldad insoportable contra la poblaci\u00f3n civil palestina\u2019, a miles de kil\u00f3metros de distancia.<\/p>\n<p>\u2018Gaza se ha convertido en el epicentro del sufrimiento humano y, por eso, el PSOE de Andaluc\u00eda no puede callar, no se va a callar\u2019, afirm\u00f3 Montero, subrayando que Israel lleva a cabo una \u2018campa\u00f1a de destrucci\u00f3n masiva, desproporcionada y deliberada contra una poblaci\u00f3n indefensa\u2019.<\/p>\n<p>Montero ha declarado que lo que ocurre es una \u2018masacre genocida\u2019, recalcando que recientes informes de la Comisi\u00f3n Internacional Independiente de Investigaci\u00f3n sobre Territorios Palestinos ocupados han confirmado que \u2018Israel ha cometido acto genocida contra la poblaci\u00f3n de Gaza\u2019.<\/p>\n<p>Mientras tanto, en Andaluc\u00eda, seg\u00fan Montero, \u2018algunos hacen malabares dial\u00e9cticos para no pronunciar una palabra prohibida que la mayor\u00eda de los andaluces asumimos sin dudarlo\u2019.<\/p>\n<p>\u2018Genocidio. Se\u00f1or Moreno Bonilla, repita con nosotros, se trata de un genocidio\u2019, inst\u00f3 al presidente de la Junta, criticando a quienes debaten m\u00e1s sobre la legitimidad de las protestas ciudadanas que sobre \u2018condenar el asesinato de miles de ni\u00f1os por hambre o simplemente por la violencia\u2019.<\/p>\n<p>Para el PSOE de Andaluc\u00eda, no hay causa m\u00e1s justa que exigir el fin del genocidio. \u2018No podemos ser equidistantes entre violadores y v\u00edctimas de derechos humanos; ese equilibrio que algunos mantienen no es neutralidad\u2019, explic\u00f3 Montero, describiendo a quienes \u2018hacen ese tipo de ejercicio simplemente como indecentes\u2019.<\/p>\n<p>\u2018No vamos a permitir que no se condene, como digo, una barbarie que est\u00e1 ocurriendo a escasos kil\u00f3metros de nuestro pa\u00eds\u2019, concluy\u00f3 la dirigente del PSOE-A, despu\u00e9s de mencionar que cerca de 20.000 menores han muerto ya, instando a Moreno Bonilla a alinearse con el sentir mayoritario andaluz que condena la barbarie en Gaza.<\/p>\n<p>Montero tambi\u00e9n critic\u00f3 la falta de humildad de Moreno ante la masacre y destac\u00f3 el liderazgo de Pedro S\u00e1nchez, presidente del Gobierno de Espa\u00f1a, apoyado por los andaluces por su valent\u00eda y defensa de la legalidad y los derechos humanos. Adem\u00e1s, mencion\u00f3 que ma\u00f1ana Portugal reconocer\u00e1 el estado palestino, demostrando el impacto de Espa\u00f1a en la pol\u00edtica europea. \u2018Si Espa\u00f1a se mueve, Europa se mueve; marcamos la pauta a nivel internacional\u2019, concluy\u00f3.<\/p>\n","protected":false},"excerpt":{"rendered":"Mar\u00eda Jes\u00fas Montero, secretaria general del PSOE-A, vicepresidenta primera del Gobierno y ministra de Hacienda, ha lanzado duras&hellip;\n","protected":false},"author":2,"featured_media":128550,"comment_status":"","ping_status":"","sticky":false,"template":"","format":"standard","meta":{"footnotes":""},"categories":[8],"tags":[17,18,25,24,13,14,11,19,20,9,10,15,16,23,12,21,22],"class_list":{"0":"post-128549","1":"post","2":"type-post","3":"status-publish","4":"format-standard","5":"has-post-thumbnail","7":"category-espana","8":"tag-breaking-news","9":"tag-breakingnews","10":"tag-es","11":"tag-espana","12":"tag-featured-news","13":"tag-featurednews","14":"tag-headlines","15":"tag-latest-news","16":"tag-latestnews","17":"tag-news","18":"tag-noticias","19":"tag-noticias-destacadas","20":"tag-noticiasdestacadas","21":"tag-spain","22":"tag-titulares","23":"tag-ultimas-noticias","24":"tag-ultimasnoticias"},"share_on_mastodon":{"url":"","error":""},"_links":{"self":[{"href":"https:\/\/www.europesays.com\/es\/wp-json\/wp\/v2\/posts\/128549","targetHints":{"allow":["GET"]}}],"collection":[{"href":"https:\/\/www.europesays.com\/es\/wp-json\/wp\/v2\/posts"}],"about":[{"href":"https:\/\/www.europesays.com\/es\/wp-json\/wp\/v2\/types\/post"}],"author":[{"embeddable":true,"href":"https:\/\/www.europesays.com\/es\/wp-json\/wp\/v2\/users\/2"}],"replies":[{"embeddable":true,"href":"https:\/\/www.europesays.com\/es\/wp-json\/wp\/v2\/comments?post=128549"}],"version-history":[{"count":0,"href":"https:\/\/www.europesays.com\/es\/wp-json\/wp\/v2\/posts\/128549\/revisions"}],"wp:featuredmedia":[{"embeddable":true,"href":"https:\/\/www.europesays.com\/es\/wp-json\/wp\/v2\/media\/128550"}],"wp:attachment":[{"href":"https:\/\/www.europesays.com\/es\/wp-json\/wp\/v2\/media?parent=128549"}],"wp:term":[{"taxonomy":"category","embeddable":true,"href":"https:\/\/www.europesays.com\/es\/wp-json\/wp\/v2\/categories?post=128549"},{"taxonomy":"post_tag","embeddable":true,"href":"https:\/\/www.europesays.com\/es\/wp-json\/wp\/v2\/tags?post=128549"}],"curies":[{"name":"wp","href":"https:\/\/api.w.org\/{rel}","templated":true}]}}