{"id":128557,"date":"2025-09-21T01:15:08","date_gmt":"2025-09-21T01:15:08","guid":{"rendered":"https:\/\/www.europesays.com\/es\/128557\/"},"modified":"2025-09-21T01:15:08","modified_gmt":"2025-09-21T01:15:08","slug":"sinner-se-refuerza-para-la-gira-asiatica-con-un-nuevo-fisioterapeuta","status":"publish","type":"post","link":"https:\/\/www.europesays.com\/es\/128557\/","title":{"rendered":"Sinner se refuerza para la gira asi\u00e1tica con un nuevo fisioterapeuta"},"content":{"rendered":"<p data-mrf-recirculation=\"Links P\u00e1rrafos\" class=\"ue-c-article__paragraph paragraph\"><strong>Jannik Sinner est\u00e1 reconstruyendo su equipo<\/strong> una vez acab\u00f3 antes de Wimbledon con su relaci\u00f3n profesional <strong><a href=\"https:\/\/www.marca.com\/tenis\/wimbledon\/2025\/06\/27\/sinner-carga-fisio-preparador-fisico-wimbledon.html\" target=\"_blank\" rel=\"nofollow noopener\">con su preparador f\u00edsico, Marco Panichi, y el fisioterapeuta, Ulis\u00e9s Badio<\/a><\/strong>. Al &#8216;Grand Slam&#8217; bri\u00e1nico acudi\u00f3 con la \u00fanica presencia del oste\u00f3pata, Andrea Cipolla.\u00a0\u00a0<\/p>\n<p data-mrf-recirculation=\"Links P\u00e1rrafos\" class=\"ue-c-article__paragraph paragraph\">Para la gira americana de pista dura, <strong><a href=\"https:\/\/www.marca.com\/tenis\/2025\/07\/23\/sinner-confia-nuevo-umberto-ferrara-preparador-fisico-dio-positivo-dopaje.html\" target=\"_blank\" rel=\"nofollow noopener\">recuper\u00f3 al preparador, Umberto Ferrara<\/a>,\u00a0del que hab\u00eda prescindido tras su positivo por clostebol en Indian Wells 2024. <a href=\"https:\/\/www.marca.com\/tenis\/wimbledon\/2025\/06\/27\/sinner-carga-fisio-preparador-fisico-wimbledon.html\" target=\"_blank\" rel=\"nofollow noopener\">Tambi\u00e9n fulmin\u00f3 entonces al fisio Giacomo Naldi<\/a>.\u00a0<\/strong><\/p>\n<p data-mrf-recirculation=\"Links P\u00e1rrafos\" class=\"ue-c-article__paragraph paragraph\">Sinner, que no est\u00e1 en la Laver Cup de San Francisco, <strong>ya ha aterrizado en Pek\u00edn donde buscar\u00e1 recortarle puntos a Carlos Alcaraz en el ranking<\/strong>. La diferencia entre ambos es de escasamente <strong>760 puntos<\/strong>. Alcaraz no defender\u00e1 corona porque est\u00e1 apuntado en Tokio, otro torneo de categor\u00eda 500.\u00a0<\/p>\n<p>Manos con experiencia<\/p>\n<p data-mrf-recirculation=\"Links P\u00e1rrafos\" class=\"ue-c-article__paragraph paragraph\">Al n\u00famero dos mundial se le ha visto acompa\u00f1ado por el argentino\u00a0<strong>Alejandro Resnicoff, un fisio con 20 a\u00f1os de experiencia en el circuito ATP y que estar\u00e1 con Jannik en el torneo de la capital china y tambi\u00e9n el Masters 1000 de Shang\u00e1i<\/strong>, seg\u00fan informa la Gazetta dello Sport.\u00a0<\/p>\n","protected":false},"excerpt":{"rendered":"Jannik Sinner est\u00e1 reconstruyendo su equipo una vez acab\u00f3 antes de Wimbledon con su relaci\u00f3n profesional con su&hellip;\n","protected":false},"author":2,"featured_media":128558,"comment_status":"","ping_status":"","sticky":false,"template":"","format":"standard","meta":{"footnotes":""},"categories":[274],"tags":[168,25,24,23,167,327,326],"class_list":{"0":"post-128557","1":"post","2":"type-post","3":"status-publish","4":"format-standard","5":"has-post-thumbnail","7":"category-tenis","8":"tag-deportes","9":"tag-es","10":"tag-espana","11":"tag-spain","12":"tag-sports","13":"tag-tenis","14":"tag-tennis"},"share_on_mastodon":{"url":"","error":""},"_links":{"self":[{"href":"https:\/\/www.europesays.com\/es\/wp-json\/wp\/v2\/posts\/128557","targetHints":{"allow":["GET"]}}],"collection":[{"href":"https:\/\/www.europesays.com\/es\/wp-json\/wp\/v2\/posts"}],"about":[{"href":"https:\/\/www.europesays.com\/es\/wp-json\/wp\/v2\/types\/post"}],"author":[{"embeddable":true,"href":"https:\/\/www.europesays.com\/es\/wp-json\/wp\/v2\/users\/2"}],"replies":[{"embeddable":true,"href":"https:\/\/www.europesays.com\/es\/wp-json\/wp\/v2\/comments?post=128557"}],"version-history":[{"count":0,"href":"https:\/\/www.europesays.com\/es\/wp-json\/wp\/v2\/posts\/128557\/revisions"}],"wp:featuredmedia":[{"embeddable":true,"href":"https:\/\/www.europesays.com\/es\/wp-json\/wp\/v2\/media\/128558"}],"wp:attachment":[{"href":"https:\/\/www.europesays.com\/es\/wp-json\/wp\/v2\/media?parent=128557"}],"wp:term":[{"taxonomy":"category","embeddable":true,"href":"https:\/\/www.europesays.com\/es\/wp-json\/wp\/v2\/categories?post=128557"},{"taxonomy":"post_tag","embeddable":true,"href":"https:\/\/www.europesays.com\/es\/wp-json\/wp\/v2\/tags?post=128557"}],"curies":[{"name":"wp","href":"https:\/\/api.w.org\/{rel}","templated":true}]}}