{"id":128563,"date":"2025-09-21T01:19:10","date_gmt":"2025-09-21T01:19:10","guid":{"rendered":"https:\/\/www.europesays.com\/es\/128563\/"},"modified":"2025-09-21T01:19:10","modified_gmt":"2025-09-21T01:19:10","slug":"el-madrid-ya-no-es-de-izquierdas","status":"publish","type":"post","link":"https:\/\/www.europesays.com\/es\/128563\/","title":{"rendered":"El Madrid ya no es de izquierdas"},"content":{"rendered":"<p class=\"\"><b>El Madrid se <\/b><b>derechiza <\/b><b>con Franco Mastantuono.<\/b> Cada partido con <b>Xabi <\/b>queda m\u00e1s en evidencia la idea del tolosarra de volcar menos el campo por el ala izquierda, la principal y casi obsesiva f\u00f3rmula de <b>la temporada pasada, en la que Vini lleg\u00f3 a acumular por momentos el 70% de los ataques por su zona<\/b>, para tener un ataque menos asim\u00e9trico. Mastantuono, m\u00e1s que <b>Brahim<\/b>, es el pivote para cambiar de orientaci\u00f3n. <\/p>\n<p class=\"\">Contra el Espanyol la aportaci\u00f3n del talento argentino vino acompa\u00f1ada de un Madrid que le busca cada vez m\u00e1s. Tambi\u00e9n porque el momento de Franco le alza. Contra los pericos, fue m\u00e1s tirachinas que Vini. <b>M\u00e1s en regates completados<\/b> (seis a tres), <b>en centros<\/b> (dos por cero del brasile\u00f1o), <b>m\u00e1s intervenciones <\/b>(70 a 58)<b> y m\u00e1s pases <\/b>(45 a 39). Dicho de otro modo,<b> el <\/b><b>30 <\/b><b>pic\u00f3 m\u00e1s piedra y gener\u00f3 m\u00e1s que el ocupante de la banda contraria<\/b>. <\/p>\n<p><img decoding=\"async\" src=\"https:\/\/www.europesays.com\/es\/wp-content\/uploads\/2025\/09\/47IEWVRQIVESTJUWCFON4BMV24.png\" alt=\"El Madrid ya no es de izquierdas\" height=\"386\" width=\"495\"   loading=\"lazy\"\/><\/p>\n<p class=\"\">No fue algo exclusivo <a href=\"https:\/\/as.com\/futbol\/videos\/resumen-y-goles-del-real-madrid-vs-espanyol-jornada-5-de-laliga-ea-sports-25-26-v\/\" target=\"_self\" rel=\"nofollow noopener\" title=\"https:\/\/as.com\/futbol\/videos\/resumen-y-goles-del-real-madrid-vs-espanyol-jornada-5-de-laliga-ea-sports-25-26-v\/\">de este 2-0 al sorprendente Espanyol de Manolo Gonz\u00e1lez<\/a>. S\u00f3lo hay que ver, por ejemplo, la visita a San Sebasti\u00e1n&#8230; Seg\u00fan datos de OPTA, el equipo incluso<b> atac\u00f3 levemente m\u00e1s desde la derecha, con un 34,9% <\/b>de sus ataques por ese flanco, por los 34,7% desde el izquierdo.<\/p>\n<p><img decoding=\"async\" src=\"https:\/\/www.europesays.com\/es\/wp-content\/uploads\/2025\/09\/6544EWL6KVON7D6TOWLCFPPLKQ.jpg\" alt=\"El Madrid ya no es de izquierdas\" height=\"2646\" width=\"4193\"   loading=\"lazy\"\/>Soccer Football &#8211; LaLiga &#8211; Real Madrid v Espanyol &#8211; Santiago Bernabeu, Madrid, Spain &#8211; September 20, 2025 Espanyol&#8217;s Roberto Fernandez in action with Real Madrid&#8217;s Franco Mastantuono REUTERS\/Juan MedinaJuan Medina<\/p>\n<p class=\"\">Tambi\u00e9n sirve como baremo acudir al mapa de calor de Vini y Franco este pasado s\u00e1bado contra los blanquiazules. Casi un perfecto <b>equilibrio <\/b>entre presencia y \u00e1reas, tanto la banda derecha como la izquierda, de influencia. El Madrid <b>busc\u00f3 caminos hacia Dmitrovic a trav\u00e9s de los dos<\/b>, lejos de ese mirar y mirar a Vinicius de la temporada pasada. <\/p>\n<p><img decoding=\"async\" src=\"https:\/\/www.europesays.com\/es\/wp-content\/uploads\/2025\/09\/QP2FYAB6UNBDHG2VA63JB4FOAA.png\" alt=\"El Madrid ya no es de izquierdas\" height=\"499\" width=\"627\"   loading=\"lazy\"\/>La pide m\u00e1s&#8230;<\/p>\n<p class=\"\">Mastantuono est\u00e1 mostr\u00e1ndose m\u00e1s atrevido de lo que era Rodrygo el curso pasado en ese papel diestro. Es <b>un perfil a explorar y explotar todav\u00eda m\u00e1s<\/b>, <a href=\"https:\/\/as.com\/futbol\/bellingham-cambia-el-plan-n\/\" target=\"_self\" rel=\"nofollow noopener\" title=\"https:\/\/as.com\/futbol\/bellingham-cambia-el-plan-n\/\">y m\u00e1s ahora que la vuelta ya una realidad Bellingham cambiar\u00e1 el plan establecido<\/a> ahora en el seis de seis del Madrid en lo que va de 2025-26. Porque adem\u00e1s el internacional albiceleste, Brahim tiene algo que decir y<b> la presencia de Jude podr\u00eda desplazar a esa zona derecha a G\u00fcler<\/b>, que se ha mostrado revoltoso, con dos goles y una asistencia. Una zurda tambi\u00e9n para amenazar desde lejos. Para seguir configurando una autopista por la derecha. <\/p>\n<p>Noticias relacionadas<a href=\"https:\/\/as.com\/futbol\/hay-lio-vinicius-protesta-su-cambio-n\/\" class=\"s_m_w\" title=\"Al ver la tabla electr\u00f3nica con su dorsal arroj\u00f3 una botella y escenific\u00f3 con los brazos su disconformidad al ser sustituido en el 77\u2032. Se recrudece su caso. \" data-tb-link=\"\" rel=\"nofollow noopener\" target=\"_blank\"><img decoding=\"async\" src=\"https:\/\/www.europesays.com\/es\/wp-content\/uploads\/2025\/09\/MJZ3ZUWMDREBTOLHGWEWGLLLWU.jpg\" alt=\"Hay l\u00edo: Vinicius \u2018protesta\u2019 su cambio\" class=\"\" height=\"1\" width=\"1\"   loading=\"lazy\" data-tb-thumbnail=\"\"\/><\/a><a href=\"https:\/\/as.com\/futbol\/primera\/paso-a-la-artilleria-n\/\" class=\"s_m_w\" title=\"El Madrid confirma su liderato con dos goles desde fuera del \u00e1rea, de Militao y el inevitable Mbapp\u00e9. Volvieron Bellingham y Camavinga.\" data-tb-link=\"\" rel=\"nofollow noopener\" target=\"_blank\"><img decoding=\"async\" src=\"https:\/\/www.europesays.com\/es\/wp-content\/uploads\/2025\/09\/K6Z5S2DKJFOVXDTY5BK6X2MHH4.jpg\" alt=\"Paso a la artiller\u00eda\" class=\"\" height=\"1\" width=\"1\"   loading=\"lazy\" data-tb-thumbnail=\"\"\/><\/a><\/p>\n<p class=\"\"><b>\u00a1Tus opiniones importan!<\/b> Comenta en los art\u00edculos y suscr\u00edbete gratis a nuestra <a href=\"https:\/\/asfan.as.com\/newsletters\/\" target=\"_blank\" rel=\"nofollow noopener\" title=\"https:\/\/asfan.as.com\/newsletters\/\">newsletter<\/a> y a las alertas informativas en la <a href=\"https:\/\/as.com\/aplicacion-de-as-n\/\" target=\"_blank\" rel=\"nofollow noopener\" title=\"https:\/\/as.com\/aplicacion-de-as-n\/\">App<\/a> o el canal de <a href=\"https:\/\/www.whatsapp.com\/channel\/0029VaAasdA7j6g745nz9M10\" target=\"_blank\" rel=\"nofollow noopener\" title=\"https:\/\/www.whatsapp.com\/channel\/0029VaAasdA7j6g745nz9M10\">WhatsApp<\/a>.<\/p>\n<p class=\"\">\u00bfBuscas licenciar contenido? Haz clic <a href=\"https:\/\/profesional.elpais.com\/soluciones-sindicacion?utm_medium=interno&amp;utm_source=crosslinking&amp;utm_campaign=sindicacion_as_pie_articulos\" target=\"_blank\" rel=\"nofollow noopener\" title=\"https:\/\/profesional.elpais.com\/soluciones-sindicacion?utm_medium=interno&amp;utm_source=crosslinking&amp;utm_campaign=sindicacion_as_pie_articulos\">aqu\u00ed<\/a><\/p>\n","protected":false},"excerpt":{"rendered":"El Madrid se derechiza con Franco Mastantuono. Cada partido con Xabi queda m\u00e1s en evidencia la idea del&hellip;\n","protected":false},"author":2,"featured_media":128564,"comment_status":"","ping_status":"","sticky":false,"template":"","format":"standard","meta":{"footnotes":""},"categories":[268],"tags":[168,25,24,280,282,281,23,167],"class_list":{"0":"post-128563","1":"post","2":"type-post","3":"status-publish","4":"format-standard","5":"has-post-thumbnail","7":"category-futbol","8":"tag-deportes","9":"tag-es","10":"tag-espana","11":"tag-football","12":"tag-futbol","13":"tag-soccer","14":"tag-spain","15":"tag-sports"},"share_on_mastodon":{"url":"","error":""},"_links":{"self":[{"href":"https:\/\/www.europesays.com\/es\/wp-json\/wp\/v2\/posts\/128563","targetHints":{"allow":["GET"]}}],"collection":[{"href":"https:\/\/www.europesays.com\/es\/wp-json\/wp\/v2\/posts"}],"about":[{"href":"https:\/\/www.europesays.com\/es\/wp-json\/wp\/v2\/types\/post"}],"author":[{"embeddable":true,"href":"https:\/\/www.europesays.com\/es\/wp-json\/wp\/v2\/users\/2"}],"replies":[{"embeddable":true,"href":"https:\/\/www.europesays.com\/es\/wp-json\/wp\/v2\/comments?post=128563"}],"version-history":[{"count":0,"href":"https:\/\/www.europesays.com\/es\/wp-json\/wp\/v2\/posts\/128563\/revisions"}],"wp:featuredmedia":[{"embeddable":true,"href":"https:\/\/www.europesays.com\/es\/wp-json\/wp\/v2\/media\/128564"}],"wp:attachment":[{"href":"https:\/\/www.europesays.com\/es\/wp-json\/wp\/v2\/media?parent=128563"}],"wp:term":[{"taxonomy":"category","embeddable":true,"href":"https:\/\/www.europesays.com\/es\/wp-json\/wp\/v2\/categories?post=128563"},{"taxonomy":"post_tag","embeddable":true,"href":"https:\/\/www.europesays.com\/es\/wp-json\/wp\/v2\/tags?post=128563"}],"curies":[{"name":"wp","href":"https:\/\/api.w.org\/{rel}","templated":true}]}}