{"id":128578,"date":"2025-09-21T01:31:04","date_gmt":"2025-09-21T01:31:04","guid":{"rendered":"https:\/\/www.europesays.com\/es\/128578\/"},"modified":"2025-09-21T01:31:04","modified_gmt":"2025-09-21T01:31:04","slug":"trump-da-ultimatum-a-venezuela-para-que-reciba-a-sus-presos-dw-21-09-2025","status":"publish","type":"post","link":"https:\/\/www.europesays.com\/es\/128578\/","title":{"rendered":"Trump da ultim\u00e1tum a Venezuela para que reciba a sus presos \u2013 DW \u2013 21\/09\/2025"},"content":{"rendered":"<p>El presidente estadounidense, <a class=\"internal-link\" href=\"https:\/\/www.dw.com\/es\/trump-donald\/t-19445010\" rel=\"nofollow noopener\" target=\"_blank\">Donald Trump<\/a>, dijo este s\u00e1bado (20.09.2025) que <a class=\"internal-link\" href=\"https:\/\/www.dw.com\/es\/venezuela\/t-17410652\" rel=\"nofollow noopener\" target=\"_blank\">Venezuela<\/a> pagar\u00e1 un alto precio si no readmite a sus \u00abpresos\u00bb que est\u00e1n en Estados Unidos, en plena escalada de tensiones por el despliegue militar de Washington en el Caribe.<\/p>\n<p>\u00abQueremos que Venezuela acepte inmediatamente a todos los presos, y la gente de instituciones mentales, que incluye a los peores asilos de dementes del mundo, que el &#8216;liderazgo&#8217; venezolano ha forzado a ir a los Estados Unidos de Am\u00e9rica\u00bb, escribi\u00f3 Trump en Truth Social.<\/p>\n<p>Trump agreg\u00f3 que \u00abmiles de personas han sido gravemente heridas e incluso asesinadas por esos monstruos\u00bb y concluy\u00f3 su mensaje con una amenaza en may\u00fasculas en la que insta al Gobierno de Venezuela a \u00absacarlos\u00bb de Estados Unidos de inmediato o pagar un precio \u00abincalculable\u00bb.<\/p>\n<blockquote class=\"tweet embed\" data-id=\"1969463887402500386\"\/>\n<p>Los comentarios se producen despu\u00e9s de que <a class=\"internal-link\" href=\"https:\/\/www.dw.com\/es\/venezuela-militarmente-no-tiene-opci\u00f3n-ante-estados-unidos\/a-74052118\" rel=\"nofollow noopener\" target=\"_blank\">Estados Unidos<\/a>\u00a0haya hundido ya cuatro embarcaciones adjudicadas al narcotr\u00e1fico en el Caribe, cerca de las costas venezolanas, al menos tres procedentes de Venezuela y la cuarta de ellas, cuyo origen se desconoce, la noche de este viernes.<\/p>\n<p>Estados Unidos\u00a0<a class=\"internal-link\" href=\"https:\/\/www.dw.com\/es\/eeuu-confirma-despliegue-de-cazas-f-35b-en-puerto-rico\/a-74053294\" rel=\"nofollow noopener\" target=\"_blank\">increment\u00f3 en agosto su presencia militar<\/a> en aguas internacionales justificando la necesidad de \u00abcombatir el narcotr\u00e1fico\u00bb y con el foco en el Cartel de los Soles que, seg\u00fan el Gobierno Trump, est\u00e1 liderado por el presidente venezolano, Nicol\u00e1s Maduro.<\/p>\n<p>Mientras tanto, Trump ha equiparado en numerosas ocasiones a los inmigrantes en Estados Unidos\u00a0con criminales y enfermos mentales, un argumento con el que ha desarrollado su agresiva campa\u00f1a de arrestos y deportaciones.<\/p>\n<p>Tambi\u00e9n ha invocado una ley utilizada en tiempos de guerra, ahora disputada en los tribunales, para expulsar a cientos de venezolanos a los que acusa de pertenecer a la organizaci\u00f3n criminal Tren de Aragua, declarada terrorista por el Gobierno de Estados Unidos.<\/p>\n<p>De acuerdo con cifras del Gobierno de Nicol\u00e1s Maduro, m\u00e1s de 13.000 migrantes han regresado a Venezuela desde principios de a\u00f1o, cuando Caracas y Washington, sin relaciones diplom\u00e1ticas desde 2019, suscribieron un acuerdo de deportaci\u00f3n.<\/p>\n<p>gs (efe, reuters)<\/p>\n","protected":false},"excerpt":{"rendered":"El presidente estadounidense, Donald Trump, dijo este s\u00e1bado (20.09.2025) que Venezuela pagar\u00e1 un alto precio si no readmite&hellip;\n","protected":false},"author":2,"featured_media":128579,"comment_status":"","ping_status":"","sticky":false,"template":"","format":"standard","meta":{"footnotes":""},"categories":[42],"tags":[17,18,13,14,11,61,62,63,64,19,20,9,10,15,16,12,21,22,65,66,67],"class_list":{"0":"post-128578","1":"post","2":"type-post","3":"status-publish","4":"format-standard","5":"has-post-thumbnail","7":"category-internacional","8":"tag-breaking-news","9":"tag-breakingnews","10":"tag-featured-news","11":"tag-featurednews","12":"tag-headlines","13":"tag-internacional","14":"tag-international","15":"tag-international-news","16":"tag-internationalnews","17":"tag-latest-news","18":"tag-latestnews","19":"tag-news","20":"tag-noticias","21":"tag-noticias-destacadas","22":"tag-noticiasdestacadas","23":"tag-titulares","24":"tag-ultimas-noticias","25":"tag-ultimasnoticias","26":"tag-world","27":"tag-world-news","28":"tag-worldnews"},"share_on_mastodon":{"url":"","error":""},"_links":{"self":[{"href":"https:\/\/www.europesays.com\/es\/wp-json\/wp\/v2\/posts\/128578","targetHints":{"allow":["GET"]}}],"collection":[{"href":"https:\/\/www.europesays.com\/es\/wp-json\/wp\/v2\/posts"}],"about":[{"href":"https:\/\/www.europesays.com\/es\/wp-json\/wp\/v2\/types\/post"}],"author":[{"embeddable":true,"href":"https:\/\/www.europesays.com\/es\/wp-json\/wp\/v2\/users\/2"}],"replies":[{"embeddable":true,"href":"https:\/\/www.europesays.com\/es\/wp-json\/wp\/v2\/comments?post=128578"}],"version-history":[{"count":0,"href":"https:\/\/www.europesays.com\/es\/wp-json\/wp\/v2\/posts\/128578\/revisions"}],"wp:featuredmedia":[{"embeddable":true,"href":"https:\/\/www.europesays.com\/es\/wp-json\/wp\/v2\/media\/128579"}],"wp:attachment":[{"href":"https:\/\/www.europesays.com\/es\/wp-json\/wp\/v2\/media?parent=128578"}],"wp:term":[{"taxonomy":"category","embeddable":true,"href":"https:\/\/www.europesays.com\/es\/wp-json\/wp\/v2\/categories?post=128578"},{"taxonomy":"post_tag","embeddable":true,"href":"https:\/\/www.europesays.com\/es\/wp-json\/wp\/v2\/tags?post=128578"}],"curies":[{"name":"wp","href":"https:\/\/api.w.org\/{rel}","templated":true}]}}