{"id":128589,"date":"2025-09-21T01:41:09","date_gmt":"2025-09-21T01:41:09","guid":{"rendered":"https:\/\/www.europesays.com\/es\/128589\/"},"modified":"2025-09-21T01:41:09","modified_gmt":"2025-09-21T01:41:09","slug":"el-casademont-zaragoza-u22-con-el-refuerzo-de-lucas-langarita-cae-ante-el-real-madrid","status":"publish","type":"post","link":"https:\/\/www.europesays.com\/es\/128589\/","title":{"rendered":"El Casademont Zaragoza U22, con el refuerzo de Lucas Langarita, cae ante el Real Madrid"},"content":{"rendered":"<p class=\"paragraph\">El Casademont Zaragoza U22 ha disputado su segundo amistoso de la pretemporada frente al Real Madrid U22 en el pabell\u00f3n del CN Helios, que present\u00f3 <b>un lleno con cerca de 600 personas<\/b>. Pese a caer por 68 a 81, el equipo aragon\u00e9s compiti\u00f3 y luch\u00f3 hasta el final, y adem\u00e1s llev\u00f3 la iniciativa en el marcador durante buena parte del encuentro.<\/p>\n<p class=\"paragraph\">El inicio fue prometedor para los rojillos, que se mostraron s\u00f3lidos en defensa y acertados en ataque para adjudicarse el primer cuarto (23-17). La igualdad marc\u00f3 el segundo periodo, con continuas alternancias y <b>m\u00e1xima tensi\u00f3n hasta llegar al descanso con una ligera ventaja (44-43).<\/b><\/p>\n<p class=\"paragraph\">Tras el paso por los vestuarios, los de Jorge Serna siguieron dando la cara, llegando al \u00faltimo cuarto por delante (62-61). No obstante, <b>en los minutos decisivos emergi\u00f3 la contundencia del rival<\/b>, que impuso su acierto ofensivo para acabar llev\u00e1ndose el triunfo (68-81).<\/p>\n<p class=\"paragraph\">Una de las novedades fue<b> la presencia en el equipo de Lucas Langarita<\/b>,\u00a0 jugador de la primera plantilla pero que puede actuar con el U22 por edad. Para mejorar su formaci\u00f3n y buscar minutos, reforzar\u00e1 al equipo U22 en determinados momentos. Frente al Real Madrid fue el m\u00e1ximo anotador del equipo con 12 puntos en los 22 minutos que estuvo en pista.\u00a0<\/p>\n<p class=\"paragraph\">\u00a0El encuentro dej\u00f3 un gran ambiente y una nueva oportunidad de crecimiento para el U22 que sigue dando pasos firmes en su preparaci\u00f3n.<\/p>\n","protected":false},"excerpt":{"rendered":"El Casademont Zaragoza U22 ha disputado su segundo amistoso de la pretemporada frente al Real Madrid U22 en&hellip;\n","protected":false},"author":2,"featured_media":128590,"comment_status":"","ping_status":"","sticky":false,"template":"","format":"standard","meta":{"footnotes":""},"categories":[269],"tags":[299,298,2511,168,25,24,41477,205,2871,23,167,491],"class_list":{"0":"post-128589","1":"post","2":"type-post","3":"status-publish","4":"format-standard","5":"has-post-thumbnail","7":"category-baloncesto","8":"tag-baloncesto","9":"tag-basketball","10":"tag-casademont","11":"tag-deportes","12":"tag-es","13":"tag-espana","14":"tag-langarita","15":"tag-madrid","16":"tag-refuerzo","17":"tag-spain","18":"tag-sports","19":"tag-zaragoza"},"share_on_mastodon":{"url":"","error":""},"_links":{"self":[{"href":"https:\/\/www.europesays.com\/es\/wp-json\/wp\/v2\/posts\/128589","targetHints":{"allow":["GET"]}}],"collection":[{"href":"https:\/\/www.europesays.com\/es\/wp-json\/wp\/v2\/posts"}],"about":[{"href":"https:\/\/www.europesays.com\/es\/wp-json\/wp\/v2\/types\/post"}],"author":[{"embeddable":true,"href":"https:\/\/www.europesays.com\/es\/wp-json\/wp\/v2\/users\/2"}],"replies":[{"embeddable":true,"href":"https:\/\/www.europesays.com\/es\/wp-json\/wp\/v2\/comments?post=128589"}],"version-history":[{"count":0,"href":"https:\/\/www.europesays.com\/es\/wp-json\/wp\/v2\/posts\/128589\/revisions"}],"wp:featuredmedia":[{"embeddable":true,"href":"https:\/\/www.europesays.com\/es\/wp-json\/wp\/v2\/media\/128590"}],"wp:attachment":[{"href":"https:\/\/www.europesays.com\/es\/wp-json\/wp\/v2\/media?parent=128589"}],"wp:term":[{"taxonomy":"category","embeddable":true,"href":"https:\/\/www.europesays.com\/es\/wp-json\/wp\/v2\/categories?post=128589"},{"taxonomy":"post_tag","embeddable":true,"href":"https:\/\/www.europesays.com\/es\/wp-json\/wp\/v2\/tags?post=128589"}],"curies":[{"name":"wp","href":"https:\/\/api.w.org\/{rel}","templated":true}]}}