{"id":128605,"date":"2025-09-21T01:57:15","date_gmt":"2025-09-21T01:57:15","guid":{"rendered":"https:\/\/www.europesays.com\/es\/128605\/"},"modified":"2025-09-21T01:57:15","modified_gmt":"2025-09-21T01:57:15","slug":"el-oar-vuelve-a-tirar-de-epica-para-tumbar-a-burgos-33-30","status":"publish","type":"post","link":"https:\/\/www.europesays.com\/es\/128605\/","title":{"rendered":"El OAR vuelve a tirar de \u00e9pica para tumbar a Burgos (33-30)"},"content":{"rendered":"<p>El <strong>balonmano<\/strong> regres\u00f3 al <strong>San Francisco Javier<\/strong> 126 d\u00edas despu\u00e9s del \u00faltimo encuentro que el Attica 21 Hotels <strong>OAR<\/strong> Coru\u00f1a disput\u00f3 en su feudo. Ese choque dej\u00f3 el mejor recuerdo posible, ya que fue el que supuso el ascenso del club a Divisi\u00f3n de Honor Plata diecisiete a\u00f1os despu\u00e9s de su \u00faltima participaci\u00f3n en la categor\u00eda. Cuatro meses m\u00e1s tarde de esa remontada hist\u00f3rica contra La Salle C\u00f3rdoba, los coru\u00f1eses recib\u00edan a <strong>San Pablo Burgos<\/strong>, uno de los grandes favoritos para subir a Asobal, con la tranquilidad de haber ganado en la primera jornada al Cisne a domicilio.<\/p>\n<p>\u00a0<\/p>\n<p>Primera parte<\/p>\n<p>\u00a0<\/p>\n<p>El primer gol del OAR como local en Plata llegaba a trav\u00e9s de Gabi Navarro, que igualaba el tanto inicial de Burgos con un potente lanzamiento con su brazo izquierdo. Era el propio Navarro quien daba la primera ventaja del encuentro a los coru\u00f1eses poco despu\u00e9s, poniendo el 4-3 tras una gran acci\u00f3n defensiva de su equipo. Era entonces cuando llegaban los primeros siete metros del choque, con Jaime Fern\u00e1ndez acertando para Burgos y \u00c1lex Chan viendo como el guardameta rival, Gerard Forns, deten\u00eda su intento.<\/p>\n<p>\u00a0<\/p>\n<p>Estaba bien plantado el OAR sobre la pista del San Francisco Javier, mientras que San Pablo atravesaba una mala racha en ataque, coincidiendo con una sanci\u00f3n de dos minutos. El equipo de Nando Gonz\u00e1lez no le perd\u00eda la cara al partido y estaba siendo capaz de mantener la contienda igualada en los primeros minutos del encuentro, poni\u00e9ndoselo dif\u00edcil a uno de los favoritos al ascenso y llegando al ecuador de la primera mitad uno abajo: 8-9.<\/p>\n<p>\u00a0<\/p>\n<p>Los coru\u00f1eses estaban jugando pausados, buscando a Sergio Tor\u00edo en la posici\u00f3n de pivote o los latigazos lejanos de Diego Mart\u00ednez, \u00c1lex Chan y Gabi Navarro, aunque ten\u00edan m\u00e1s dificultades para encontrar a los extremos. Por su parte, San Pablo Burgos buscaba ataques m\u00e1s r\u00e1pidos con la intenci\u00f3n de que la defensa local no se llegase a colocar, ya que el ataque est\u00e1tico les estaba costando bastante m\u00e1s.<\/p>\n<p>\u00a0<\/p>\n<p>A falta de diez minutos, San Pablo se volv\u00eda a quedar con un hombre menos tras la exclusi\u00f3n de Pedro Rodrigues. Una superioridad que aprovechaba el OAR para pasar del 9-11 al 10-11 en el marcador, aunque antes de acabarla era el capit\u00e1n Diego Mart\u00ednez quien se ten\u00eda que sentar dos minutos en el banquillo. Resolv\u00eda bien la coyuntura el equipo herculino empatando el encuentro en ese tramo. Burgos se iba dos arriba, pero se volv\u00eda a quedar con uno menos. Los coru\u00f1eses no lo terminaban de aprovechar y el partido llegaba al descanso <strong>14-15.<\/strong><\/p>\n<p>\u00a0<\/p>\n<p>Segunda parte<\/p>\n<p>\u00a0<\/p>\n<p>Se le complicaba algo la empresa a Burgos en la segunda parte, ya que no iba a poder contar con uno de sus mejores jugadores como <strong>Miguel Malo<\/strong>, que se hizo da\u00f1o en un pie en una jugada aislada del primer tiempo y no pudo regresar a la pista. No empezaba mal el OAR, que igualaba el partido, pero perd\u00eda a un jugador por exclusi\u00f3n poco despu\u00e9s. Mile Mijuskovic deten\u00eda un siete metros a Jaime Gonz\u00e1lez, pero Peter Kende no era capaz de convertir su lanzamiento en ataque. S\u00ed lo hac\u00eda Beltr\u00e1n Bed\u00eda con un golazo espectacular que pon\u00eda por delante a los herculinos 18-17 y encend\u00eda a banquillo y grada.<\/p>\n<p>\u00a0<\/p>\n<p>No se estaba amedrentando, ni mucho menos, un OAR que estaba plantando cara a un equipo que hace unos meses se qued\u00f3 a tan solo un gol de subir a Asobal. Los coru\u00f1eses estaban vendiendo cara su piel y quer\u00edan sumar su segundo triunfo de la temporada y el primero ante su afici\u00f3n. El partido crec\u00eda en intensidad y bajaba en ritmo anotados, con ataques m\u00e1s largos e imprecisos en ambas \u00e1reas.\u00a0<\/p>\n<p>\u00a0<\/p>\n<p>Los coru\u00f1eses empezaban a encontrar a Pepe Mora en el extremo izquierdo, quien estaba acertado de cara a porter\u00eda para mantener a los suyos en el encuentro. Se complicaba temporalmente el choque para los locales, que perd\u00edan durante dos minutos a su capit\u00e1n y recib\u00edan un nuevo gol desde los siete metros. Consegu\u00eda el OAR no ceder mucho terreno en ese tramo y quedarse a tres de distancia a falta de ocho minutos para el final.<\/p>\n<p>\u00a0<\/p>\n<p>Probaba cosas Nando Gonz\u00e1lez para buscar la remontada, dando entrada de nuevo a Sergio Tor\u00edo en el pivote y a Isra Mar\u00edn en la porter\u00eda. El guardameta se hac\u00eda grande y firmaba tres paradones en sus tres primeras defensas, mientras que sus compa\u00f1eros daban la vuelta al marcador (29-28) en ataque, provocando el delirio de la grada y el tiempo muerto de Burgos a poco m\u00e1s de tres minutos para la bocina final.\u00a0<\/p>\n<p>\u00a0<\/p>\n<p>Casanova empataba el partido con un gran gol, pero el OAR segu\u00eda acertado y Sergio Tor\u00edo devolv\u00eda la ventaja local. Se repet\u00eda la secuencia con distintos protagonistas para el 31-30 y era entonces cuando Diego Mart\u00ednez realizaba una gran acci\u00f3n defensiva para recuperar la posesi\u00f3n. En ese ataque, \u00c1lex Chan marcaba y Alberto Rold\u00e1n volv\u00eda a robar en defensa, dejando el choque visto para sentencia con un nuevo tanto de Chan, que hizo el 33-30 definitivo para tumbar a uno de los favoritos de la categor\u00eda. El OAR suma dos triunfos y cuatro puntos, manteni\u00e9ndose en los primeros puestos de la tabla.<\/p>\n<p>\u00a0<\/p>\n<p>Ficha t\u00e9cnica<\/p>\n<p>\u00a0<\/p>\n<tr>\n<td>OAR Coru\u00f1a 33-30 San Pablo Burgos<\/td>\n<\/tr>\n<tr>\n<td>\n<p><strong>OAR Coru\u00f1a (14+19): <\/strong>Diogo Freitas (2), Alberto Rold\u00e1n (7), \u00c1lex Chan (7), Pablo Moral (0), Beltr\u00e1n Bed\u00eda (2), Gabi Navarro (3), Rub\u00e9n S\u00e1nchez (0), Diego Mart\u00ednez (1), \u00c1lex Malid (0), Pepe Mora (3), Luisma De Goya (0), Mile Mijuskovic (p.), Peter Kende (1), Isra Mar\u00edn (p.), Sergio Tor\u00edo (7) y Gael Blanco (0).<\/p>\n<p><strong>San Pablo Burgos (15+15): <\/strong>Joao Morais (3), Nassim Bellahcene (1), Javier Espinosa (0), Pablo G\u00f3mez (0), Tom\u00e1s Moreira (2), Jaime Fern\u00e1ndez (10), Marcos Garc\u00eda (2), Jaime Gonz\u00e1lez (4), Fabrizio Casanova (2), Miguel Malo (0), Pedro Rodrigues (1), Gerard Forns (1), Daniel Santamar\u00eda (p.), Brian Estebanez (0), Adri\u00e1n S\u00e1nchez (2) y Asier Pedroarena (2).<\/p>\n<p><strong>\u00c1rbitros: <\/strong>Abel Juncal L\u00f3pez y \u00c1ngel Mateos Alonso.<\/p>\n<p><strong>Incidencias:<\/strong> Partido correspondiente a la segunda jornada de Divisi\u00f3n de Honor Plata disputado en el pabell\u00f3n San Francisco Javier de A Coru\u00f1a.<\/p>\n<\/td>\n<\/tr>\n","protected":false},"excerpt":{"rendered":"El balonmano regres\u00f3 al San Francisco Javier 126 d\u00edas despu\u00e9s del \u00faltimo encuentro que el Attica 21 Hotels&hellip;\n","protected":false},"author":2,"featured_media":128606,"comment_status":"","ping_status":"","sticky":false,"template":"","format":"standard","meta":{"footnotes":""},"categories":[278],"tags":[376,168,25,24,375,23,167],"class_list":{"0":"post-128605","1":"post","2":"type-post","3":"status-publish","4":"format-standard","5":"has-post-thumbnail","7":"category-balonmano","8":"tag-balonmano","9":"tag-deportes","10":"tag-es","11":"tag-espana","12":"tag-handball","13":"tag-spain","14":"tag-sports"},"share_on_mastodon":{"url":"","error":""},"_links":{"self":[{"href":"https:\/\/www.europesays.com\/es\/wp-json\/wp\/v2\/posts\/128605","targetHints":{"allow":["GET"]}}],"collection":[{"href":"https:\/\/www.europesays.com\/es\/wp-json\/wp\/v2\/posts"}],"about":[{"href":"https:\/\/www.europesays.com\/es\/wp-json\/wp\/v2\/types\/post"}],"author":[{"embeddable":true,"href":"https:\/\/www.europesays.com\/es\/wp-json\/wp\/v2\/users\/2"}],"replies":[{"embeddable":true,"href":"https:\/\/www.europesays.com\/es\/wp-json\/wp\/v2\/comments?post=128605"}],"version-history":[{"count":0,"href":"https:\/\/www.europesays.com\/es\/wp-json\/wp\/v2\/posts\/128605\/revisions"}],"wp:featuredmedia":[{"embeddable":true,"href":"https:\/\/www.europesays.com\/es\/wp-json\/wp\/v2\/media\/128606"}],"wp:attachment":[{"href":"https:\/\/www.europesays.com\/es\/wp-json\/wp\/v2\/media?parent=128605"}],"wp:term":[{"taxonomy":"category","embeddable":true,"href":"https:\/\/www.europesays.com\/es\/wp-json\/wp\/v2\/categories?post=128605"},{"taxonomy":"post_tag","embeddable":true,"href":"https:\/\/www.europesays.com\/es\/wp-json\/wp\/v2\/tags?post=128605"}],"curies":[{"name":"wp","href":"https:\/\/api.w.org\/{rel}","templated":true}]}}