{"id":128611,"date":"2025-09-21T02:03:04","date_gmt":"2025-09-21T02:03:04","guid":{"rendered":"https:\/\/www.europesays.com\/es\/128611\/"},"modified":"2025-09-21T02:03:04","modified_gmt":"2025-09-21T02:03:04","slug":"esteban-ocon-descalificado-en-baku-por-un-aleron-trasero-ilegal-en-la-clasificacion","status":"publish","type":"post","link":"https:\/\/www.europesays.com\/es\/128611\/","title":{"rendered":"Esteban Ocon, descalificado en Bak\u00fa por un aler\u00f3n trasero ilegal en la clasificaci\u00f3n"},"content":{"rendered":"<p><strong>Esteban Ocon ha sido eliminado de la clasificaci\u00f3n del Gran Premio de Azerbaiy\u00e1n de F\u00f3rmula 1<\/strong> despu\u00e9s de que el aler\u00f3n trasero de su Haas no cumpliera con las pruebas de deflexi\u00f3n establecidas por la FIA, seg\u00fan informa Motorsport.com<\/p>\n<p>\u00a0<\/p>\n<p>Tras una sesi\u00f3n clasificatoria ca\u00f3tica en las calles de Bak\u00fa, se detect\u00f3 que <strong>el aler\u00f3n trasero de Ocon se desviaba m\u00e1s all\u00e1 del l\u00edmite permitido de 0,5 mm<\/strong>, lo que llev\u00f3 al delegado t\u00e9cnico de la FIA, <strong>Jo Bauer<\/strong>, a remitir el caso a los comisarios. Esto probablemente conllevar\u00e1 la <strong>descalificaci\u00f3n del piloto franc\u00e9s<\/strong> en la clasificaci\u00f3n, lo que implicar\u00e1 que <strong>salga desde el pit lane el domingo<\/strong>.<\/p>\n<p>\u00a0<\/p>\n<p>Bauer declar\u00f3: \u201cSe realiz\u00f3 una prueba de deflexi\u00f3n en la punta del plano principal del aler\u00f3n trasero conforme al <strong>Art\u00edculo 3.15.17 del Reglamento T\u00e9cnico<\/strong>. Las medidas tomadas en este aler\u00f3n trasero superaron la <strong>deflexi\u00f3n permitida de 0,5 mm<\/strong>. Por ello, remito este asunto a los comisarios para su consideraci\u00f3n.\u201d<\/p>\n<p>\u00a0<\/p>\n<p>El <strong>art\u00edculo 3.15.17 del reglamento t\u00e9cnico de la F1<\/strong> fue endurecido al inicio de esta temporada, ya que la FIA reforz\u00f3 el control sobre los equipos que aprovechaban la aeroelasticidad del aler\u00f3n trasero, fen\u00f3meno conocido como <strong>\u201cmini-DRS\u201d<\/strong>. <strong>La deflexi\u00f3n permitida en el plano principal del aler\u00f3n trasero se redujo de 2 mm a 0,5 mm<\/strong> cuando se aplica una carga est\u00e1tica de 750 Nm durante las pruebas.<\/p>\n<p>\u00a0<\/p>\n","protected":false},"excerpt":{"rendered":"Esteban Ocon ha sido eliminado de la clasificaci\u00f3n del Gran Premio de Azerbaiy\u00e1n de F\u00f3rmula 1 despu\u00e9s de&hellip;\n","protected":false},"author":2,"featured_media":128612,"comment_status":"","ping_status":"","sticky":false,"template":"","format":"standard","meta":{"footnotes":""},"categories":[270],"tags":[41484,41486,168,41020,25,24,2100,306,2041,271,272,41485,23,167],"class_list":{"0":"post-128611","1":"post","2":"type-post","3":"status-publish","4":"format-standard","5":"has-post-thumbnail","7":"category-formula-1","8":"tag-aleron-trasero-ilegal","9":"tag-deflexion-aleron-trasero","10":"tag-deportes","11":"tag-descalificacion","12":"tag-es","13":"tag-espana","14":"tag-esteban-ocon","15":"tag-f1","16":"tag-fia","17":"tag-formula-1","18":"tag-formula1","19":"tag-gran-premio-azerbaiyan","20":"tag-spain","21":"tag-sports"},"share_on_mastodon":{"url":"","error":""},"_links":{"self":[{"href":"https:\/\/www.europesays.com\/es\/wp-json\/wp\/v2\/posts\/128611","targetHints":{"allow":["GET"]}}],"collection":[{"href":"https:\/\/www.europesays.com\/es\/wp-json\/wp\/v2\/posts"}],"about":[{"href":"https:\/\/www.europesays.com\/es\/wp-json\/wp\/v2\/types\/post"}],"author":[{"embeddable":true,"href":"https:\/\/www.europesays.com\/es\/wp-json\/wp\/v2\/users\/2"}],"replies":[{"embeddable":true,"href":"https:\/\/www.europesays.com\/es\/wp-json\/wp\/v2\/comments?post=128611"}],"version-history":[{"count":0,"href":"https:\/\/www.europesays.com\/es\/wp-json\/wp\/v2\/posts\/128611\/revisions"}],"wp:featuredmedia":[{"embeddable":true,"href":"https:\/\/www.europesays.com\/es\/wp-json\/wp\/v2\/media\/128612"}],"wp:attachment":[{"href":"https:\/\/www.europesays.com\/es\/wp-json\/wp\/v2\/media?parent=128611"}],"wp:term":[{"taxonomy":"category","embeddable":true,"href":"https:\/\/www.europesays.com\/es\/wp-json\/wp\/v2\/categories?post=128611"},{"taxonomy":"post_tag","embeddable":true,"href":"https:\/\/www.europesays.com\/es\/wp-json\/wp\/v2\/tags?post=128611"}],"curies":[{"name":"wp","href":"https:\/\/api.w.org\/{rel}","templated":true}]}}