{"id":128615,"date":"2025-09-21T02:05:14","date_gmt":"2025-09-21T02:05:14","guid":{"rendered":"https:\/\/www.europesays.com\/es\/128615\/"},"modified":"2025-09-21T02:05:14","modified_gmt":"2025-09-21T02:05:14","slug":"plaga-de-lesiones-en-el-villarreal-antes-de-encarar-el-calendario-mas-complicado","status":"publish","type":"post","link":"https:\/\/www.europesays.com\/es\/128615\/","title":{"rendered":"Plaga de lesiones en el Villarreal antes de encarar el calendario m\u00e1s complicado"},"content":{"rendered":"<p data-mrf-recirculation=\"Links P\u00e1rrafos\" class=\"ue-c-article__paragraph paragraph ue-c-article--first-letter-highlighted\">La tarde del s\u00e1bado no comenzaba bien en el Villarreal al confirmarse <strong><a href=\"https:\/\/www.marca.com\/futbol\/villarreal\/2025\/09\/20\/ayoze-resiente-vuelve-dejar-delantera-justo.html\" target=\"_blank\" rel=\"nofollow noopener\">la lesi\u00f3n de Ayoze P\u00e9rez<\/a><\/strong> y, pese a la victoria ante Osasuna, acab\u00f3 con un sabor agridulce al sumarse dos nuevos efectivos del equipo amarillo a la enfermer\u00eda: <strong>Illias Akhomach y Juan Foyth<\/strong>. Ausencias, unidas a otras que ya estaban confirmadas, que <strong>merman al equipo amarillo<\/strong> a puertas de un calendario tan exigente como el que le espera en las pr\u00f3ximas semanas.<\/p>\n<p data-mrf-recirculation=\"Links P\u00e1rrafos\" class=\"ue-c-article__paragraph paragraph\">La noticia de la <strong>nueva lesi\u00f3n de Ayoze antes del partido ante el cuadro rojillo<\/strong>, cay\u00f3 como un mazazo en el seno del cuadro amarillo. Quien fuera premio Zarra la pasada temporada no ve hora buena en el inicio de esta campa\u00f1a  y, tras sufrir una reca\u00edda muscular, estar\u00e1 varias semanas m\u00e1s fuera de los terrenos de juego. <strong>Su ausencia , unida  la de Gerard Moreno,<\/strong> vuelve a dejar con los elementos justos a la delantera amarilla. Una p\u00e9sima noticia que no fue m\u00e1s que el prefacio de las que estaban por llegar tras el duelo ante Osasuna.<\/p>\n<p>Foyth estar\u00e1s varias jornadas fuera<\/p>\n<p data-mrf-recirculation=\"Links P\u00e1rrafos\" class=\"ue-c-article__paragraph paragraph\">Tal y como confirm\u00f3 el t\u00e9cnico amarillo,  Marcelino, los cambios durante el partido de jugadores como <strong>Foyth e Illias Akhomach, estuvieron tambi\u00e9n motivados por las lesiones de ambos futbolistas<\/strong>: \u201c<strong>Foyth<\/strong> tiene un <strong>problema muscular<\/strong> y seguramente estar\u00e1 algunas semanas fuera. <strong>Illias <\/strong>tuvo un <strong>problema en la parte posterior de la rodilla operada<\/strong> y habr\u00e1 que ver que tiene. seguramente tampoco pueda estar el martes\u201d<\/p>\n<p data-mrf-recirculation=\"Links P\u00e1rrafos\" class=\"ue-c-article__paragraph paragraph\">En el caso de Foyth, <strong>la lesi\u00f3n del argentino deja al Villarreal sin su principal referente defensivo<\/strong> justo <strong>antes de medirse a Sevilla, Athletic, Juventus y Real Madrid<\/strong> en el lapso de dos semanas. <strong>Su ausencia se unir\u00e1 a la de Pau Navarro, quien se marcha con la selecci\u00f3n sub 20<\/strong> para disputar el Mundial durante el pr\u00f3ximo mes y deja con pocas alternativas a la zaga amarilla . Y es que cabe recordar que los de La Plana no pueden contar tampoco con dos defensas como <strong>Logan Costa y Willy Kambwala<\/strong>, ambos <strong>lesionados de larga duraci\u00f3n<\/strong><\/p>\n","protected":false},"excerpt":{"rendered":"La tarde del s\u00e1bado no comenzaba bien en el Villarreal al confirmarse la lesi\u00f3n de Ayoze P\u00e9rez y,&hellip;\n","protected":false},"author":2,"featured_media":128616,"comment_status":"","ping_status":"","sticky":false,"template":"","format":"standard","meta":{"footnotes":""},"categories":[268],"tags":[168,25,24,280,282,281,23,167],"class_list":{"0":"post-128615","1":"post","2":"type-post","3":"status-publish","4":"format-standard","5":"has-post-thumbnail","7":"category-futbol","8":"tag-deportes","9":"tag-es","10":"tag-espana","11":"tag-football","12":"tag-futbol","13":"tag-soccer","14":"tag-spain","15":"tag-sports"},"share_on_mastodon":{"url":"","error":""},"_links":{"self":[{"href":"https:\/\/www.europesays.com\/es\/wp-json\/wp\/v2\/posts\/128615","targetHints":{"allow":["GET"]}}],"collection":[{"href":"https:\/\/www.europesays.com\/es\/wp-json\/wp\/v2\/posts"}],"about":[{"href":"https:\/\/www.europesays.com\/es\/wp-json\/wp\/v2\/types\/post"}],"author":[{"embeddable":true,"href":"https:\/\/www.europesays.com\/es\/wp-json\/wp\/v2\/users\/2"}],"replies":[{"embeddable":true,"href":"https:\/\/www.europesays.com\/es\/wp-json\/wp\/v2\/comments?post=128615"}],"version-history":[{"count":0,"href":"https:\/\/www.europesays.com\/es\/wp-json\/wp\/v2\/posts\/128615\/revisions"}],"wp:featuredmedia":[{"embeddable":true,"href":"https:\/\/www.europesays.com\/es\/wp-json\/wp\/v2\/media\/128616"}],"wp:attachment":[{"href":"https:\/\/www.europesays.com\/es\/wp-json\/wp\/v2\/media?parent=128615"}],"wp:term":[{"taxonomy":"category","embeddable":true,"href":"https:\/\/www.europesays.com\/es\/wp-json\/wp\/v2\/categories?post=128615"},{"taxonomy":"post_tag","embeddable":true,"href":"https:\/\/www.europesays.com\/es\/wp-json\/wp\/v2\/tags?post=128615"}],"curies":[{"name":"wp","href":"https:\/\/api.w.org\/{rel}","templated":true}]}}