{"id":128617,"date":"2025-09-21T02:06:11","date_gmt":"2025-09-21T02:06:11","guid":{"rendered":"https:\/\/www.europesays.com\/es\/128617\/"},"modified":"2025-09-21T02:06:11","modified_gmt":"2025-09-21T02:06:11","slug":"una-cantante-estadounidense-se-retira-del-eurovision-ruso-por-presiones-politicas","status":"publish","type":"post","link":"https:\/\/www.europesays.com\/es\/128617\/","title":{"rendered":"Una cantante estadounidense se retira del \u201cEurovisi\u00f3n ruso\u201d por presiones pol\u00edticas"},"content":{"rendered":"<p>La gala del festival Intervisi\u00f3n, conocido informalmente como el \u201cEurovisi\u00f3n ruso\u201d, vivi\u00f3 un momento de alta tensi\u00f3n cuando los presentadores anunciaron la <strong>repentina ausencia de la cantante Vassy<\/strong>, generando una ola de especulaciones y atenci\u00f3n medi\u00e1tica. La artista, de <strong>doble nacionalidad estadounidense y australiana<\/strong>, no lleg\u00f3 a pisar el escenario de Mosc\u00fa, y su retirada fue atribuida a <strong>presiones pol\u00edticas externas<\/strong>, espec\u00edficamente al <strong>Gobierno australiano<\/strong>.<\/p>\n<p>Los organizadores subrayaron que la decisi\u00f3n <strong>no fue tomada por el festival<\/strong>, sino que respond\u00eda a <strong>factores ajenos a su voluntad<\/strong>, en un contexto ya cargado de <strong>tensi\u00f3n geopol\u00edtica<\/strong>. D\u00edas antes, se hab\u00eda modificado la representaci\u00f3n estadounidense: <strong>Brando Howard<\/strong>, inicialmente programado, fue sustituido por Vassy, quien finalmente tampoco particip\u00f3.<\/p>\n<p>Intervisi\u00f3n, impulsado por el Kremlin como <strong>alternativa a Eurovisi\u00f3n<\/strong>, reuni\u00f3 delegaciones de m\u00e1s de <strong>veinte pa\u00edses<\/strong>, incluyendo representantes de <strong>Latinoam\u00e9rica, \u00c1frica, Medio Oriente y Asia<\/strong>. La diversidad cultural contrastaba con el clima pol\u00edtico, marcado por el <strong>estancamiento de las negociaciones de paz en Ucrania<\/strong> y el intento de Rusia por proyectar una imagen internacional alternativa.<\/p>\n<p>Circularon rumores sobre una posible <strong>prohibici\u00f3n de banderas estadounidenses<\/strong>, aunque la organizaci\u00f3n desminti\u00f3 r\u00e1pidamente esa versi\u00f3n. La presencia del m\u00fasico <strong>Joe Lynn Turner<\/strong> como jurado a\u00f1adi\u00f3 complejidad al evento, dada su trayectoria en escenarios occidentales.<\/p>\n","protected":false},"excerpt":{"rendered":"La gala del festival Intervisi\u00f3n, conocido informalmente como el \u201cEurovisi\u00f3n ruso\u201d, vivi\u00f3 un momento de alta tensi\u00f3n cuando&hellip;\n","protected":false},"author":2,"featured_media":128618,"comment_status":"","ping_status":"","sticky":false,"template":"","format":"standard","meta":{"footnotes":""},"categories":[174],"tags":[255,146,147,25,24,256,23],"class_list":{"0":"post-128617","1":"post","2":"type-post","3":"status-publish","4":"format-standard","5":"has-post-thumbnail","7":"category-famosos","8":"tag-celebrities","9":"tag-entertainment","10":"tag-entretenimiento","11":"tag-es","12":"tag-espana","13":"tag-famosos","14":"tag-spain"},"share_on_mastodon":{"url":"","error":""},"_links":{"self":[{"href":"https:\/\/www.europesays.com\/es\/wp-json\/wp\/v2\/posts\/128617","targetHints":{"allow":["GET"]}}],"collection":[{"href":"https:\/\/www.europesays.com\/es\/wp-json\/wp\/v2\/posts"}],"about":[{"href":"https:\/\/www.europesays.com\/es\/wp-json\/wp\/v2\/types\/post"}],"author":[{"embeddable":true,"href":"https:\/\/www.europesays.com\/es\/wp-json\/wp\/v2\/users\/2"}],"replies":[{"embeddable":true,"href":"https:\/\/www.europesays.com\/es\/wp-json\/wp\/v2\/comments?post=128617"}],"version-history":[{"count":0,"href":"https:\/\/www.europesays.com\/es\/wp-json\/wp\/v2\/posts\/128617\/revisions"}],"wp:featuredmedia":[{"embeddable":true,"href":"https:\/\/www.europesays.com\/es\/wp-json\/wp\/v2\/media\/128618"}],"wp:attachment":[{"href":"https:\/\/www.europesays.com\/es\/wp-json\/wp\/v2\/media?parent=128617"}],"wp:term":[{"taxonomy":"category","embeddable":true,"href":"https:\/\/www.europesays.com\/es\/wp-json\/wp\/v2\/categories?post=128617"},{"taxonomy":"post_tag","embeddable":true,"href":"https:\/\/www.europesays.com\/es\/wp-json\/wp\/v2\/tags?post=128617"}],"curies":[{"name":"wp","href":"https:\/\/api.w.org\/{rel}","templated":true}]}}