{"id":128619,"date":"2025-09-21T02:07:10","date_gmt":"2025-09-21T02:07:10","guid":{"rendered":"https:\/\/www.europesays.com\/es\/128619\/"},"modified":"2025-09-21T02:07:10","modified_gmt":"2025-09-21T02:07:10","slug":"bolsa-de-empleo-de-arquitectos-y-una-plaza-de-arquitecto-a-tecnico-a-en-el-ayuntamiento-de-gibraleon-huelva","status":"publish","type":"post","link":"https:\/\/www.europesays.com\/es\/128619\/","title":{"rendered":"Bolsa de empleo de Arquitectos y una plaza de Arquitecto\/a T\u00e9cnico\/a, en el Ayuntamiento de Gibrale\u00f3n (Huelva)"},"content":{"rendered":"<p>            Empleo p\u00fablico en Gibrale\u00f3n<\/p>\n<p>El Ayuntamiento de Gibrale\u00f3n ha convocado la formaci\u00f3n de una Bolsa de empleo de Arquitectos y una plaza interina de Arquitecto\/a T\u00e9cnico\/a. Ambas convocatorias son de acceso libre.<\/p>\n<p>Plaza de Arquitecto\/a T\u00e9cnico\/a<\/p>\n<p>El Ayuntamiento de Gibrale\u00f3n (Huelva) ha publicado las bases que han de regir la convocatoria para llevar a cabo el proceso de selecci\u00f3n para la provisi\u00f3n en interinidad de una plaza de Arquitecto\/a T\u00e9cnico\/a \u2013 Inspector\/a Urban\u00edstico, vacante en la plantilla de personal funcionario, mediante <strong>sistema de concurso-oposici\u00f3n<\/strong>.<\/p>\n<p>Las personas interesadas en participar en el proceso selectivo deber\u00e1n reunir los <strong><a href=\"https:\/\/andaluciaorienta.net\/requisitos-generales-acceder-empleo-publico\" rel=\"nofollow noopener\" target=\"_blank\">requisitos generales<\/a><\/strong>, (nacionalidad, edad, capacidad funcional, etc.) establecidos por el Real Decreto Legislativo 5\/2015, de 30 de octubre, por el que se aprueba el texto refundido de la Ley del Estatuto B\u00e1sico del Empleado P\u00fablico. Adem\u00e1s, deber\u00e1n estar en posesi\u00f3n, o en condiciones de obtener en el momento en que termine el plazo de presentaci\u00f3n de instancias, alguno de los siguientes t\u00edtulos universitarios oficiales: <strong>Grado en Edificaci\u00f3n, Arquitecto T\u00e9cnico, Aparejador<\/strong> o equivalente.\u00a0<\/p>\n<p>La tasa por derechos de examen asciende a 40 euros.<\/p>\n<p>El plazo de presentaci\u00f3n de solicitudes est\u00e1 abierto <strong>hasta el 25 de septiembre de 2025<\/strong>.<\/p>\n<p>Bolsa de empleo de Arquitectos<\/p>\n<p>El Ayuntamiento de Gibrale\u00f3n (Huelva) ha publicado las bases que han de regir la convocatoria para llevar a cabo el proceso de selecci\u00f3n, mediante el sistema de <strong>concurso de m\u00e9ritos<\/strong>, para la formaci\u00f3n de una Bolsa de Trabajo de Arquitecto\/a, funcionario\/a interino\/a, destinada a cubrir las necesidades urgentes de personal temporal de dicho Ayuntamiento.<\/p>\n<p>Las personas interesadas en participar en el proceso selectivo deber\u00e1n reunir los <strong><a href=\"https:\/\/andaluciaorienta.net\/requisitos-generales-acceder-empleo-publico\" rel=\"nofollow noopener\" target=\"_blank\">requisitos generales<\/a><\/strong>, (nacionalidad, edad, capacidad funcional, etc.) establecidos por el Real Decreto Legislativo 5\/2015, de 30 de octubre, por el que se aprueba el texto refundido de la Ley del Estatuto B\u00e1sico del Empleado P\u00fablico. Adem\u00e1s, deber\u00e1n estar en posesi\u00f3n, o en condiciones de obtener en el momento en que termine el plazo de presentaci\u00f3n de instancias, la<strong> titulaci\u00f3n de Arquitecto<\/strong>.<\/p>\n<p>La tasa por derechos de examen asciende a 40 euros.<\/p>\n<p>El plazo de presentaci\u00f3n de solicitudes est\u00e1 abierto <strong>hasta el 25 de septiembre de 2025<\/strong>.<\/p>\n<p>M\u00e1s informaci\u00f3n<\/p>\n<ul>\n<li><strong>Plaza de Arquitecto\/a T\u00e9cnico\/a.<\/strong> En el tabl\u00f3n de anuncios del Ayuntamiento (<a href=\"https:\/\/gibraleon.sedelectronica.es\/preview-document\/cae278c1-1a8c-4c11-909c-c3ceace377a4\/\" target=\"_blank\" rel=\"noopener nofollow\">gibraleon.sedelectronica.es<\/a>) est\u00e1n publicadas \u00edntegramente las bases\u00a0 de la convocatoria.<\/li>\n<li><strong>Bolsa de empleo de Arquitectos.\u00a0<\/strong>En el tabl\u00f3n de anuncios del Ayuntamiento (<a href=\"https:\/\/gibraleon.sedelectronica.es\/preview-document\/0dcd3070-b948-4528-a80b-3373818e1eb5\/\" target=\"_blank\" rel=\"noopener nofollow\">gibraleon.sedelectronica.es<\/a>) est\u00e1n publicadas \u00edntegramente las bases de las convocatoria.<\/li>\n<\/ul>\n<p>\t\tNavegaci\u00f3n de entradas<\/p>\n","protected":false},"excerpt":{"rendered":"Empleo p\u00fablico en Gibrale\u00f3n El Ayuntamiento de Gibrale\u00f3n ha convocado la formaci\u00f3n de una Bolsa de empleo de&hellip;\n","protected":false},"author":2,"featured_media":128620,"comment_status":"","ping_status":"","sticky":false,"template":"","format":"standard","meta":{"footnotes":""},"categories":[173],"tags":[229,233,231,230,232,234,146,147,25,24,23],"class_list":{"0":"post-128619","1":"post","2":"type-post","3":"status-publish","4":"format-standard","5":"has-post-thumbnail","7":"category-arte-y-diseno","8":"tag-arte","9":"tag-arte-y-diseno","10":"tag-arts","11":"tag-arts-and-design","12":"tag-design","13":"tag-diseno","14":"tag-entertainment","15":"tag-entretenimiento","16":"tag-es","17":"tag-espana","18":"tag-spain"},"share_on_mastodon":{"url":"","error":""},"_links":{"self":[{"href":"https:\/\/www.europesays.com\/es\/wp-json\/wp\/v2\/posts\/128619","targetHints":{"allow":["GET"]}}],"collection":[{"href":"https:\/\/www.europesays.com\/es\/wp-json\/wp\/v2\/posts"}],"about":[{"href":"https:\/\/www.europesays.com\/es\/wp-json\/wp\/v2\/types\/post"}],"author":[{"embeddable":true,"href":"https:\/\/www.europesays.com\/es\/wp-json\/wp\/v2\/users\/2"}],"replies":[{"embeddable":true,"href":"https:\/\/www.europesays.com\/es\/wp-json\/wp\/v2\/comments?post=128619"}],"version-history":[{"count":0,"href":"https:\/\/www.europesays.com\/es\/wp-json\/wp\/v2\/posts\/128619\/revisions"}],"wp:featuredmedia":[{"embeddable":true,"href":"https:\/\/www.europesays.com\/es\/wp-json\/wp\/v2\/media\/128620"}],"wp:attachment":[{"href":"https:\/\/www.europesays.com\/es\/wp-json\/wp\/v2\/media?parent=128619"}],"wp:term":[{"taxonomy":"category","embeddable":true,"href":"https:\/\/www.europesays.com\/es\/wp-json\/wp\/v2\/categories?post=128619"},{"taxonomy":"post_tag","embeddable":true,"href":"https:\/\/www.europesays.com\/es\/wp-json\/wp\/v2\/tags?post=128619"}],"curies":[{"name":"wp","href":"https:\/\/api.w.org\/{rel}","templated":true}]}}