{"id":128623,"date":"2025-09-21T02:09:09","date_gmt":"2025-09-21T02:09:09","guid":{"rendered":"https:\/\/www.europesays.com\/es\/128623\/"},"modified":"2025-09-21T02:09:09","modified_gmt":"2025-09-21T02:09:09","slug":"medios-de-ee-uu-se-alinean-con-trump-dw-19-09-2025-2","status":"publish","type":"post","link":"https:\/\/www.europesays.com\/es\/128623\/","title":{"rendered":"medios de EE. UU. se alinean con Trump \u2013 DW \u2013 19\/09\/2025"},"content":{"rendered":"<p>La <a class=\"internal-link\" href=\"https:\/\/www.dw.com\/es\/muere-robert-redford-leyenda-de-hollywood-a-los-89-a\u00f1os\/a-74013892\" rel=\"nofollow noopener\" target=\"_blank\">muerte de Robert Redford<\/a> esta semana no solo signific\u00f3 la p\u00e9rdida de una leyenda del cine. Tambi\u00e9n cerr\u00f3 un cap\u00edtulo en la historia de <a class=\"internal-link\" href=\"https:\/\/www.dw.com\/es\/hollywood\/t-40947044\" rel=\"nofollow noopener\" target=\"_blank\">Hollywood:<\/a> el de una industria que durante d\u00e9cadas se asumi\u00f3 como la conciencia progresista de <a class=\"internal-link\" href=\"https:\/\/www.dw.com\/es\/estados-unidos\/t-17411942\" rel=\"nofollow noopener\" target=\"_blank\">Estados Unidos.<\/a><\/p>\n<p>Redford fue Woodward en \u00abTodos los hombres del presidente\u00bb, el periodista que destap\u00f3 el caso Watergate, y fuera de c\u00e1mara se convirti\u00f3 en activista ambiental y defensor de los derechos ind\u00edgenas. Representaba un Hollywood liberal, abierto a voces independientes y narraciones con compromiso social.<\/p>\n<p>Pero, la misma semana de su fallecimiento, llegaron se\u00f1ales de que ese Hollywood ya es cosa del pasado. El negocio del entretenimiento estadounidense se desplaza hacia la derecha, con un mapa cultural cada vez m\u00e1s cercano al Estados Unidos\u00a0de <a class=\"internal-link\" href=\"https:\/\/www.dw.com\/es\/trump-donald\/t-19445010\" rel=\"nofollow noopener\" target=\"_blank\">Donald Trump<\/a>.<\/p>\n<p>Suspensiones y cancelaciones pol\u00e9micas<\/p>\n<p>La reacci\u00f3n al asesinato del activista ultraderechista Charlie Kirk lo dej\u00f3 claro. La cadena ABC suspendi\u00f3 \u00abindefinidamente\u00bb\u00a0al comediante <a class=\"internal-link\" href=\"https:\/\/www.dw.com\/es\/retiran-programa-de-jimmy-kimmel-por-comentarios-sobre-kirk\/a-74036728\" rel=\"nofollow noopener\" target=\"_blank\">Jimmy Kimmel,<\/a> luego de que este sugiriera que el homicida podr\u00eda haber sido un republicano MAGA (o sea, parte del electorado de Trump, cuyo lema es \u00abMake America Great Again\u00bb, o \u00abhacer a EE. UU. grande otra vez\u00bb). La decisi\u00f3n lleg\u00f3 despu\u00e9s de que el jefe de la Comisi\u00f3n Federal de Comunicaciones advirtiera que sancionar\u00eda a la emisora.<\/p>\n<p>El caso se suma a <a class=\"internal-link\" href=\"https:\/\/www.dw.com\/es\/la-cadena-cbs-cancela-the-late-show-con-stephen-colbert\/a-73331309\" rel=\"nofollow noopener\" target=\"_blank\">la cancelaci\u00f3n del Late Show de Stephen Colbert en CBS<\/a>, oficialmente, por motivos financieros. Pero la noticia se conoci\u00f3 poco despu\u00e9s de que el presentador criticara un pago de 16 millones de d\u00f3lares que la cadena hizo a Trump para cerrar una demanda sobre una entrevista con Kamala Harris. Colbert calific\u00f3 la operaci\u00f3n de \u00absoborno gordo y descarado\u00bb. A pesar de haber ganado un Emmy el domingo pasado, su programa terminar\u00e1 en mayo de 2026.<\/p>\n<p>El avance de David Ellison<\/p>\n<p>En paralelo, el magnate David Ellison, hijo del multimillonario de Oracle Larry Ellison y aliado de Trump, concentra cada vez m\u00e1s poder en Hollywood. Tras adquirir Paramount por 8.000 millones de d\u00f3lares, ahora busca quedarse con Warner Bros. Discovery, propietaria de CNN, HBO y los estudios DC (responsables de \u00e9xitos como Superman y Batman).<\/p>\n<p>En otro momento, la operaci\u00f3n habr\u00eda encendido todas las alarmas antimonopolio. Pero bajo Trump, la prioridad de los reguladores ya no es la competencia, sino la \u00abneutralidad pol\u00edtica\u00bb.<\/p>\n<p>Ellison, adem\u00e1s, nombr\u00f3 a un asesor de Trump como defensor del p\u00fablico en CBS News y mantuvo conversaciones con la periodista Bari Weiss, fundadora del medio \u00ab<a class=\"internal-link\" href=\"https:\/\/www.dw.com\/es\/las-empresas-de-ee-uu-se-preparan-para-el-movimiento-antiwoke\/a-71290527\" rel=\"nofollow noopener\" target=\"_blank\">antiwoke<\/a>\u00bb\u00a0Free Press, para darle un puesto en la cadena.<\/p>\n<p>Demandas y autocensura<\/p>\n<p>Las presiones legales tambi\u00e9n pesan. ABC pag\u00f3 15 millones de d\u00f3lares para resolver una demanda por comentarios cr\u00edticos hacia Trump de George Stephanopoulos. Y tanto el New York Times como el Wall Street Journal enfrentan litigios millonarios similares.<\/p>\n<p><img data-format=\"MASTER_LANDSCAPE\" data-id=\"73570973\" data-url=\"https:\/\/static.dw.com\/image\/73570973_${formatId}.jpg\" data-aspect-ratio=\"16\/9\" alt=\"primer plano de Donald Trumo, con boca abierta, vociferando\" style=\"padding-bottom: 56.25%; height: 0; max-height: 0;\"\/>Amazon incorpor\u00f3 a Prime Video las siete temporadas completas de The Apprentice, el reality que lanz\u00f3 a Donald Trump a la fama.Imagen: PicturePerfect\/IMAGO<\/p>\n<p>En este contexto, Nexstar \u2015propietaria de decenas de afiliadas de ABC y en proceso de fusionarse con Tegna en una operaci\u00f3n de 6.200 millones de d\u00f3lares\u2015\u00a0prefiri\u00f3 retirar a Kimmel de pantalla antes que arriesgar la aprobaci\u00f3n gubernamental de su fusi\u00f3n.<\/p>\n<p>El resultado, advierten analistas, es un efecto paralizante: cadenas y estudios evitan cada vez m\u00e1s contenidos que puedan despertar la ira presidencial.<\/p>\n<p>Adi\u00f3s a la diversidad, hola al conservadurismo<\/p>\n<p>Disney tambi\u00e9n dio un giro. Su director ejecutivo, Bob Iger, declar\u00f3 que la misi\u00f3n de la compa\u00f1\u00eda es \u00abentretener\u00bb, y no \u00abimpulsar una agenda\u00bb. Desde la reelecci\u00f3n de Trump, Disney, Amazon y Paramount desmantelaron discretamente sus programas de DEI (Diversidad, Equidad e Inclusi\u00f3n), tras la orden ejecutiva de la Casa Blanca que elimin\u00f3 las pol\u00edticas federales al respecto.<\/p>\n<p>El cambio se refleja en pantalla. Amazon invirti\u00f3 40 millones de d\u00f3lares en dos documentales sobre Melania Trump, uno de ellos dirigido por Brett Ratner, cineasta cuestionado durante la era del\u00a0<a class=\"internal-link\" href=\"https:\/\/www.dw.com\/es\/me-too\/t-41232422\" rel=\"nofollow noopener\" target=\"_blank\">#MeToo<\/a>. La plataforma tambi\u00e9n volvi\u00f3 a emitir The Apprentice (\u00abEl aprendiz\u00bb), el reality que convirti\u00f3 a Trump en estrella medi\u00e1tica.<\/p>\n<p>En paralelo, las producciones de inspiraci\u00f3n cristiana viven un auge. Angel Studios, con sede en Utah, arras\u00f3 en la taquilla con Sound of Freedom (\u00abSonido de libertad\u00bb), protagonizada por Jim Caviezel, que recaud\u00f3 250 millones de d\u00f3lares.<\/p>\n<p>M\u00e1s negocio que ideolog\u00eda<\/p>\n<p>Detr\u00e1s del viraje conservador no hay solo pol\u00edtica. La econom\u00eda explica mucho: la taquilla sigue por debajo de los niveles previos a la pandemia, el streaming mat\u00f3 el negocio del DVD y la televisi\u00f3n por cable pierde suscriptores a gran velocidad. Con presupuestos ajustados, los estudios buscan apuestas seguras y baratas. Y las producciones de tono conservador, sin grandes estrellas y con costos reducidos, garantizan audiencias fieles y buenos m\u00e1rgenes.<\/p>\n<p>El riesgo es que Hollywood est\u00e9 cambiando un tipo de conformismo por otro. La llamada \u00abgran deswokeizaci\u00f3n\u00bb, como la bautiz\u00f3 The New Republic, refleja menos los gustos del p\u00fablico que la desesperaci\u00f3n de una industria en crisis.<\/p>\n<p>Robert Redford encarn\u00f3 un Hollywood que cre\u00eda en desafiar al poder. Hoy, la meca del cine parece menos preocupada por incomodar y m\u00e1s enfocada en sobrevivir. Y sobrevivir, al menos por ahora, significa acercarse al ideario MAGA de Donald Trump.<\/p>\n<p>(md\/rml)<\/p>\n","protected":false},"excerpt":{"rendered":"La muerte de Robert Redford esta semana no solo signific\u00f3 la p\u00e9rdida de una leyenda del cine. Tambi\u00e9n&hellip;\n","protected":false},"author":2,"featured_media":125976,"comment_status":"","ping_status":"","sticky":false,"template":"","format":"standard","meta":{"footnotes":""},"categories":[171],"tags":[146,147,25,24,23,214],"class_list":{"0":"post-128623","1":"post","2":"type-post","3":"status-publish","4":"format-standard","5":"has-post-thumbnail","7":"category-tv","8":"tag-entertainment","9":"tag-entretenimiento","10":"tag-es","11":"tag-espana","12":"tag-spain","13":"tag-tv"},"share_on_mastodon":{"url":"","error":""},"_links":{"self":[{"href":"https:\/\/www.europesays.com\/es\/wp-json\/wp\/v2\/posts\/128623","targetHints":{"allow":["GET"]}}],"collection":[{"href":"https:\/\/www.europesays.com\/es\/wp-json\/wp\/v2\/posts"}],"about":[{"href":"https:\/\/www.europesays.com\/es\/wp-json\/wp\/v2\/types\/post"}],"author":[{"embeddable":true,"href":"https:\/\/www.europesays.com\/es\/wp-json\/wp\/v2\/users\/2"}],"replies":[{"embeddable":true,"href":"https:\/\/www.europesays.com\/es\/wp-json\/wp\/v2\/comments?post=128623"}],"version-history":[{"count":0,"href":"https:\/\/www.europesays.com\/es\/wp-json\/wp\/v2\/posts\/128623\/revisions"}],"wp:featuredmedia":[{"embeddable":true,"href":"https:\/\/www.europesays.com\/es\/wp-json\/wp\/v2\/media\/125976"}],"wp:attachment":[{"href":"https:\/\/www.europesays.com\/es\/wp-json\/wp\/v2\/media?parent=128623"}],"wp:term":[{"taxonomy":"category","embeddable":true,"href":"https:\/\/www.europesays.com\/es\/wp-json\/wp\/v2\/categories?post=128623"},{"taxonomy":"post_tag","embeddable":true,"href":"https:\/\/www.europesays.com\/es\/wp-json\/wp\/v2\/tags?post=128623"}],"curies":[{"name":"wp","href":"https:\/\/api.w.org\/{rel}","templated":true}]}}