{"id":128624,"date":"2025-09-21T02:12:15","date_gmt":"2025-09-21T02:12:15","guid":{"rendered":"https:\/\/www.europesays.com\/es\/128624\/"},"modified":"2025-09-21T02:12:15","modified_gmt":"2025-09-21T02:12:15","slug":"quizas-le-podia-haber-cambiado-algo-mas-tarde","status":"publish","type":"post","link":"https:\/\/www.europesays.com\/es\/128624\/","title":{"rendered":"\u00abQuiz\u00e1s le pod\u00eda haber cambiado algo m\u00e1s tarde\u00bb"},"content":{"rendered":"<p><img decoding=\"async\" class=\"voc-author__img\" src=\"https:\/\/www.europesays.com\/es\/wp-content\/uploads\/2025\/09\/autor-1409-foto-6.jpeg\" alt=\"Rub\u00e9n Ca\u00f1izares\"\/><\/p>\n<p>20\/09\/2025<br \/>\n<br \/><strong><br \/>\nActualizado 21\/09\/2025 a las 01:46h.<br \/>\n<\/strong><\/p>\n<p class=\"voc-p\" style=\"\">Xabi Alonso tiene muchas virtudes. La m\u00e1s importante, claro, es que es un entrenador muy bueno, pero eso no es suficiente para dirigir al Madrid. Luego hay 25 egos en uno de los vestuarios m\u00e1s complicados del mundo, sino el que m\u00e1s, que manejar. Hay que ser valiente, pero tambi\u00e9n tener mano izquierda. Que se lo pregunten a <strong>Mourinho, Zidane o Ancelotti<\/strong>. No todos salieron bien parados. Veremos qu\u00e9 pasa con Xabi, pero es evidente que el modo de gestionar los minutos de <strong>Vinicius<\/strong> va a marcar mucho camino esta temporada.<\/p>\n<p class=\"voc-p\" style=\"\">Tras la suplencia de <strong>Champions<\/strong>, el brasile\u00f1o volvi\u00f3 a ser titular. Volvi\u00f3 a mostrar el nivel de estos \u00faltimos meses. Poco acertado en el uno contra uno y sin punter\u00eda en el disparo. Y otro nuevo cambio. Ninguno de los cuatro partidos en los que ha sido titular esta temporada el brasile\u00f1o lo ha acabado sobre el campo, y eso no le gusta nada. Como tampoco ser suplente: \u00abHoy le ha faltado el gol y es una pena que no lo haya conseguido. Le he quitado en su mejor momento y quiz\u00e1s pod\u00eda haber esperado algo m\u00e1s para cambiarle, pero necesit\u00e1bamos gente de refresco. Franco tambi\u00e9n se ha contrariado cuando le he dicho que le cambiaba. Muy contento no se ha quedado, pero necesitamos a todos\u00bb, explic\u00f3 Alonso tras el partido. <\/p>\n<p class=\"voc-p\" style=\"\">El cambio de <strong>Vinicius<\/strong> coincidi\u00f3 con la pausa de hidrataci\u00f3n. As\u00ed que tampoco se pudo palpar el sentir actual del Bernab\u00e9u con el nuevo estatus del brasile\u00f1o, que mostr\u00f3 su enfado con el cambio lanzando una botella de agua al suelo. De hecho, el tolosarra tuvo que calmarle y cogerle los brazos para explicarle la sustituci\u00f3n. Evidentemente, no encontr\u00f3 consuelo <strong>Vinicius<\/strong> en los motivos que le dio Xabi, y el brasile\u00f1o se march\u00f3 directamente al vestuario, aunque poco despu\u00e9s sali\u00f3 de \u00e9l y se sent\u00f3 en el banquillo para ver desde ah\u00ed el final del partido. <\/p>\n<p class=\"voc-p\" style=\"\">Un encuentro que no pasar\u00e1 a la historia del <strong>Madrid.<\/strong> Victoria poco vistosa, pero victoria. A Xabi esto tambi\u00e9n le vale, claro: \u00abHa sido una victoria solvente, m\u00e1s que brillante, pero es buena. Con control, sin situaciones que nos estresen&#8230; Igual no son las m\u00e1s divertidas, pero a m\u00ed me gustan. El 2-0 ha sido importante de cara a manejar el partido. Es una victoria para seguir creciendo y a pensar ya en el martes\u00bb.<\/p>\n<p class=\"voc-p\" style=\"\">Le toca al Madrid visitar al Levante, y ah\u00ed volver\u00e1 ya <strong>Huijsen<\/strong>. Pero el Madrid encontr\u00f3 ante el Espanyol un buen nivel de Asencio, algo que necesitaba el chaval tras su desastroso Mundial de Clubes: \u00abEl Mundial era un contexto diferente. Ha estado serio y solvente, y es muy buena noticia para el equipo y para \u00e9l el hecho de tener buenas sensaciones\u00bb.<\/p>\n<p>Reportar un error<\/p>\n","protected":false},"excerpt":{"rendered":"20\/09\/2025 Actualizado 21\/09\/2025 a las 01:46h. Xabi Alonso tiene muchas virtudes. La m\u00e1s importante, claro, es que es&hellip;\n","protected":false},"author":2,"featured_media":128625,"comment_status":"","ping_status":"","sticky":false,"template":"","format":"standard","meta":{"footnotes":""},"categories":[93],"tags":[3732,168,25,24,23,167,1781],"class_list":{"0":"post-128624","1":"post","2":"type-post","3":"status-publish","4":"format-standard","5":"has-post-thumbnail","7":"category-deportes","8":"tag-alonso","9":"tag-deportes","10":"tag-es","11":"tag-espana","12":"tag-spain","13":"tag-sports","14":"tag-xabi"},"share_on_mastodon":{"url":"","error":""},"_links":{"self":[{"href":"https:\/\/www.europesays.com\/es\/wp-json\/wp\/v2\/posts\/128624","targetHints":{"allow":["GET"]}}],"collection":[{"href":"https:\/\/www.europesays.com\/es\/wp-json\/wp\/v2\/posts"}],"about":[{"href":"https:\/\/www.europesays.com\/es\/wp-json\/wp\/v2\/types\/post"}],"author":[{"embeddable":true,"href":"https:\/\/www.europesays.com\/es\/wp-json\/wp\/v2\/users\/2"}],"replies":[{"embeddable":true,"href":"https:\/\/www.europesays.com\/es\/wp-json\/wp\/v2\/comments?post=128624"}],"version-history":[{"count":0,"href":"https:\/\/www.europesays.com\/es\/wp-json\/wp\/v2\/posts\/128624\/revisions"}],"wp:featuredmedia":[{"embeddable":true,"href":"https:\/\/www.europesays.com\/es\/wp-json\/wp\/v2\/media\/128625"}],"wp:attachment":[{"href":"https:\/\/www.europesays.com\/es\/wp-json\/wp\/v2\/media?parent=128624"}],"wp:term":[{"taxonomy":"category","embeddable":true,"href":"https:\/\/www.europesays.com\/es\/wp-json\/wp\/v2\/categories?post=128624"},{"taxonomy":"post_tag","embeddable":true,"href":"https:\/\/www.europesays.com\/es\/wp-json\/wp\/v2\/tags?post=128624"}],"curies":[{"name":"wp","href":"https:\/\/api.w.org\/{rel}","templated":true}]}}