{"id":128626,"date":"2025-09-21T02:14:07","date_gmt":"2025-09-21T02:14:07","guid":{"rendered":"https:\/\/www.europesays.com\/es\/128626\/"},"modified":"2025-09-21T02:14:07","modified_gmt":"2025-09-21T02:14:07","slug":"una-multitudinaria-manifestacion-a-favor-de-palestina-termina-con-dos-activistas-colgados-del-puente-de-zurriola","status":"publish","type":"post","link":"https:\/\/www.europesays.com\/es\/128626\/","title":{"rendered":"Una multitudinaria manifestaci\u00f3n a favor de Palestina termina con dos activistas colgados del puente de Zurriola"},"content":{"rendered":"<p>Una <b>multitudinaria manifestaci\u00f3n a favor de <a href=\"https:\/\/orain.eus\/es\/tag\/palestina\/\" rel=\"nofollow noopener\" target=\"_blank\">Palestina<\/a><\/b> ha sido la protagonista de la tarde en <b><a href=\"https:\/\/orain.eus\/es\/tag\/donostia-sansebastian\/\" rel=\"nofollow noopener\" target=\"_blank\">Donostia<\/a> (Gipuzkoa)<\/b>. Aprovechando el altavoz del <a href=\"https:\/\/orain.eus\/es\/tag\/festival-cine-san-sebastian\/\" rel=\"nofollow noopener\" target=\"_blank\">Zinemaldia<\/a>, los manifestantes han pedido un alto al fuego en Gaza y la libertad de Palestina.<\/p>\n<p>La protesta ha dado comienzo a las 18:30 horas en la capital de Gipuzkoa. Bajo la pancarta con el lema <b>\u00abIsrael suntsitu! Urriak 4 Iru\u00f1era!\u00bb<\/b> (Israel destrucci\u00f3n! El 4 de septiembre a Pamplona!), los manifestantes han coreado gritos como<b> \u00abBoicot Israel\u00bb<\/b> y <b>\u00abPalestina libertad\u00bb<\/b>.<\/p>\n<p>La imagen del d\u00eda se ha dado a las 19:30 horas, cuando <a href=\"https:\/\/orain.eus\/es\/actualidad\/sociedad\/2025\/09\/20\/al-menos-un-activista-se-cuelga-del-puente-zurriola-en-la-manifestacion-favor-palestina-ha-recorrido-san-sebastian\" rel=\"nofollow noopener\" target=\"_blank\">dos activistas se han colgado del puente del Kursaal<\/a>.<\/p>\n<p>Los manifestantes, bandera palestina en mano, se han colgado a cada lado del puente con unas cuerdas, generando as\u00ed la imposibilidad de cruzar el mismo. Adem\u00e1s, seg\u00fan ha informado la plataforma Palestinarekin Elkartasuna, alrededor de <b>3.000 personas<\/b> han secundado el acto, <b>protegiendo las cuerdas y a los dos activistas<\/b>.<\/p>\n<p>Por tanto, el<b> tr\u00e1fico<\/b> ha tenido que ser <b>cortado <\/b>tanto para veh\u00edculos como para viandantes.<\/p>\n<p>Los protagonistas de la acci\u00f3n han transmitido en todo momento su <b>negativa a descolgarse<\/b>. Frente a ello, la Ertzaintza ha decidido no intervenir y esperar a los Bomberos de la ciudad.<\/p>\n<p>Finalmente, los activistas han sido \u00abdescolgados\u00bb por los bomberos y se ha <b>reestrablecido la normalidad<\/b> en el puente de Zurriola.<\/p>\n","protected":false},"excerpt":{"rendered":"Una multitudinaria manifestaci\u00f3n a favor de Palestina ha sido la protagonista de la tarde en Donostia (Gipuzkoa). Aprovechando&hellip;\n","protected":false},"author":2,"featured_media":128627,"comment_status":"","ping_status":"","sticky":false,"template":"","format":"standard","meta":{"footnotes":""},"categories":[91],"tags":[5282,35812,146,147,25,24,28752,1256,6927,16735,76,492,23],"class_list":{"0":"post-128626","1":"post","2":"type-post","3":"status-publish","4":"format-standard","5":"has-post-thumbnail","7":"category-entretenimiento","8":"tag-derechos-humanos","9":"tag-donostia-san-sebastian","10":"tag-entertainment","11":"tag-entretenimiento","12":"tag-es","13":"tag-espana","14":"tag-festival-de-cine-de-san-sebastian","15":"tag-franja-de-gaza","16":"tag-gipuzkoa","17":"tag-manifestaciones","18":"tag-palestina","19":"tag-sociedad","20":"tag-spain"},"share_on_mastodon":{"url":"","error":""},"_links":{"self":[{"href":"https:\/\/www.europesays.com\/es\/wp-json\/wp\/v2\/posts\/128626","targetHints":{"allow":["GET"]}}],"collection":[{"href":"https:\/\/www.europesays.com\/es\/wp-json\/wp\/v2\/posts"}],"about":[{"href":"https:\/\/www.europesays.com\/es\/wp-json\/wp\/v2\/types\/post"}],"author":[{"embeddable":true,"href":"https:\/\/www.europesays.com\/es\/wp-json\/wp\/v2\/users\/2"}],"replies":[{"embeddable":true,"href":"https:\/\/www.europesays.com\/es\/wp-json\/wp\/v2\/comments?post=128626"}],"version-history":[{"count":0,"href":"https:\/\/www.europesays.com\/es\/wp-json\/wp\/v2\/posts\/128626\/revisions"}],"wp:featuredmedia":[{"embeddable":true,"href":"https:\/\/www.europesays.com\/es\/wp-json\/wp\/v2\/media\/128627"}],"wp:attachment":[{"href":"https:\/\/www.europesays.com\/es\/wp-json\/wp\/v2\/media?parent=128626"}],"wp:term":[{"taxonomy":"category","embeddable":true,"href":"https:\/\/www.europesays.com\/es\/wp-json\/wp\/v2\/categories?post=128626"},{"taxonomy":"post_tag","embeddable":true,"href":"https:\/\/www.europesays.com\/es\/wp-json\/wp\/v2\/tags?post=128626"}],"curies":[{"name":"wp","href":"https:\/\/api.w.org\/{rel}","templated":true}]}}