{"id":128629,"date":"2025-09-21T02:17:04","date_gmt":"2025-09-21T02:17:04","guid":{"rendered":"https:\/\/www.europesays.com\/es\/128629\/"},"modified":"2025-09-21T02:17:04","modified_gmt":"2025-09-21T02:17:04","slug":"los-paises-deben-suspender-cualquier-relacion-o-transaccion-que-contribuya-a-la-ocupacion-israeli","status":"publish","type":"post","link":"https:\/\/www.europesays.com\/es\/128629\/","title":{"rendered":"Los pa\u00edses deben suspender cualquier relaci\u00f3n o transacci\u00f3n que contribuya a la ocupaci\u00f3n israel\u00ed"},"content":{"rendered":"<p class=\"article-text\">\n        Chris Sidoti, veterano jurista australiano, es uno de los tres expertos de la Comisi\u00f3n de Investigaci\u00f3n Independiente designada por Naciones Unidas en 2021 para investigar cr\u00edmenes y violaciones en Palestina e Israel. El \u00faltimo informe de esta <a href=\"https:\/\/www.eldiario.es\/internacional\/comision-investigacion-onu-concluye-israel-comete-genocidio-estados-deben-actuar-pararlo_1_12605424.html\" data-mrf-recirculation=\"links-noticia\" class=\"link\" rel=\"nofollow noopener\" target=\"_blank\">Comisi\u00f3n ha acaparado la atenci\u00f3n internacional<\/a> porque concluye que \u201cIsrael comete genocidio en Gaza desde octubre de 2023\u201d, con actos que cumplen cuatro de las cinco caracter\u00edsticas propias de genocidio.\n    <\/p>\n<p class=\"article-text\">\n        En concreto, la investigaci\u00f3n enumera \u201casesinatos, da\u00f1os corporales y mentales graves, infligir deliberadamente condiciones de vida calculadas para provocar la destrucci\u00f3n y la imposici\u00f3n de medidas destinadas a impedir nacimientos\u201d, e indica que estos cr\u00edmenes han sido impulsados \u201ccon la intenci\u00f3n espec\u00edfica de destruir, total o parcialmente, a los palestinos en Gaza\u201d.\n    <\/p>\n","protected":false},"excerpt":{"rendered":"Chris Sidoti, veterano jurista australiano, es uno de los tres expertos de la Comisi\u00f3n de Investigaci\u00f3n Independiente designada&hellip;\n","protected":false},"author":2,"featured_media":128630,"comment_status":"","ping_status":"","sticky":false,"template":"","format":"standard","meta":{"footnotes":""},"categories":[42],"tags":[17,18,2242,41488,30682,13,14,11,61,62,63,64,703,19,20,9,10,15,16,41489,8523,5977,41487,35,12,9479,21,22,65,66,67],"class_list":{"0":"post-128629","1":"post","2":"type-post","3":"status-publish","4":"format-standard","5":"has-post-thumbnail","7":"category-internacional","8":"tag-breaking-news","9":"tag-breakingnews","10":"tag-chris","11":"tag-contribuya","12":"tag-deben","13":"tag-featured-news","14":"tag-featurednews","15":"tag-headlines","16":"tag-internacional","17":"tag-international","18":"tag-international-news","19":"tag-internationalnews","20":"tag-israeli","21":"tag-latest-news","22":"tag-latestnews","23":"tag-news","24":"tag-noticias","25":"tag-noticias-destacadas","26":"tag-noticiasdestacadas","27":"tag-ocupacion","28":"tag-paises","29":"tag-relacion","30":"tag-sidoti","31":"tag-suspender","32":"tag-titulares","33":"tag-transaccion","34":"tag-ultimas-noticias","35":"tag-ultimasnoticias","36":"tag-world","37":"tag-world-news","38":"tag-worldnews"},"share_on_mastodon":{"url":"","error":""},"_links":{"self":[{"href":"https:\/\/www.europesays.com\/es\/wp-json\/wp\/v2\/posts\/128629","targetHints":{"allow":["GET"]}}],"collection":[{"href":"https:\/\/www.europesays.com\/es\/wp-json\/wp\/v2\/posts"}],"about":[{"href":"https:\/\/www.europesays.com\/es\/wp-json\/wp\/v2\/types\/post"}],"author":[{"embeddable":true,"href":"https:\/\/www.europesays.com\/es\/wp-json\/wp\/v2\/users\/2"}],"replies":[{"embeddable":true,"href":"https:\/\/www.europesays.com\/es\/wp-json\/wp\/v2\/comments?post=128629"}],"version-history":[{"count":0,"href":"https:\/\/www.europesays.com\/es\/wp-json\/wp\/v2\/posts\/128629\/revisions"}],"wp:featuredmedia":[{"embeddable":true,"href":"https:\/\/www.europesays.com\/es\/wp-json\/wp\/v2\/media\/128630"}],"wp:attachment":[{"href":"https:\/\/www.europesays.com\/es\/wp-json\/wp\/v2\/media?parent=128629"}],"wp:term":[{"taxonomy":"category","embeddable":true,"href":"https:\/\/www.europesays.com\/es\/wp-json\/wp\/v2\/categories?post=128629"},{"taxonomy":"post_tag","embeddable":true,"href":"https:\/\/www.europesays.com\/es\/wp-json\/wp\/v2\/tags?post=128629"}],"curies":[{"name":"wp","href":"https:\/\/api.w.org\/{rel}","templated":true}]}}