{"id":128637,"date":"2025-09-21T02:22:11","date_gmt":"2025-09-21T02:22:11","guid":{"rendered":"https:\/\/www.europesays.com\/es\/128637\/"},"modified":"2025-09-21T02:22:11","modified_gmt":"2025-09-21T02:22:11","slug":"santiago-luna-la-promesa-mexicana-que-debuto-en-ufc-con-nocaut-en-el-primer-round","status":"publish","type":"post","link":"https:\/\/www.europesays.com\/es\/128637\/","title":{"rendered":"Santiago Luna: la promesa mexicana que debut\u00f3 en UFC con nocaut en el primer round"},"content":{"rendered":"<p><img alt=\"El debut de Luna en\" class=\"global-image\" decoding=\"async\" fetchpriority=\"high\" height=\"1080\" loading=\"eager\" src=\"https:\/\/www.europesays.com\/es\/wp-content\/uploads\/2025\/09\/4D5QRUWA7REUHMIBNXNLHCMWTQ.jpg\" width=\"1920\"\/>El debut de Luna en la UFC reafirma la presencia de M\u00e9xico en la escena internacional de las artes marciales mixtas. (Instagram \/ @santiagolunamma)<\/p>\n<p class=\"paragraph\">El joven peleador mexicano<b> Santiago Luna<\/b>, conocido como <b>\u201cBorderboy\u201d<\/b>, debut\u00f3 en la <b>UFC <\/b>el pasado <b>13 de septiembre <\/b>con un nocaut contundente durante el primer asalto. Con apenas 21 a\u00f1os, Luna dej\u00f3 una impresi\u00f3n inmediata en el oct\u00e1gono, consolidando la presencia de <b>M\u00e9xico <\/b>en la escena internacional de las artes marciales mixtas.<\/p>\n<p class=\"paragraph\">Originario de<b> Tijuana<\/b> y criado entre la frontera con <b>San Diego<\/b>, Santiago ha logrado combinar lo mejor de ambas ciudades en su formaci\u00f3n en artes marciales mixtas, boxeo, lucha ol\u00edmpica y jiu-jitsu. Adem\u00e1s, estilo explosivo y vers\u00e1til lo ha posicionado como un talento emergente, capaz de competir en las categor\u00edas de 135 y 145 libras.<\/p>\n<p class=\"paragraph\">Desde su debut profesional, en 2023, Santiago ha demostrado constancia y resiliencia, venciendo a rivales invictos y escalando r\u00e1pidamente dentro de ligas nacionales e internacionales, consolid\u00e1ndose como un prospecto s\u00f3lido dentro del circuito de MMA.<\/p>\n<p><img alt=\"\u201cBorderboy\u201d combina formaci\u00f3n en MMA,\" class=\"global-image\" decoding=\"async\" fetchpriority=\"low\" height=\"1034\" loading=\"lazy\" src=\"https:\/\/www.europesays.com\/es\/wp-content\/uploads\/2025\/09\/523PPZOBBZATFA2YR6FXDO5RAI.jpg\" width=\"1179\"\/>\u201cBorderboy\u201d combina formaci\u00f3n en MMA, boxeo, lucha ol\u00edmpica y jiu-jitsu, consolid\u00e1ndose como un talento emergente. (Instagram \/ @santiagolunamma)<\/p>\n<p class=\"paragraph\">El debut profesional de Santiago Luna se dio el 28 de abril de 2023, a cuatro meses de cumplir 19 a\u00f1os, derrotando a<b> Einar Karel Gonz\u00e1lez <\/b>por nocaut a los 2\u201956\u201d del primer asalto en la<b> Liga UWC<\/b>.<\/p>\n<p class=\"paragraph\">Posteriormente, particip\u00f3 en otros tres combates dentro de la misma liga y, en septiembre de 2024, debut\u00f3 con victoria en la <b>Liga Lights Out Xtreme Fighting<\/b>. Ese mismo a\u00f1o, tambi\u00e9n triunf\u00f3 en la <b>Liga Tuff-N-Uff<\/b>, manteniendo un r\u00e9cord invicto ante rivales que llegaban sin derrotas.<\/p>\n<p class=\"paragraph\">A lo largo de su carrera, Luna ha desarrollado un estilo explosivo que combina t\u00e9cnica y velocidad, lo que le permite alternar con facilidad entre las categor\u00edas de 135 y 145 libras. <\/p>\n<p class=\"paragraph\">Antes de su llegada a la UFC se destac\u00f3 por su capacidad para finalizar peleas con precisi\u00f3n y determinaci\u00f3n, atributos que lo convirtieron en un prospecto altamente observado por el circuito internacional.<\/p>\n<p><img alt=\"Santiago Luna mantiene un r\u00e9cord\" class=\"global-image\" decoding=\"async\" fetchpriority=\"low\" height=\"1179\" loading=\"lazy\" src=\"https:\/\/www.europesays.com\/es\/wp-content\/uploads\/2025\/09\/7RW6CGKHVJBLLK7N7E5DBLNVJY.jpg\" width=\"2051\"\/>Santiago Luna mantiene un r\u00e9cord invicto, destac\u00e1ndose por enfrentar y vencer a rivales tambi\u00e9n invictos. (Instagram \/ @santiagolunamma)<\/p>\n<p class=\"paragraph\">El debut de Santiago en la UFC se produjo durante la cartelera estelar de la <b>Noche UFC 2025<\/b>, el pasado 13 de septiembre, en donde enfrent\u00f3 al chino <b>Le Quang<\/b>. Desde el primer segundo mostr\u00f3 agresividad, precisi\u00f3n y determinaci\u00f3n, logrando un nocaut que marc\u00f3 un inicio memorable.<\/p>\n<p class=\"paragraph\">Tras la pelea, Luna destac\u00f3: \u201cNo s\u00f3lo me toc\u00f3 debutar, sino tambi\u00e9n demostrar la calidad que tenemos en M\u00e9xico y que no nos rajamos\u201d. <\/p>\n<p class=\"paragraph\">El oriundo de Tijuana no pudo contener las l\u00e1grimas frente a los fan\u00e1ticos, un gesto que reafirm\u00f3 su compromiso y su conexi\u00f3n con la afici\u00f3n. Adem\u00e1s, agradeci\u00f3 a sus entrenadores y familia por el apoyo constante, enfatizando la importancia del trabajo en equipo en el crecimiento de su carrera profesional que reci\u00e9n comienza.<\/p>\n","protected":false},"excerpt":{"rendered":"El debut de Luna en la UFC reafirma la presencia de M\u00e9xico en la escena internacional de las&hellip;\n","protected":false},"author":2,"featured_media":128638,"comment_status":"","ping_status":"","sticky":false,"template":"","format":"standard","meta":{"footnotes":""},"categories":[276],"tags":[168,25,24,23,167,343],"class_list":{"0":"post-128637","1":"post","2":"type-post","3":"status-publish","4":"format-standard","5":"has-post-thumbnail","7":"category-ufc","8":"tag-deportes","9":"tag-es","10":"tag-espana","11":"tag-spain","12":"tag-sports","13":"tag-ufc"},"share_on_mastodon":{"url":"","error":""},"_links":{"self":[{"href":"https:\/\/www.europesays.com\/es\/wp-json\/wp\/v2\/posts\/128637","targetHints":{"allow":["GET"]}}],"collection":[{"href":"https:\/\/www.europesays.com\/es\/wp-json\/wp\/v2\/posts"}],"about":[{"href":"https:\/\/www.europesays.com\/es\/wp-json\/wp\/v2\/types\/post"}],"author":[{"embeddable":true,"href":"https:\/\/www.europesays.com\/es\/wp-json\/wp\/v2\/users\/2"}],"replies":[{"embeddable":true,"href":"https:\/\/www.europesays.com\/es\/wp-json\/wp\/v2\/comments?post=128637"}],"version-history":[{"count":0,"href":"https:\/\/www.europesays.com\/es\/wp-json\/wp\/v2\/posts\/128637\/revisions"}],"wp:featuredmedia":[{"embeddable":true,"href":"https:\/\/www.europesays.com\/es\/wp-json\/wp\/v2\/media\/128638"}],"wp:attachment":[{"href":"https:\/\/www.europesays.com\/es\/wp-json\/wp\/v2\/media?parent=128637"}],"wp:term":[{"taxonomy":"category","embeddable":true,"href":"https:\/\/www.europesays.com\/es\/wp-json\/wp\/v2\/categories?post=128637"},{"taxonomy":"post_tag","embeddable":true,"href":"https:\/\/www.europesays.com\/es\/wp-json\/wp\/v2\/tags?post=128637"}],"curies":[{"name":"wp","href":"https:\/\/api.w.org\/{rel}","templated":true}]}}