{"id":128639,"date":"2025-09-21T02:25:08","date_gmt":"2025-09-21T02:25:08","guid":{"rendered":"https:\/\/www.europesays.com\/es\/128639\/"},"modified":"2025-09-21T02:25:08","modified_gmt":"2025-09-21T02:25:08","slug":"agenda-de-los-mundiales-todas-las-fechas-de-las-pruebas-contrarreloj","status":"publish","type":"post","link":"https:\/\/www.europesays.com\/es\/128639\/","title":{"rendered":"Agenda de los Mundiales: todas las fechas de las pruebas contrarreloj"},"content":{"rendered":"<p>El Mundial de Ruanda est\u00e1 a la vuelta de la esquina. Y tal y como marca la tradici\u00f3n comenzaremos con los campeonatos del Mundo de contrarreloj. M\u00e1s tarde llegar\u00e1 el turno de las pruebas de fondo en carretera, pero empecemos con la agenda de los Mundiales y con las citas m\u00e1s destacadas para que ning\u00fan aficionado se pierda ninguna de las grandes competiciones.<\/p>\n<p>El domingo 21 de septiembre tenemos dos carreras en la agenda: las pruebas de contrarreloj para ciclistas profesionales tanto en la categor\u00eda femenina como en la masculina. En el caso de Espa\u00f1a, los elegidos han sido <strong>Mireia Benito, Ra\u00fal Garc\u00eda Pierna e Iv\u00e1n Romeo<\/strong>.<\/p>\n<p>El lunes 22 de septiembre tenemos novedad: es el d\u00eda para <strong>las carreras contrarreloj en categor\u00eda sub-23.<\/strong> Ah\u00ed veremos en acci\u00f3n a los hombres, pero tambi\u00e9n a las mujeres, algo que no suele ser habitual puesto que las f\u00e9minas no contaban tradicionalmente con esa divisi\u00f3n entre elite y sub-23.<\/p>\n<p>El martes 23 de septiembre ser\u00e1 el turno de los <strong>j\u00fanior<\/strong>, tanto hombres como f\u00e9minas mientras que el mi\u00e9rcoles 24 de septiembre tenemos <strong>la prueba de relevos mixtos<\/strong>, una competici\u00f3n que intent\u00f3 ser promovida por la Uni\u00f3n Ciclista Internacional, pero lo cierto es que no ha terminado cuajando entre los aficionados.<\/p>\n<p>AGENDA<\/p>\n<p>21.09 World Championships WE \u2013 ITT F\u00e9minas elite<br \/>21.09 World Championships ME \u2013 ITT Hombres elite<\/p>\n<p>22.09 World Championships MU \u2013 ITT Hombres sub-23<br \/>22.09 World Championships WU \u2013 ITT F\u00e9minas sub-23<\/p>\n<p>23.09 World Championships WJ \u2013 ITT F\u00e9minas j\u00fanior<br \/>23.09 World Championships MJ \u2013 ITT Hombres j\u00fanior<\/p>\n<p>24.09 World Championships \u2013 Relevos mixtos<\/p>\n","protected":false},"excerpt":{"rendered":"El Mundial de Ruanda est\u00e1 a la vuelta de la esquina. Y tal y como marca la tradici\u00f3n&hellip;\n","protected":false},"author":2,"featured_media":128640,"comment_status":"","ping_status":"","sticky":false,"template":"","format":"standard","meta":{"footnotes":""},"categories":[273],"tags":[313,312,168,25,24,23,167],"class_list":{"0":"post-128639","1":"post","2":"type-post","3":"status-publish","4":"format-standard","5":"has-post-thumbnail","7":"category-ciclismo","8":"tag-ciclismo","9":"tag-cycling","10":"tag-deportes","11":"tag-es","12":"tag-espana","13":"tag-spain","14":"tag-sports"},"share_on_mastodon":{"url":"","error":""},"_links":{"self":[{"href":"https:\/\/www.europesays.com\/es\/wp-json\/wp\/v2\/posts\/128639","targetHints":{"allow":["GET"]}}],"collection":[{"href":"https:\/\/www.europesays.com\/es\/wp-json\/wp\/v2\/posts"}],"about":[{"href":"https:\/\/www.europesays.com\/es\/wp-json\/wp\/v2\/types\/post"}],"author":[{"embeddable":true,"href":"https:\/\/www.europesays.com\/es\/wp-json\/wp\/v2\/users\/2"}],"replies":[{"embeddable":true,"href":"https:\/\/www.europesays.com\/es\/wp-json\/wp\/v2\/comments?post=128639"}],"version-history":[{"count":0,"href":"https:\/\/www.europesays.com\/es\/wp-json\/wp\/v2\/posts\/128639\/revisions"}],"wp:featuredmedia":[{"embeddable":true,"href":"https:\/\/www.europesays.com\/es\/wp-json\/wp\/v2\/media\/128640"}],"wp:attachment":[{"href":"https:\/\/www.europesays.com\/es\/wp-json\/wp\/v2\/media?parent=128639"}],"wp:term":[{"taxonomy":"category","embeddable":true,"href":"https:\/\/www.europesays.com\/es\/wp-json\/wp\/v2\/categories?post=128639"},{"taxonomy":"post_tag","embeddable":true,"href":"https:\/\/www.europesays.com\/es\/wp-json\/wp\/v2\/tags?post=128639"}],"curies":[{"name":"wp","href":"https:\/\/api.w.org\/{rel}","templated":true}]}}