{"id":128645,"date":"2025-09-21T02:28:11","date_gmt":"2025-09-21T02:28:11","guid":{"rendered":"https:\/\/www.europesays.com\/es\/128645\/"},"modified":"2025-09-21T02:28:11","modified_gmt":"2025-09-21T02:28:11","slug":"el-cd-san-fernando-1940-termina-goleando-a-un-san-fernando-atletico-que-se-adelanta-y-planta-batalla-al-gran-favorito-4-1-futbol","status":"publish","type":"post","link":"https:\/\/www.europesays.com\/es\/128645\/","title":{"rendered":"El CD San Fernando 1940 termina goleando a un San Fernando Atl\u00e9tico que se adelanta y planta batalla al gran favorito (4-1), F\u00fatbol"},"content":{"rendered":"<p>La fiesta del CD San Fernando 1940 y Monchi, que&#13;<br \/>\ncumpl\u00eda 57 a\u00f1os el mismo d\u00eda del estreno oficial de su club, comenz\u00f3 con susto&#13;<br \/>\ndel San Fernando Atl\u00e9tico, que se adelant\u00f3 con un gol de penalti de Hugo Capote&#13;<br \/>\nen el minuto 9, continu\u00f3 con remontada antes del descanso, gracias a un golazo&#13;<br \/>\ndel juvenil Unai Vega (27&#8242;) y un tanto de Dani Herrera (31&#8242;), y acab\u00f3 con&#13;<br \/>\ngoleada gracias al olfato goleador de Pedro Carri\u00f3n, que respondi\u00f3 a su apodo&#13;<br \/>\nde Carrigol e hizo un doblete en los minutos 77 y 89 para ponerle la guinda a&#13;<br \/>\nla hist\u00f3rica tarde.<\/p>\n<p>            \t<img decoding=\"async\" src=\"https:\/\/www.europesays.com\/es\/wp-content\/uploads\/2025\/09\/1758319200-cronica-1.jpg\" alt=\"Pedro Carri\u00f3n corre a celebrar su primer gol, que supon\u00eda el 3-1, y con Nono Olvera y Miguelito Alconchel celebr\u00e1ndolo fuera del terreno de juego.\" \/><br \/>\n\t\t\t            \tPedro Carri\u00f3n corre a celebrar su primer gol, que supon\u00eda el 3-1, y con Nono Olvera y Miguelito Alconchel celebr\u00e1ndolo fuera del terreno de juego. | Foto: <strong>GABY CUMBRERAS<\/strong><\/p>\n<p>        \tTercera Andaluza senior (grupo 2) Jornada 1<br \/>\nCD San Fernando 1940, 4 San Fernando Atl\u00e9tico,&#13;<br \/>\n1<\/p>\n<p><strong>CD San Fernando 1940<\/strong>: Rafa Carrillo, Nano&#13;<br \/>\nCavilla, David Montero, Juanma Guerrero, Mario L\u00f3pez; Dieguito, Adri\u00e1n Trabazo,&#13;<br \/>\nAlberto Chust, Miguelito Alconchel, Dani Herrera y Unai Vega.<\/p>\n<p>Cambios: En el minuto 54 entr\u00f3 Dani Freire por&#13;<br \/>\nJuanma Guerrero. En el 58 Pedro Carri\u00f3n por Dani Herrera. En el 63, Carlos&#13;<br \/>\nMu\u00f1oz por Adri\u00e1n Trabazo. En el 70 Jes\u00fas Alfred por Unai Vega. En el 75 Juanca&#13;<br \/>\nOlmedo por Miguelito Alconchel y volvi\u00f3 Adri\u00e1n Trabazo por Dieguito. Y en el 83&#13;<br \/>\nJuanje Torrej\u00f3n por Mario L\u00f3pez.<\/p>\n<p><strong>San Fernando Atl\u00e9tico:<\/strong> Pablo Ben\u00edtez, Jos\u00e9&#13;<br \/>\nRam\u00f3n Coto, Fran Blanco, \u00c1lvaro Cort\u00e9s, \u00c1lex Pe\u00f1a, Ra\u00fal Atencia; Pedro M\u00e1rquez,&#13;<br \/>\nDani Tr\u00e9llez, Hugo Capote, Jaime S\u00e1nchez y Felipe Rodr\u00edguez.<\/p>\n<p>Cambios: En el minuto 37 del primer tiempo&#13;<br \/>\nentr\u00f3 Javi Baena por Felipe Rodr\u00edguez. En la segunda parte tambi\u00e9n jugaron Sergio Ram\u00edrez, David Carrillo, Miguel\u00f3n, Camacho y Samuel Gonz\u00e1lez.<\/p>\n<p class=\"publicidad-rotulo\">Publicidad<\/p>\n<p><a href=\"https:\/\/www.deportedelaisla.com\/publicidad\/cdf8ed8d3d3c49dc70abde5b6fec527e62f7b807\" target=\"_blank\" rel=\"nofollow noopener\"><img decoding=\"async\" class=\"lazy\" src=\"i\/publicidad\/bs-par-1612185694.jpg\" alt=\"BS Gesti\u00f3n Tur\u00edstica\" \/><\/a><\/p>\n<p><strong>\u00c1rbitro<\/strong>: Julen Infante Osuna (17 a\u00f1os), del&#13;<br \/>\ncolegio gaditano. Bien en l\u00edneas generales. Amonest\u00f3 a Dani Freire y los \u00abvisitantes\u00bb Fran Blanco, \u00c1lvaro&#13;<br \/>\nCort\u00e9s y Sergio Ram\u00edrez.<\/p>\n<p><strong>Goles<\/strong>: 0-1 (9&#8242;) Hugo Capote, de penalti; 1-1&#13;<br \/>\n(27&#8242;) Unai Vega; 2-1 (31&#8242;) Dani Herrera; 3-1 (77&#8242;) Pedro Carri\u00f3n; 4-1 (89&#8242;)&#13;<br \/>\nPedro Carri\u00f3n.<\/p>\n<p><strong>Incidencias:<\/strong> Partido de la 1\u00aa jornada en la&#13;<br \/>\nTercera Andaluza senior celebrado este s\u00e1bado en el estadio Bah\u00eda Sur y que&#13;<br \/>\ncomenz\u00f3 a las 19:41 horas con 2.800 espectadores, seg\u00fan datos oficiales&#13;<br \/>\nfacilitados por el CD San Fernando 1940. En el minuto 20, los aficionados de&#13;<br \/>\nTribuna le cantaron el Cumplea\u00f1os feliz al presidente azulino Monchi, que cumpl\u00eda&#13;<br \/>\nhoy 57 a\u00f1os y que se levant\u00f3 para agradecer el apoyo de los aficionados.<\/p>\n<p><a href=\"https:\/\/www.europesays.com\/es\/wp-content\/uploads\/2025\/09\/1758404083-cronica-3.jpg\" class=\"ampliar\"><img decoding=\"async\" class=\"lazy\" src=\"https:\/\/www.europesays.com\/es\/wp-content\/uploads\/2025\/09\/1758404083-cronica-3.jpg\" alt=\"Monchi se levant\u00f3 para agradecer el cari\u00f1o de los aficionados. Foto GABY CUMBRERAS\" \/><\/a>Monchi se levant\u00f3 para agradecer el cari\u00f1o de los aficionados. Foto GABY CUMBRERAS<\/p>\n<p>Jaime Bugatto no pudo contar con Pablo&#13;<br \/>\nJim\u00e9nez, baja en el mediocampo, y se decant\u00f3 por darle la titularidad a Juanma&#13;<br \/>\nGuerrero para acompa\u00f1ar a David Montero en el eje de la zaga y por el juvenil&#13;<br \/>\nUnai Vega en el extremo izquierdo. Por su parte, Jes\u00fas Cort\u00e9s perdi\u00f3 a otro de&#13;<br \/>\nsus pilares ofensivos como Mois\u00e9s Fonseca, que este s\u00e1bado por la ma\u00f1ana se&#13;<br \/>\nmarch\u00f3 de Erasmus a Italia y se decant\u00f3 por jugar con tres centrales y dos&#13;<br \/>\ncarrileros.<\/p>\n<p class=\"publicidad-rotulo\">Publicidad<\/p>\n<p><a href=\"https:\/\/www.deportedelaisla.com\/publicidad\/53cb4643692817e30ef140a7213f8df078881cb9\" target=\"_blank\" rel=\"nofollow noopener\"><img decoding=\"async\" class=\"lazy\" src=\"i\/publicidad\/los-napolitanos-contenido-1646990068p.gif\" alt=\"Los Napolitanos\" \/><\/a><\/p>\n<p><a href=\"https:\/\/www.europesays.com\/es\/wp-content\/uploads\/2025\/09\/1758404251-cronica-2.jpg\" class=\"ampliar\"><img decoding=\"async\" class=\"lazy\" src=\"https:\/\/www.europesays.com\/es\/wp-content\/uploads\/2025\/09\/1758404251-cronica-2.jpg\" alt=\"Hugo Capote marca de penalti el 0-1 del Atl\u00e9tico. Foto GABY CUMBRERAS\" \/><\/a>Hugo Capote marca de penalti el 0-1 del Atl\u00e9tico. Foto GABY CUMBRERAS<\/p>\n<p>El plan establecido por el t\u00e9cnico del San&#13;<br \/>\nFernando Atl\u00e9tico le sali\u00f3 a la perfecci\u00f3n en el tramo inicial del partido,&#13;<br \/>\ndonde logr\u00f3 frenar al CDSF 1940 y sorprenderle al contragolpe. As\u00ed lleg\u00f3, en el&#13;<br \/>\nminuto 9, una internada de Jaime S\u00e1nchez por la banda izquierda y su centro no&#13;<br \/>\nencontr\u00f3 rematador. La jugada continu\u00f3 y Unai Vega derrib\u00f3 a Hugo Capote. El&#13;<br \/>\nnovel colegiado Julen Infante Osuna (17 a\u00f1os) no dud\u00f3 en se\u00f1alar el penalti y&#13;<br \/>\nel propio Capote pon\u00eda la sorpresa del 0-1 en el marcador del estadio Bah\u00eda&#13;<br \/>\nSur, que registr\u00f3 un ambiente de aut\u00e9ntico lujo.<\/p>\n<p>El CD San Fernando 1940 logr\u00f3 rehacerse de&#13;<br \/>\nesos buenos minutos del Atl\u00e9tico y pas\u00f3 a dominar el choque y acumular&#13;<br \/>\nocasiones de gol. Adri\u00e1n Trabazo remat\u00f3 alto (16&#8242;), el remate de Alberto Chust&#13;<br \/>\nlo ataj\u00f3 con seguridad Pablo Ben\u00edtez (19&#8242;) y Dani Herrera roz\u00f3 el gol (20&#8242;),&#13;<br \/>\njusto cuando los aficionados le cantaban el cumplea\u00f1os feliz al presidente&#13;<br \/>\nMonchi.<\/p>\n<p class=\"publicidad-rotulo\">Publicidad<\/p>\n<p><a href=\"https:\/\/www.deportedelaisla.com\/publicidad\/dffc857a237fe2f0e7dff31a8ce61382667de901\" target=\"_blank\" rel=\"nofollow noopener\"><img decoding=\"async\" class=\"lazy\" src=\"i\/publicidad\/dia-bicicleta-2-770x400-1758180989p.gif\" alt=\"Bah\u00eda Sur -Dia de la Bicicleta 2025\" \/><\/a><\/p>\n<p><a href=\"https:\/\/www.europesays.com\/es\/wp-content\/uploads\/2025\/09\/1758404364-cronica-4.jpg\" class=\"ampliar\"><img decoding=\"async\" class=\"lazy\" src=\"https:\/\/www.europesays.com\/es\/wp-content\/uploads\/2025\/09\/1758404364-cronica-4.jpg\" alt=\"El juvenil Unai Vega, en la foto perseguido por Sergio Ram\u00edrez, cuaj\u00f3 un gran partido y marc\u00f3 un golazo. Foto GABY CUMBRERAS\" \/><\/a>El juvenil Unai Vega, en la foto perseguido por Sergio Ram\u00edrez, cuaj\u00f3 un gran partido y marc\u00f3 un golazo. Foto GABY CUMBRERAS<\/p>\n<p>Adri\u00e1n Trabazo puso a prueba de nuevo al meta&#13;<br \/>\nrival (22&#8242;), que respondi\u00f3 otra vez de maravilla y Dani Herrera se top\u00f3 en dos&#13;<br \/>\nocasiones con los palos, antes y despu\u00e9s de un espl\u00e9ndido gol del extremo&#13;<br \/>\njuvenil Unai Vega, un futbolista de una enorme proyecci\u00f3n, que igualaba el&#13;<br \/>\nmarcador en el minuto 27. El acoso y derribo del CD San Fernando 1940 encontr\u00f3&#13;<br \/>\nla recompensa del 2-1 de Dani Herrera, que cabece\u00f3 un centro, tambi\u00e9n con la&#13;<br \/>\ncabeza, de Juanma Guerrero, para adelantar al CD San Fernando 1940 en el minuto&#13;<br \/>\n31.<\/p>\n<p>Jes\u00fas Cort\u00e9s, t\u00e9cnico del Atl\u00e9tico, movi\u00f3&#13;<br \/>\nentonces el banquillo y dio entrada entonces a Javi Baena por Felipe Rodr\u00edguez&#13;<br \/>\ny la primera parte acab\u00f3 con una impresionante parada de Pablo Ben\u00edtez en otro&#13;<br \/>\npotente remate de Dani Herrera.<\/p>\n<p><a href=\"https:\/\/www.europesays.com\/es\/wp-content\/uploads\/2025\/09\/1758404602-cronica-5.jpg\" class=\"ampliar\"><img decoding=\"async\" class=\"lazy\" src=\"https:\/\/www.europesays.com\/es\/wp-content\/uploads\/2025\/09\/1758404602-cronica-5.jpg\" alt=\"El extremo juvenil Jes\u00fas Alfred, en la foto agarrado por David Carrillo, sembr\u00f3 el terror en la defensa del Atl\u00e9tico en los 20 minutos que jug\u00f3. Foto GABY CUMBRERAS\" \/><\/a>El extremo juvenil Jes\u00fas Alfred, en la foto agarrado por David Carrillo, sembr\u00f3 el terror en la defensa del Atl\u00e9tico en los 20 minutos que jug\u00f3. Foto GABY CUMBRERAS<\/p>\n<p>En el segundo tiempo, y con los mismos&#13;<br \/>\nprotagonistas en el terreno de juego con los que acab\u00f3 la primera parte, el San&#13;<br \/>\nFernando Atl\u00e9tico dio un buen susto con una internada de su ariete Jaime&#13;<br \/>\nS\u00e1nchez, que remat\u00f3 fuera.<\/p>\n<p>Unai Vega llevaba todo el peligro del CD San&#13;<br \/>\nFernando 1940, demostrando excelentes condiciones, y puso un par de espl\u00e9ndidos centros que no tuvieron respuesta por parte de sus compa\u00f1eros. En el minuto 57&#13;<br \/>\nse estorbaron incluso Dani Herrera y Miguelito Alconchel al ir al rematar,&#13;<br \/>\njusto antes de que Pedro Carri\u00f3n entrara en acci\u00f3n al sustituir a Dani Herrera.<\/p>\n<p class=\"publicidad-rotulo\">Publicidad<\/p>\n<p><img decoding=\"async\" class=\"lazy\" src=\"i\/publicidad\/colchones-colon-1614798003-1614798003p.jpg\" alt=\"Colchones Col\u00f3n\" \/><\/p>\n<p>El San Fernando Atl\u00e9tico le jugaba de t\u00fa a t\u00fa&#13;<br \/>\nal gran favorito del grupo y roz\u00f3 el empate en el minuto 62 cuando Javi Baena&#13;<br \/>\nlleg\u00f3, incluso, a regatear al meta Rafa, pero David Montero acudi\u00f3 en su&#13;<br \/>\nauxilio y evit\u00f3 males mayores para el CD San Fernando 1940.<\/p>\n<p>Jaime Bugatto ech\u00f3 mano de su extenso y&#13;<br \/>\nexcelente banquillo y meti\u00f3 a los juveniles Carlos Mu\u00f1oz y Jes\u00fas Alfred y al&#13;<br \/>\nextremo algecire\u00f1o Juanca Olmedo.<\/p>\n<p><a href=\"https:\/\/www.europesays.com\/es\/wp-content\/uploads\/2025\/09\/1758404723-cronica-1-(2).jpg\" class=\"ampliar\"><img decoding=\"async\" class=\"lazy\" src=\"https:\/\/www.europesays.com\/es\/wp-content\/uploads\/2025\/09\/1758404723-cronica-1-(2).jpg\" alt=\"Pedro Carri\u00f3n es felicitado por el juvenil Carlos Mu\u00f1oz, que bot\u00f3 el c\u00f3rner que acab\u00f3 en el 4-1 del malague\u00f1o. Foto GABY CUMBRERAS\" \/><\/a>Pedro Carri\u00f3n es felicitado por el juvenil Carlos Mu\u00f1oz, que bot\u00f3 el c\u00f3rner que acab\u00f3 en el 4-1 del malague\u00f1o. Foto GABY CUMBRERAS<\/p>\n<p>La resoluci\u00f3n del partido estaba en el aire&#13;<br \/>\ncuando un bal\u00f3n en largo, en el minuto 77, permiti\u00f3 a Juanca Olmedo plantarse&#13;<br \/>\nen solitario ante Rafa y la jugada la termin\u00f3 culminando Pedro Carri\u00f3n, que&#13;<br \/>\nsiempre est\u00e1 en el sitio justo y necesario y sentenci\u00f3 el partido con el 3-1.&#13;<br \/>\nEl malague\u00f1o corri\u00f3 hacia la grada de Tribuna y abraz\u00f3 a su hija Irene, gimnasta con gran proyecci\u00f3n.<\/p>\n<p>El&#13;<br \/>\nextremo juvenil Jes\u00fas Alfred puso el espect\u00e1culo en la recta final del partido,&#13;<br \/>\ndonde demostr\u00f3 su calidad, potencia, velocidad y regate y siendo un quebradero&#13;<br \/>\nde cabeza para sus marcadores, adem\u00e1s de ver como el colegiado no se\u00f1al\u00f3 un&#13;<br \/>\nclaro penalti sobre el senegal\u00e9s. Una de sus internadas acab\u00f3 en saque de&#13;<br \/>\nesquina, que bot\u00f3 el juvenil Carlos Mu\u00f1oz y Pedro Carri\u00f3n marc\u00f3 de cabeza el&#13;<br \/>\nque supon\u00eda el definitivo 4-1 en una tarde-noche que ya es historia del f\u00fatbol&#13;<br \/>\nisle\u00f1o<\/p>\n<p class=\"publicidad-rotulo\">Publicidad<\/p>\n<p><a href=\"https:\/\/www.deportedelaisla.com\/publicidad\/82fa5b2b6fada0c7158b5b262c8a605b9d4027b6\" target=\"_blank\" rel=\"nofollow noopener\"><img decoding=\"async\" class=\"lazy\" src=\"i\/publicidad\/venta-vargas-par-1612186094.jpg\" alt=\"Venta Vargas\" \/><\/a><\/p>\n","protected":false},"excerpt":{"rendered":"La fiesta del CD San Fernando 1940 y Monchi, que&#13; cumpl\u00eda 57 a\u00f1os el mismo d\u00eda del estreno&hellip;\n","protected":false},"author":2,"featured_media":128646,"comment_status":"","ping_status":"","sticky":false,"template":"","format":"standard","meta":{"footnotes":""},"categories":[268],"tags":[7427,168,25,24,280,282,41494,281,23,167],"class_list":{"0":"post-128645","1":"post","2":"type-post","3":"status-publish","4":"format-standard","5":"has-post-thumbnail","7":"category-futbol","8":"tag-cd-san-fernando-1940","9":"tag-deportes","10":"tag-es","11":"tag-espana","12":"tag-football","13":"tag-futbol","14":"tag-san-fernando-atletico","15":"tag-soccer","16":"tag-spain","17":"tag-sports"},"share_on_mastodon":{"url":"","error":""},"_links":{"self":[{"href":"https:\/\/www.europesays.com\/es\/wp-json\/wp\/v2\/posts\/128645","targetHints":{"allow":["GET"]}}],"collection":[{"href":"https:\/\/www.europesays.com\/es\/wp-json\/wp\/v2\/posts"}],"about":[{"href":"https:\/\/www.europesays.com\/es\/wp-json\/wp\/v2\/types\/post"}],"author":[{"embeddable":true,"href":"https:\/\/www.europesays.com\/es\/wp-json\/wp\/v2\/users\/2"}],"replies":[{"embeddable":true,"href":"https:\/\/www.europesays.com\/es\/wp-json\/wp\/v2\/comments?post=128645"}],"version-history":[{"count":0,"href":"https:\/\/www.europesays.com\/es\/wp-json\/wp\/v2\/posts\/128645\/revisions"}],"wp:featuredmedia":[{"embeddable":true,"href":"https:\/\/www.europesays.com\/es\/wp-json\/wp\/v2\/media\/128646"}],"wp:attachment":[{"href":"https:\/\/www.europesays.com\/es\/wp-json\/wp\/v2\/media?parent=128645"}],"wp:term":[{"taxonomy":"category","embeddable":true,"href":"https:\/\/www.europesays.com\/es\/wp-json\/wp\/v2\/categories?post=128645"},{"taxonomy":"post_tag","embeddable":true,"href":"https:\/\/www.europesays.com\/es\/wp-json\/wp\/v2\/tags?post=128645"}],"curies":[{"name":"wp","href":"https:\/\/api.w.org\/{rel}","templated":true}]}}