{"id":128647,"date":"2025-09-21T02:29:15","date_gmt":"2025-09-21T02:29:15","guid":{"rendered":"https:\/\/www.europesays.com\/es\/128647\/"},"modified":"2025-09-21T02:29:15","modified_gmt":"2025-09-21T02:29:15","slug":"itziar-ituno-habla-euskera-en-zinemaldia","status":"publish","type":"post","link":"https:\/\/www.europesays.com\/es\/128647\/","title":{"rendered":"Itziar Itu\u00f1o habla euskera en Zinemaldia"},"content":{"rendered":"<p>\n        Zinemaldia comenz\u00f3 este viernes su <strong>73\u00aa edici\u00f3n con una gala de inauguraci\u00f3n presentada por\u00a0<\/strong><a href=\"https:\/\/www.deia.eus\/tags\/itziar-ituno\/\" title=\"Itziar Itu\u00f1o\" class=\"link copy\" rel=\"nofollow noopener\" target=\"_blank\"><strong>Itziar Itu\u00f1o<\/strong><\/a><strong>, Silvia Abril y Toni Acosta.<\/strong>\n<\/p>\n<p class=\"article-body__text \">\n        Durante la gala, Acosta y Abril se encontraban en el escenario cuando d<strong>e repente apareci\u00f3 Itziar Itu\u00f1o para saludar al p\u00fablico y a sus compa\u00f1eras. <\/strong>\n<\/p>\n<p class=\"article-body__text \">\n        A continuaci\u00f3n, <strong>la actriz vasca habl\u00f3 al p\u00fablico en euskera, tal y como estaba indicado en el guion,<\/strong> y se dirigi\u00f3 a las tambi\u00e9n actrices en castellano, sugiri\u00e9ndolas que pod\u00edan abandonar el plato.<strong> <\/strong>\n<\/p>\n<p class=\"article-body__text \">\n        <strong>\u00abNo podemos irnos porque est\u00e1 hablando en euskera, \u00bfno querr\u00e1s hacer un Ayuso?\u00bb,<\/strong> le dijo <a href=\"https:\/\/www.deia.eus\/tags\/silvia-abril\/\" title=\"Silvia Abril\" class=\"link copy\" rel=\"nofollow noopener\" target=\"_blank\">Silvia Abril<\/a> a Acosta susurrando, en una clara alusi\u00f3n a <strong>cuando la presidenta de la Comunidad de Madrid, Isabel D\u00edaz Ayuso, abandon\u00f3 la reuni\u00f3n de la\u00a0Conferencia de Presidentes\u00a0durante la intervenci\u00f3n del lehendakari,\u00a0<\/strong><a href=\"https:\/\/www.deia.eus\/tags\/imanol-pradales\/\" title=\"Imanol Pradales\" class=\"link copy\" rel=\"nofollow noopener\" target=\"_blank\"><strong>Imanol Pradales<\/strong><\/a><strong>, que s<\/strong><strong>e dirigi\u00f3 al resto de autoridades en euskera.<\/strong>\n<\/p>\n<p class=\"article-body__text \">\n        <strong>Toni Acosta le respondi\u00f3 que se quer\u00eda quedar, desatando las risas del p\u00fablico.<\/strong>\n<\/p>\n<p>  <strong>\u00abEstamos con el euskera\u00bb<\/strong><\/p>\n<p class=\"article-body__text \">\n        <strong>\u00abNo solo nos quedamos, sino que nos vamos a acercar mucho para que se note que estamos con el euskera\u00bb<\/strong>, dijo la catalana, arrancando de nuevo los aplausos de los asistentes.\n<\/p>\n<p class=\"article-body__text \">\n        <strong>\u00abA ver si voy a llamar a seguridad, que soy yo misma\u00bb,<\/strong> dijo la int\u00e9rprete basauritarra, continuando con el guion establecido, y propiciando que sus compa\u00f1eras abandonaran finalmente el escenario.\n<\/p>\n<p class=\"article-body__text \">\n        <strong>\u00abNos vamos, pero que conste que yo soy catalana\u00bb, <\/strong>apostill\u00f3 <strong>Silvia Abril<\/strong> en tono de broma, mientras que <strong>Toni Acosta sentenci\u00f3 el sketch se\u00f1alando que ella es tinerfe\u00f1a, \u00abque no est\u00e1 ni en la pen\u00ednsula\u00bb.<\/strong>\n<\/p>\n<p>  Primera vez en el Kursaal<\/p>\n<p class=\"article-body__text \">\n        Durante los ensayos previos a la gala, <strong>Silvia Abril y Toni <\/strong><strong>Acosta comentaron que es la primera vez que visitaban el\u00a0<\/strong><a href=\"https:\/\/www.deia.eus\/tags\/kursaal\/\" title=\"Kursaal\" class=\"link copy\" rel=\"nofollow noopener\" target=\"_blank\"><strong>Kursaal<\/strong><\/a><strong>, mientras que la actriz vasca explic\u00f3 que estuvo el a\u00f1o pasado, y defini\u00f3 el auditorio como \u00abimpresionante\u00bb.<\/strong>\n<\/p>\n<p class=\"article-body__text \">\n        Pese a ello,\u00a0<strong>Itu\u00f1o tambi\u00e9n se subi\u00f3 este viernes por primera vez al escenario, ya que el a\u00f1o pasado estuvo en las butacas.<\/strong>\n<\/p>\n<p class=\"article-body__text \">\n        Sobre el rol que adoptar\u00eda cada una al presentar,<strong>\u00a0Acosta explic\u00f3, en evidente tono ir\u00f3nico, que no iban a hacer humor, a lo que la de\u00a0<\/strong><a href=\"https:\/\/www.deia.eus\/tags\/basauri\/\" title=\"Basauri\" class=\"link copy\" rel=\"nofollow noopener\" target=\"_blank\"><strong>Basauri<\/strong><\/a><strong>\u00a0respondi\u00f3: \u00abYo poco. Ellas igual, no s\u00e9\u00bb.<\/strong>\n<\/p>\n<p class=\"article-body__text \">\n        La humorista catalana a\u00f1adi\u00f3 que en el festival no se nomina la comedia, por lo que sugiri\u00f3,\u00a0<strong>siguiendo con la broma, que quiz\u00e1s deb\u00edan presentar la ceremonia con un tono m\u00e1s dram\u00e1tico por si \u00ables sale\u00bb alguna pel\u00edcula, y as\u00ed poder volver el a\u00f1o que viene al Zinemaldia en calidad de nominadas.<\/strong>\n<\/p>\n<p>            <a href=\"https:\/\/www.deia.eus\/gente\/2025\/09\/18\/itziar-ituno-presentara-zinemaldia-silvia-abril-toni-acosta-10101072.html\" title=\"El primer encuentro de Itziar Itu\u00f1o con Silvia Abril y Toni Acosta para presentar el Zinemaldia: &quot;Ojo, que nos cancelan&quot;\" class=\"new__media\" rel=\"nofollow noopener\" target=\"_blank\"><\/p>\n<p>                <img alt=\"El primer encuentro de Itziar Itu\u00f1o con Silvia Abril y Toni Acosta para presentar el Zinemaldia: &quot;Ojo, que nos cancelan&quot;\" data-src=\"https:\/\/www.europesays.com\/es\/wp-content\/uploads\/2025\/09\/b1044fbc-4b02-4726-8f25-5574aa2317d1_16-9-aspect-ratio_default_0.jpg\" class=\"lozad\"\/><\/p>\n<p>        <\/a><\/p>\n<p>        <a href=\"https:\/\/www.deia.eus\/gente\/2025\/09\/18\/itziar-ituno-presentara-zinemaldia-silvia-abril-toni-acosta-10101072.html\" title=\"El primer encuentro de Itziar Itu\u00f1o con Silvia Abril y Toni Acosta para presentar el Zinemaldia: &quot;Ojo, que nos cancelan&quot;\" class=\"new__headline\" rel=\"nofollow noopener\" target=\"_blank\"><br \/>\n            El primer encuentro de Itziar Itu\u00f1o con Silvia Abril y Toni Acosta para presentar el Zinemaldia: \u00abOjo, que nos cancelan\u00bb<br \/>\n        <\/a><\/p>\n<p>  Llegada de estrellas<\/p>\n<p class=\"article-body__text \">\n        Se espera la llegada de grandes estrellas del cine. Entre otros, actores y actrices tan conocidos como la protagonista de\u00a0Juegos del hambre,\u00a0<strong>Jennifer Lawrence (Premio Donostia), Juliette Binoche, Paul Dano, Matt Dillon, Colin Farrell. Stellan Skarsgard o\u00a0<\/strong><a href=\"https:\/\/www.noticiasdegipuzkoa.eus\/tags\/angelina-jolie\/\" title=\"Angelina Jolie\" class=\"link copy\" rel=\"nofollow noopener\" target=\"_blank\"><strong>Angelina Jolie<\/strong><\/a><strong>, entre otros.<\/strong>\n<\/p>\n<p class=\"article-body__text \">\n        Precisamente esta \u00faltima,\u00a0ganadora de un premio \u00d3scar y reconocida figura de Hollywood,<strong>\u00a0visitar\u00e1 por primera vez el\u00a0<\/strong><a href=\"https:\/\/www.sansebastianfestival.com\/es\/\" title=\"Zinemaldia\" rel=\"nofollow noopener\" class=\"link copy\" target=\"_blank\"><strong>Zinemaldia<\/strong><\/a><strong>.\u00a0<\/strong>As\u00ed lo comunic\u00f3 la organizaci\u00f3n este jueves, que sorprendi\u00f3 con la noticia\u00a0<strong>al confirmar la presencia de la actriz en la capital guipuzcoana para presentar su pel\u00edcula m\u00e1s reciente, &#8216;Couture&#8217;.<\/strong>\n<\/p>\n<p class=\"article-photo__footer\">\n            Angelina Jolie en una foto de archivo            E.P.        <\/p>\n<p>            <a href=\"https:\/\/www.deia.eus\/cultura\/2025\/09\/18\/estrella-hollywood-angelina-jolie-sorpresa-10098435.html\" title=\"La estrella de Hollywood Angelina Jolie, sorpresa de \u00faltima hora en el Zinemaldia\" class=\"new__media\" rel=\"nofollow noopener\" target=\"_blank\"><\/p>\n<p>                <img alt=\"La estrella de Hollywood Angelina Jolie, sorpresa de \u00faltima hora en el Zinemaldia\" data-src=\"https:\/\/www.europesays.com\/es\/wp-content\/uploads\/2025\/09\/c655cefb-037e-423e-9d14-39c0eab7d5df_16-9-aspect-ratio_default_0.jpg\" class=\"lozad\"\/><\/p>\n<p>        <\/a><\/p>\n<p>        <a href=\"https:\/\/www.deia.eus\/cultura\/2025\/09\/18\/estrella-hollywood-angelina-jolie-sorpresa-10098435.html\" title=\"La estrella de Hollywood Angelina Jolie, sorpresa de \u00faltima hora en el Zinemaldia\" class=\"new__headline\" rel=\"nofollow noopener\" target=\"_blank\"><br \/>\n            La estrella de Hollywood Angelina Jolie, sorpresa de \u00faltima hora en el Zinemaldia<br \/>\n        <\/a><\/p>\n<p>  Llegada prevista el domingo<\/p>\n<p class=\"article-body__text \">\n        La tambi\u00e9n directora, productora, empresaria y fil\u00e1ntropa, llegar\u00e1 a Donostia el domingo acompa\u00f1ada por\u00a0<strong>Louis Garrel y Garance Marillier para presentar la pel\u00edcula de Alice Winocour,<\/strong>\u00a0que compite en la Secci\u00f3n Oficial.<\/p>\n","protected":false},"excerpt":{"rendered":"Zinemaldia comenz\u00f3 este viernes su 73\u00aa edici\u00f3n con una gala de inauguraci\u00f3n presentada por\u00a0Itziar Itu\u00f1o, Silvia Abril y&hellip;\n","protected":false},"author":2,"featured_media":128648,"comment_status":"","ping_status":"","sticky":false,"template":"","format":"standard","meta":{"footnotes":""},"categories":[174],"tags":[255,146,147,25,24,32506,256,4596,16926,16925,41495,8017,23,24803],"class_list":{"0":"post-128647","1":"post","2":"type-post","3":"status-publish","4":"format-standard","5":"has-post-thumbnail","7":"category-famosos","8":"tag-celebrities","9":"tag-entertainment","10":"tag-entretenimiento","11":"tag-es","12":"tag-espana","13":"tag-euskera","14":"tag-famosos","15":"tag-habla","16":"tag-ituno","17":"tag-itziar","18":"tag-presentadoras","19":"tag-reaccionan","20":"tag-spain","21":"tag-zinemaldia"},"share_on_mastodon":{"url":"","error":""},"_links":{"self":[{"href":"https:\/\/www.europesays.com\/es\/wp-json\/wp\/v2\/posts\/128647","targetHints":{"allow":["GET"]}}],"collection":[{"href":"https:\/\/www.europesays.com\/es\/wp-json\/wp\/v2\/posts"}],"about":[{"href":"https:\/\/www.europesays.com\/es\/wp-json\/wp\/v2\/types\/post"}],"author":[{"embeddable":true,"href":"https:\/\/www.europesays.com\/es\/wp-json\/wp\/v2\/users\/2"}],"replies":[{"embeddable":true,"href":"https:\/\/www.europesays.com\/es\/wp-json\/wp\/v2\/comments?post=128647"}],"version-history":[{"count":0,"href":"https:\/\/www.europesays.com\/es\/wp-json\/wp\/v2\/posts\/128647\/revisions"}],"wp:featuredmedia":[{"embeddable":true,"href":"https:\/\/www.europesays.com\/es\/wp-json\/wp\/v2\/media\/128648"}],"wp:attachment":[{"href":"https:\/\/www.europesays.com\/es\/wp-json\/wp\/v2\/media?parent=128647"}],"wp:term":[{"taxonomy":"category","embeddable":true,"href":"https:\/\/www.europesays.com\/es\/wp-json\/wp\/v2\/categories?post=128647"},{"taxonomy":"post_tag","embeddable":true,"href":"https:\/\/www.europesays.com\/es\/wp-json\/wp\/v2\/tags?post=128647"}],"curies":[{"name":"wp","href":"https:\/\/api.w.org\/{rel}","templated":true}]}}