{"id":128659,"date":"2025-09-21T02:40:16","date_gmt":"2025-09-21T02:40:16","guid":{"rendered":"https:\/\/www.europesays.com\/es\/128659\/"},"modified":"2025-09-21T02:40:16","modified_gmt":"2025-09-21T02:40:16","slug":"charlie-kirk-me-envio-un-mensaje-directo-antes-de-que-lo-asesinaran-esto-es-lo-que-dijo","status":"publish","type":"post","link":"https:\/\/www.europesays.com\/es\/128659\/","title":{"rendered":"Charlie Kirk me envi\u00f3 un mensaje directo antes de que lo asesinaran. Esto es lo que dijo"},"content":{"rendered":"<p>      CNN<br \/>\n        \u00a0\u2014\u00a0<\/p>\n<p class=\"paragraph inline-placeholder vossi-paragraph\" data-uri=\"es.cms.cnn.com\/_components\/paragraph\/instances\/cmfruj3sg002t27qda1tv297a@published\" data-editable=\"text\" data-component-name=\"paragraph\" data-article-gutter=\"true\">\n            El d\u00eda antes de que lo asesinaran horriblemente, Charlie Kirk me envi\u00f3 un mensaje directo en X.\n    <\/p>\n<p class=\"paragraph inline-placeholder vossi-paragraph\" data-uri=\"es.cms.cnn.com\/_components\/paragraph\/instances\/cmfrul2ux0005356n627inxl9@published\" data-editable=\"text\" data-component-name=\"paragraph\" data-article-gutter=\"true\">\n            \u00c9l y yo hab\u00edamos estado discutiendo p\u00fablicamente sobre <a href=\"https:\/\/www.cnn.com\/2025\/09\/08\/us\/iryna-zarutska-murder-ukraine-refugee\" rel=\"nofollow noopener\" target=\"_blank\">el apu\u00f1alamiento de una refugiada ucraniana<\/a> y su relaci\u00f3n con la raza.\n    <\/p>\n<p class=\"paragraph inline-placeholder vossi-paragraph\" data-uri=\"es.cms.cnn.com\/_components\/paragraph\/instances\/cmfrul2ux0006356n3jrh01by@published\" data-editable=\"text\" data-component-name=\"paragraph\" data-article-gutter=\"true\">\n            Kirk dijo que el horrible asesinato de una mujer blanca a manos de un hombre negro estuvo motivado \u00fanicamente por odio antiblanco. <a href=\"https:\/\/www.youtube.com\/watch?v=HozDzvKp1ts\" target=\"_blank\" rel=\"nofollow noopener\">Critiqu\u00e9 esos comentarios<\/a> en CNN como infundados. Sali\u00f3 en televisi\u00f3n y denunci\u00f3 MI denuncia. Luego desat\u00f3 una lluvia de tuits, refutando mi argumento.\n    <\/p>\n<p class=\"paragraph inline-placeholder vossi-paragraph\" data-uri=\"es.cms.cnn.com\/_components\/paragraph\/instances\/cmfrul2ux0007356nzimek014@published\" data-editable=\"text\" data-component-name=\"paragraph\" data-article-gutter=\"true\">\n            La reacci\u00f3n de Kirk desencaden\u00f3 un torrente de amenazas de muerte racistas en mi contra en Internet, como pocas veces he visto.\n    <\/p>\n<p class=\"paragraph inline-placeholder vossi-paragraph\" data-uri=\"es.cms.cnn.com\/_components\/paragraph\/instances\/cmfrul2ux0008356np7wugipf@published\" data-editable=\"text\" data-component-name=\"paragraph\" data-article-gutter=\"true\">\n            Las cosas realmente se estaban saliendo de control.\n    <\/p>\n<p class=\"paragraph inline-placeholder vossi-paragraph\" data-uri=\"es.cms.cnn.com\/_components\/paragraph\/instances\/cmfrul2ux0009356nxuvqpgs8@published\" data-editable=\"text\" data-component-name=\"paragraph\" data-article-gutter=\"true\">\n            Entonces, en medio de todo esto, Charlie Kirk se acerc\u00f3.\n    <\/p>\n<p class=\"paragraph inline-placeholder vossi-paragraph\" data-uri=\"es.cms.cnn.com\/_components\/paragraph\/instances\/cmfrul2ux000a356n9jl8kkie@published\" data-editable=\"text\" data-component-name=\"paragraph\" data-article-gutter=\"true\">\n            Me invit\u00f3 a su programa para hablar con \u00e9l. Escribi\u00f3: \u201cOye, Van, en serio, me encantar\u00eda tenerte en mi programa para tener una conversaci\u00f3n respetuosa sobre crimen y raza. Ser\u00e9 un caballero, y s\u00e9 que t\u00fa tambi\u00e9n lo ser\u00edas. Podemos discrepar sobre estos temas de forma amistosa\u201d.\n    <\/p>\n<p class=\"paragraph inline-placeholder vossi-paragraph\" data-uri=\"es.cms.cnn.com\/_components\/paragraph\/instances\/cmfrujavw0000356n2e6i2ae8@published\" data-editable=\"text\" data-component-name=\"paragraph\" data-article-gutter=\"true\">\n            Desafortunadamente, antes de que pudiera responder, Charlie Kirk fue asesinado, <a href=\"https:\/\/www.cnn.com\/2025\/09\/17\/politics\/charlie-kirk-tyler-robinson-motive\" rel=\"nofollow noopener\" target=\"_blank\">aparentemente <\/a> por las palabras que pronunci\u00f3, aunque los motivos exactos del asesino todav\u00eda se est\u00e1n investigando.\n    <\/p>\n<p class=\"paragraph inline-placeholder vossi-paragraph\" data-uri=\"es.cms.cnn.com\/_components\/paragraph\/instances\/cmfrumcvy000i356nv8on3ce2@published\" data-editable=\"text\" data-component-name=\"paragraph\" data-article-gutter=\"true\">\n            He discrepado con muchas de esas palabras, a veces con vehemencia, pero nunca con su derecho a pronunciarlas. Nunca con su derecho a expresar esas opiniones y luego regresar a casa con su familia. Ese es un valor sagrado estadounidense.\n    <\/p>\n<p class=\"paragraph inline-placeholder vossi-paragraph\" data-uri=\"es.cms.cnn.com\/_components\/paragraph\/instances\/cmfrumcvy000k356nn0c0grh6@published\" data-editable=\"text\" data-component-name=\"paragraph\" data-article-gutter=\"true\">\n            As\u00ed que no me result\u00f3 dif\u00edcil condenar su asesinato de inmediato, sin reservas y en t\u00e9rminos incondicionales.\n    <\/p>\n<p class=\"paragraph inline-placeholder vossi-paragraph\" data-uri=\"es.cms.cnn.com\/_components\/paragraph\/instances\/cmfrumcvy000l356nqoyuxkoe@published\" data-editable=\"text\" data-component-name=\"paragraph\" data-article-gutter=\"true\">\n            Esa tarde <a href=\"https:\/\/x.com\/VanJones68\/status\/1965879771897934345\" target=\"_blank\" rel=\"nofollow\">tuite\u00e9<\/a>: \u201cEl ataque de hoy contra Charlie Kirk es absolutamente horroroso y desgarrador. Luch\u00f3 con palabras, no con armas. No hay cabida para la violencia pol\u00edtica en nuestra sociedad y los responsables deben ser llevados ante la justicia con prontitud. Mis oraciones est\u00e1n con los seres queridos de Charlie, los estudiantes traumatizados de la Universidad del Valle de Utah y todos los afectados por este acto sin sentido\u201d.\n    <\/p>\n<p class=\"paragraph inline-placeholder vossi-paragraph\" data-uri=\"es.cms.cnn.com\/_components\/paragraph\/instances\/cmfrumcvy000n356nl99lw4fv@published\" data-editable=\"text\" data-component-name=\"paragraph\" data-article-gutter=\"true\">\n            El asesinato pol\u00edtico est\u00e1 mal, y punto. Nac\u00ed en 1968, en un pa\u00eds desgarrado por disturbios y asesinatos. No quiero volver a eso. Ninguno de nosotros deber\u00eda.\n    <\/p>\n<p class=\"paragraph inline-placeholder vossi-paragraph\" data-uri=\"es.cms.cnn.com\/_components\/paragraph\/instances\/cmfrumcvy000o356nkgprlatk@published\" data-editable=\"text\" data-component-name=\"paragraph\" data-article-gutter=\"true\">\n            De hecho, el asesinato de Kirk nos da a todos motivos para volver a la mesa de di\u00e1logo. Hay una creciente ola de violencia pol\u00edtica que ya ha arrasado con su vida y la de muchos otros, tanto de izquierda como de derecha.\n    <\/p>\n<p class=\"paragraph inline-placeholder vossi-paragraph\" data-uri=\"es.cms.cnn.com\/_components\/paragraph\/instances\/cmfrumcvy000p356nfnuf25tp@published\" data-editable=\"text\" data-component-name=\"paragraph\" data-article-gutter=\"true\">\n            Una violencia como esta deber\u00eda obligar a la gente de ambos partidos a bajar la temperatura, buscar puntos en com\u00fan y buscar salidas al vitriolo, como hizo Kirk conmigo el d\u00eda antes de morir.\n    <\/p>\n<p class=\"paragraph inline-placeholder vossi-paragraph\" data-uri=\"es.cms.cnn.com\/_components\/paragraph\/instances\/cmfrumcvy000r356n6oi4gjai@published\" data-editable=\"text\" data-component-name=\"paragraph\" data-article-gutter=\"true\">\n            Pero, en cambio, est\u00e1 ocurriendo lo contrario. La gente est\u00e1 usando su horrible asesinato para incitar a M\u00c1S violencia, \u00a1justificando el asesinato o incluso instando a una guerra civil!\n    <\/p>\n<p class=\"paragraph inline-placeholder vossi-paragraph\" data-uri=\"es.cms.cnn.com\/_components\/paragraph\/instances\/cmfrz4we80003356nxnyk85me@published\" data-editable=\"text\" data-component-name=\"paragraph\" data-article-gutter=\"true\">\n            Los funcionarios del gobierno est\u00e1n usando su asesinato como excusa para censurar y silenciar la disidencia.\n    <\/p>\n<p class=\"paragraph inline-placeholder vossi-paragraph\" data-uri=\"es.cms.cnn.com\/_components\/paragraph\/instances\/cmfrumcvy000s356n1vvzablk@published\" data-editable=\"text\" data-component-name=\"paragraph\" data-article-gutter=\"true\">\n            \u00a1Espera! \u00a1Un momento!\n    <\/p>\n<p class=\"paragraph inline-placeholder vossi-paragraph\" data-uri=\"es.cms.cnn.com\/_components\/paragraph\/instances\/cmfrumcvy000t356n86wye0ii@published\" data-editable=\"text\" data-component-name=\"paragraph\" data-article-gutter=\"true\">\n            As\u00ed No era como Charlie Kirk gestionaba los desacuerdos. Para nada.\n    <\/p>\n<p class=\"paragraph inline-placeholder vossi-paragraph\" data-uri=\"es.cms.cnn.com\/_components\/paragraph\/instances\/cmfrumcvy000u356nyfz5wnok@published\" data-editable=\"text\" data-component-name=\"paragraph\" data-article-gutter=\"true\">\n            Cuando nuestra disputa p\u00fablica empez\u00f3 a tomar rumbo contrario, \u00bfcu\u00e1l fue la respuesta de Kirk?\n    <\/p>\n<p class=\"paragraph inline-placeholder vossi-paragraph\" data-uri=\"es.cms.cnn.com\/_components\/paragraph\/instances\/cmfrumcvy000v356ny6enouzu@published\" data-editable=\"text\" data-component-name=\"paragraph\" data-article-gutter=\"true\">\n            \u00c9l presion\u00f3 para que hubiera m\u00e1s conversaci\u00f3n, no m\u00e1s silenciamiento o censura.\n    <\/p>\n<p class=\"paragraph inline-placeholder vossi-paragraph\" data-uri=\"es.cms.cnn.com\/_components\/paragraph\/instances\/cmfrumcvy000w356nktk1p62p@published\" data-editable=\"text\" data-component-name=\"paragraph\" data-article-gutter=\"true\">\n            \u00c9l presion\u00f3 por m\u00e1s civilidad, no m\u00e1s estridencia o veneno.\n    <\/p>\n<p class=\"paragraph inline-placeholder vossi-paragraph\" data-uri=\"es.cms.cnn.com\/_components\/paragraph\/instances\/cmfrumcvy000x356nzdv5k042@published\" data-editable=\"text\" data-component-name=\"paragraph\" data-article-gutter=\"true\">\n            Independientemente de lo que pienses del legado de Kirk, ese simple hecho es encomiable, y es algo que todos deber\u00edamos defender y tratar de replicar.\n    <\/p>\n<p class=\"paragraph inline-placeholder vossi-paragraph\" data-uri=\"es.cms.cnn.com\/_components\/paragraph\/instances\/cmfrumcvy000y356n2zpqicb3@published\" data-editable=\"text\" data-component-name=\"paragraph\" data-article-gutter=\"true\">\n            Si eres de derechas, por favor, no abandones el debate abierto y el di\u00e1logo. Charlie no lo hizo. Yo no lo har\u00e9. Y hago el mismo llamado a la gente de izquierdas.\n    <\/p>\n<p class=\"paragraph inline-placeholder vossi-paragraph\" data-uri=\"es.cms.cnn.com\/_components\/paragraph\/instances\/cmfrumcvy0010356ntni41c4q@published\" data-editable=\"text\" data-component-name=\"paragraph\" data-article-gutter=\"true\">\n            Y sea cual sea tu bando, no te dejes llevar por la idea de que la violencia pol\u00edtica es el camino.\n    <\/p>\n<p class=\"paragraph inline-placeholder vossi-paragraph\" data-uri=\"es.cms.cnn.com\/_components\/paragraph\/instances\/cmfrz8fjr0005356n8l9i33ax@published\" data-editable=\"text\" data-component-name=\"paragraph\" data-article-gutter=\"true\">\n            Seamos realistas: la mayor\u00eda de quienes en l\u00ednea incitan al asesinato y al caos no podr\u00edan ganar ni una pelea con una mosca. Se hacen pasar por unos tipos duros listos para asaltar las barricadas.\n    <\/p>\n<p class=\"paragraph inline-placeholder vossi-paragraph\" data-uri=\"es.cms.cnn.com\/_components\/paragraph\/instances\/cmfrumcvy0011356nfy5h3ucc@published\" data-editable=\"text\" data-component-name=\"paragraph\" data-article-gutter=\"true\">\n            La mayor\u00eda no lo son.\n    <\/p>\n<p class=\"paragraph inline-placeholder vossi-paragraph\" data-uri=\"es.cms.cnn.com\/_components\/paragraph\/instances\/cmfrumcvy0012356nykcw8oi8@published\" data-editable=\"text\" data-component-name=\"paragraph\" data-article-gutter=\"true\">\n            Y por si sirve de algo: Quiz\u00e1s pienses que nos odiamos en televisi\u00f3n y en l\u00ednea. Pero en general, no es as\u00ed. Debatimos arduamente. Intentamos ganar elecciones. En el proceso, a veces nos enojamos.\n    <\/p>\n<p class=\"paragraph inline-placeholder vossi-paragraph\" data-uri=\"es.cms.cnn.com\/_components\/paragraph\/instances\/cmfrumcvy0013356ntmixpcfe@published\" data-editable=\"text\" data-component-name=\"paragraph\" data-article-gutter=\"true\">\n            Pero no nos deseamos el mal. No queremos m\u00e1s derramamiento de sangre en nuestro pa\u00eds. No queremos m\u00e1s funerales en Estados Unidos.\n    <\/p>\n<p class=\"paragraph inline-placeholder vossi-paragraph\" data-uri=\"es.cms.cnn.com\/_components\/paragraph\/instances\/cmfrza03r0007356nx9to2p7o@published\" data-editable=\"text\" data-component-name=\"paragraph\" data-article-gutter=\"true\">\n            La mayor\u00eda de los expertos e influencers NO intentan provocar una guerra civil. Simplemente hacemos nuestro trabajo y cumplimos con nuestra vocaci\u00f3n, lo mejor que podemos. Eso es todo.\n    <\/p>\n<p class=\"paragraph inline-placeholder vossi-paragraph\" data-uri=\"es.cms.cnn.com\/_components\/paragraph\/instances\/cmfrumcvy0014356nyr42x1kd@published\" data-editable=\"text\" data-component-name=\"paragraph\" data-article-gutter=\"true\">\n            Cuando las cosas se salen de control, normalmente alguien llama a alguien. Intentamos hablar. Buscamos una soluci\u00f3n. Porque cada uno solo quiere decir lo que tiene que decir y volver a casa con sus hijos. Eso es todo.\n    <\/p>\n<p class=\"paragraph inline-placeholder vossi-paragraph\" data-uri=\"es.cms.cnn.com\/_components\/paragraph\/instances\/cmfrumcvy0015356n8frbgub2@published\" data-editable=\"text\" data-component-name=\"paragraph\" data-article-gutter=\"true\">\n            Por favor, todos consideren adoptar un enfoque similar en su propio lugar y espacio. Salgamos de este camino intimidante en el que nos encontramos. Resolvamos -en palabras de Charlie Kirk- \u201cdisentir sobre los temas de forma amistosa\u201d.\n    <\/p>\n<p class=\"paragraph inline-placeholder vossi-paragraph\" data-uri=\"es.cms.cnn.com\/_components\/paragraph\/instances\/cmfrumcvy0017356ngzneuby3@published\" data-editable=\"text\" data-component-name=\"paragraph\" data-article-gutter=\"true\">\n            A pesar de todas nuestras diferencias, ni Charlie ni yo quisimos ver a la otra persona lastimada o silenciada.\n    <\/p>\n<p class=\"paragraph inline-placeholder vossi-paragraph\" data-uri=\"es.cms.cnn.com\/_components\/paragraph\/instances\/cmfrumcvy0018356nixjdr3l9@published\" data-editable=\"text\" data-component-name=\"paragraph\" data-article-gutter=\"true\">\n            Al contrario: hubiera querido vencer a Charlie Kirk intelectualmente, super\u00e1ndolo en debates. Habr\u00eda querido ver a los progresistas vencerlo pol\u00edticamente, super\u00e1ndolo en organizaci\u00f3n.\n    <\/p>\n<p class=\"paragraph inline-placeholder vossi-paragraph\" data-uri=\"es.cms.cnn.com\/_components\/paragraph\/instances\/cmfrumcvy0019356nalvtr5qy@published\" data-editable=\"text\" data-component-name=\"paragraph\" data-article-gutter=\"true\">\n            Ninguna tarea habr\u00eda sido f\u00e1cil. Charlie Kirk fue uno de los mejores debatiendo y organizadores de nuestra \u00e9poca. Pero esa habr\u00eda sido la manera correcta de manejar nuestras diferencias.\n    <\/p>\n<p class=\"paragraph inline-placeholder vossi-paragraph\" data-uri=\"es.cms.cnn.com\/_components\/paragraph\/instances\/cmfrumcvy001a356nvzvgvsdz@published\" data-editable=\"text\" data-component-name=\"paragraph\" data-article-gutter=\"true\">\n            Eso es lo que estaba sobre la mesa cuando me envi\u00f3 un mensaje el martes de la semana pasada.\n    <\/p>\n<p class=\"paragraph inline-placeholder vossi-paragraph\" data-uri=\"es.cms.cnn.com\/_components\/paragraph\/instances\/cmfrumcvy001b356nsodqigln@published\" data-editable=\"text\" data-component-name=\"paragraph\" data-article-gutter=\"true\">\n            Desafortunadamente, la bala de un cobarde rob\u00f3 a los conservadores un talento emergente, a los progresistas un oponente digno y a una familia un padre amoroso.\n    <\/p>\n<p class=\"paragraph inline-placeholder vossi-paragraph\" data-uri=\"es.cms.cnn.com\/_components\/paragraph\/instances\/cmfrumcvy001c356nwb88ekcp@published\" data-editable=\"text\" data-component-name=\"paragraph\" data-article-gutter=\"true\">\n            Tras ese asesinato, los estadounidenses tienen que tomar una decisi\u00f3n.\n    <\/p>\n<p class=\"paragraph inline-placeholder vossi-paragraph\" data-uri=\"es.cms.cnn.com\/_components\/paragraph\/instances\/cmfrumcvy001d356n00c2l2l7@published\" data-editable=\"text\" data-component-name=\"paragraph\" data-article-gutter=\"true\">\n            Podemos elegir seguir el camino de m\u00e1s violencia, m\u00e1s indignaci\u00f3n y m\u00e1s censura, si as\u00ed lo deseamos.\n    <\/p>\n<p class=\"paragraph inline-placeholder vossi-paragraph\" data-uri=\"es.cms.cnn.com\/_components\/paragraph\/instances\/cmfrumcvy001e356n5y1ia8c2@published\" data-editable=\"text\" data-component-name=\"paragraph\" data-article-gutter=\"true\">\n            Pero si elegimos la censura y la guerra civil, \u00a1no podemos culpar a Charlie Kirk por esa elecci\u00f3n!\n    <\/p>\n<p class=\"paragraph inline-placeholder vossi-paragraph\" data-uri=\"es.cms.cnn.com\/_components\/paragraph\/instances\/cmfrumcvy001f356n5gz9o5qq@published\" data-editable=\"text\" data-component-name=\"paragraph\" data-article-gutter=\"true\">\n            De sus \u00faltimas 24 horas tengo la prueba de que quer\u00eda tomar un camino muy diferente.\n    <\/p>\n","protected":false},"excerpt":{"rendered":"CNN \u00a0\u2014\u00a0 El d\u00eda antes de que lo asesinaran horriblemente, Charlie Kirk me envi\u00f3 un mensaje directo en&hellip;\n","protected":false},"author":2,"featured_media":128660,"comment_status":"","ping_status":"","sticky":false,"template":"","format":"standard","meta":{"footnotes":""},"categories":[42],"tags":[17,18,37536,13,14,11,61,62,63,64,19,20,41497,9,10,15,16,12,21,22,41496,65,66,67],"class_list":{"0":"post-128659","1":"post","2":"type-post","3":"status-publish","4":"format-standard","5":"has-post-thumbnail","7":"category-internacional","8":"tag-breaking-news","9":"tag-breakingnews","10":"tag-charlie-kirk","11":"tag-featured-news","12":"tag-featurednews","13":"tag-headlines","14":"tag-internacional","15":"tag-international","16":"tag-international-news","17":"tag-internationalnews","18":"tag-latest-news","19":"tag-latestnews","20":"tag-mensajes-directos","21":"tag-news","22":"tag-noticias","23":"tag-noticias-destacadas","24":"tag-noticiasdestacadas","25":"tag-titulares","26":"tag-ultimas-noticias","27":"tag-ultimasnoticias","28":"tag-van-jones","29":"tag-world","30":"tag-world-news","31":"tag-worldnews"},"share_on_mastodon":{"url":"","error":""},"_links":{"self":[{"href":"https:\/\/www.europesays.com\/es\/wp-json\/wp\/v2\/posts\/128659","targetHints":{"allow":["GET"]}}],"collection":[{"href":"https:\/\/www.europesays.com\/es\/wp-json\/wp\/v2\/posts"}],"about":[{"href":"https:\/\/www.europesays.com\/es\/wp-json\/wp\/v2\/types\/post"}],"author":[{"embeddable":true,"href":"https:\/\/www.europesays.com\/es\/wp-json\/wp\/v2\/users\/2"}],"replies":[{"embeddable":true,"href":"https:\/\/www.europesays.com\/es\/wp-json\/wp\/v2\/comments?post=128659"}],"version-history":[{"count":0,"href":"https:\/\/www.europesays.com\/es\/wp-json\/wp\/v2\/posts\/128659\/revisions"}],"wp:featuredmedia":[{"embeddable":true,"href":"https:\/\/www.europesays.com\/es\/wp-json\/wp\/v2\/media\/128660"}],"wp:attachment":[{"href":"https:\/\/www.europesays.com\/es\/wp-json\/wp\/v2\/media?parent=128659"}],"wp:term":[{"taxonomy":"category","embeddable":true,"href":"https:\/\/www.europesays.com\/es\/wp-json\/wp\/v2\/categories?post=128659"},{"taxonomy":"post_tag","embeddable":true,"href":"https:\/\/www.europesays.com\/es\/wp-json\/wp\/v2\/tags?post=128659"}],"curies":[{"name":"wp","href":"https:\/\/api.w.org\/{rel}","templated":true}]}}