{"id":128661,"date":"2025-09-21T02:42:11","date_gmt":"2025-09-21T02:42:11","guid":{"rendered":"https:\/\/www.europesays.com\/es\/128661\/"},"modified":"2025-09-21T02:42:11","modified_gmt":"2025-09-21T02:42:11","slug":"redondo-pide-frenar-la-desinformacion-frente-a-los-fallos-de-las-pulseras-antimaltrato-politica","status":"publish","type":"post","link":"https:\/\/www.europesays.com\/es\/128661\/","title":{"rendered":"Redondo pide frenar la \u00abdesinformaci\u00f3n\u00bb frente a los fallos de las pulseras antimaltrato | Pol\u00edtica"},"content":{"rendered":"<p class=\"loc\">Madrid<\/p>\n<p>En los \u00faltimos d\u00edas, la gesti\u00f3n y funcionamiento de las pulseras telem\u00e1ticas para el control de medidas de alejamiento en casos de violencia de g\u00e9nero ha generado pol\u00e9mica en Espa\u00f1a, tras detectarse fallos derivados de un trasvase de datos entre empresas adjudicatarias del sistema Cometa. La Fiscal\u00eda General del Estado recogi\u00f3 este problema en su memoria anual, lo que ha provocado que el portavoz del PP, Miguel Tellado, pida la dimisi\u00f3n de la ministra de Igualdad, Ana Redondo.<\/p>\n<p>M\u00e1s informaci\u00f3n<\/p>\n<p>La ministra ha reclamado este s\u00e1bado frenar la \u00abdesinformaci\u00f3n\u00bb generada en torno a la reciente pol\u00e9mica sobre los fallos detectados en las pulseras telem\u00e1ticas para el control de medidas de alejamiento en casos de violencia de g\u00e9nero y ha pedido que no se juegue con la \u00abseguridad de las mujeres\u00bb y defendi\u00f3 la fiabilidad del sistema.<\/p>\n<p>As\u00ed lo ha expresado ante los medios de comunicaci\u00f3n durante un acto del PSOE en Valladolid, donde ha reiterado \u2014como ya hab\u00eda hecho en d\u00edas anteriores\u2014 que las pulseras \u00abhan funcionado en todo momento\u00bb y que las mujeres \u00abhan estado protegidas\u00bb en todo el proceso.<\/p>\n<p>La ministra ha explicado los fallos en las pulseras<\/p>\n<p>El origen del problema, explic\u00f3 la ministra, se encuentra en un trasvase de datos entre las empresas adjudicatarias del servicio del Sistema Cometa, una situaci\u00f3n que fue se\u00f1alada por la Fiscal\u00eda General del Estado en su \u00faltimo informe anual. Redondo record\u00f3 que desde el Ministerio de Igualdad se mantuvo contacto tanto con la Fiscal\u00eda como con las empresas implicadas para analizar el alcance del incidente y los posibles casos afectados.<\/p>\n<p>La ministra subray\u00f3 que, seg\u00fan un informe emitido por la propia Fiscal\u00eda el pasado jueves, el n\u00famero de casos afectados fue \u00abm\u00ednimo\u00bb. Finalmente, insisti\u00f3 en que la seguridad de las mujeres \u00abestaba garantizada antes, lo est\u00e1 ahora y lo seguir\u00e1 estando\u00bb, y pidi\u00f3 responsabilidad para no jugar con la \u00abvulnerabilidad\u00bb de las v\u00edctimas de violencia de g\u00e9nero ni con la confianza en los dispositivos de protecci\u00f3n.<\/p>\n","protected":false},"excerpt":{"rendered":"Madrid En los \u00faltimos d\u00edas, la gesti\u00f3n y funcionamiento de las pulseras telem\u00e1ticas para el control de medidas&hellip;\n","protected":false},"author":2,"featured_media":128662,"comment_status":"","ping_status":"","sticky":false,"template":"","format":"standard","meta":{"footnotes":""},"categories":[5],"tags":[17,18,25,24,13,14,11,19,20,9,10,15,16,23,12,21,22],"class_list":{"0":"post-128661","1":"post","2":"type-post","3":"status-publish","4":"format-standard","5":"has-post-thumbnail","7":"category-titulares","8":"tag-breaking-news","9":"tag-breakingnews","10":"tag-es","11":"tag-espana","12":"tag-featured-news","13":"tag-featurednews","14":"tag-headlines","15":"tag-latest-news","16":"tag-latestnews","17":"tag-news","18":"tag-noticias","19":"tag-noticias-destacadas","20":"tag-noticiasdestacadas","21":"tag-spain","22":"tag-titulares","23":"tag-ultimas-noticias","24":"tag-ultimasnoticias"},"share_on_mastodon":{"url":"","error":""},"_links":{"self":[{"href":"https:\/\/www.europesays.com\/es\/wp-json\/wp\/v2\/posts\/128661","targetHints":{"allow":["GET"]}}],"collection":[{"href":"https:\/\/www.europesays.com\/es\/wp-json\/wp\/v2\/posts"}],"about":[{"href":"https:\/\/www.europesays.com\/es\/wp-json\/wp\/v2\/types\/post"}],"author":[{"embeddable":true,"href":"https:\/\/www.europesays.com\/es\/wp-json\/wp\/v2\/users\/2"}],"replies":[{"embeddable":true,"href":"https:\/\/www.europesays.com\/es\/wp-json\/wp\/v2\/comments?post=128661"}],"version-history":[{"count":0,"href":"https:\/\/www.europesays.com\/es\/wp-json\/wp\/v2\/posts\/128661\/revisions"}],"wp:featuredmedia":[{"embeddable":true,"href":"https:\/\/www.europesays.com\/es\/wp-json\/wp\/v2\/media\/128662"}],"wp:attachment":[{"href":"https:\/\/www.europesays.com\/es\/wp-json\/wp\/v2\/media?parent=128661"}],"wp:term":[{"taxonomy":"category","embeddable":true,"href":"https:\/\/www.europesays.com\/es\/wp-json\/wp\/v2\/categories?post=128661"},{"taxonomy":"post_tag","embeddable":true,"href":"https:\/\/www.europesays.com\/es\/wp-json\/wp\/v2\/tags?post=128661"}],"curies":[{"name":"wp","href":"https:\/\/api.w.org\/{rel}","templated":true}]}}