{"id":128675,"date":"2025-09-21T02:51:08","date_gmt":"2025-09-21T02:51:08","guid":{"rendered":"https:\/\/www.europesays.com\/es\/128675\/"},"modified":"2025-09-21T02:51:08","modified_gmt":"2025-09-21T02:51:08","slug":"el-decano-sufre-para-sacar-tres-puntos-de-oro-0-1","status":"publish","type":"post","link":"https:\/\/www.europesays.com\/es\/128675\/","title":{"rendered":"el Decano sufre para sacar tres puntos de oro (0-1)"},"content":{"rendered":"<p style=\"\">El Recreativo de Huelva consigui\u00f3 una victoria tan necesaria como sufrida en Estepona, donde un solitario gol de <strong>Caye Quintana<\/strong> en el tramo final del partido (0-1) sirvi\u00f3 para disipar, al menos en el marcador, las dudas generadas tras la derrota de la semana pasada. El resultado es, sin duda, la mejor noticia de un encuentro en el que el Decano volvi\u00f3 a mostrar una versi\u00f3n gris, con m\u00e1s efectividad que f\u00fatbol, pero que le permite sumar tres puntos vitales.<\/p>\n<p style=\"\">La primera mitad fue un calco preocupante de lo visto ante el Puente Genil. El equipo de <strong>Pedro Morilla<\/strong>, inc\u00f3modo sobre el c\u00e9sped artificial, se mostr\u00f3 falto de ideas en ataque y fue superado por un Estepona que domin\u00f3 el juego y dispuso de las ocasiones m\u00e1s claras. Solo la gran actuaci\u00f3n del guardameta <strong>Jero Lario<\/strong>, con intervenciones de m\u00e9rito, evit\u00f3 que los locales se adelantaran en el marcador y mantuvo al Recreativo con vida al llegar al descanso. El bagaje ofensivo albiazul fue pr\u00e1cticamente nulo, con un gol anulado a Paolo Romero y poco m\u00e1s.<\/p>\n<p style=\"\">Tras el paso por vestuarios, el guion del partido no cambi\u00f3 en exceso. El Recreativo segu\u00eda <strong>sin encontrar la f\u00f3rmula<\/strong> para imponerse y generar peligro, y solo pareci\u00f3 reaccionar cuando el reloj apremiaba y el empate empezaba a saber a poco. El equipo, con m\u00e1s coraz\u00f3n que cabeza, se fue en busca de la victoria y la encontr\u00f3 en una jugada de estrategia. En el minuto 81, Caye Quintana aprovech\u00f3 un saque de esquina para conectar un remate que se convirti\u00f3 en <strong>el definitivo 0-1<\/strong>, anotando as\u00ed por tercera jornada consecutiva.<\/p>\n<p style=\"\">Al final del encuentro, los jugadores se acercaron a agradecer el apoyo de los cerca de 50 aficionados que se desplazaron a la localidad malague\u00f1a. A pesar de la victoria, la sensaci\u00f3n general es que el equipo tiene un amplio margen de mejora. Lo importante, por ahora, son los tres puntos que permiten al Decano volver a la senda del triunfo antes de afrontar dos partidos consecutivos en el Nuevo Colombino..<\/p>\n<p>22:40<\/p>\n<p>La mejor noticia, el resultado<\/p>\n<p class=\"voc-p\">No debe llamarse a enga\u00f1o el equipo onubense con estos tres puntos, ya que su juego no ha estado, ni mucho menos, a la altura de lo que se espera de \u00e9l en la presente temporada, en la que dos de los tres equipos a los que se ha enfrentado han sabido tomarle la medida.<\/p>\n<p>22:25<\/p>\n<p>\u00a1\u00a1Final del partido!!<\/p>\n<p>22:19<\/p>\n<p>Cuatro minutos de alargue<\/p>\n<p>22:18<\/p>\n<p>Por encima del 45&#8242; ya<\/p>\n<p>22:14<\/p>\n<p>Toca tirar de oficio para cerrar los 3 puntos<\/p>\n<p>22:08<\/p>\n<p>\u26bd  \u00a1\u00a1\u00a1 Gol de Caye Quintana !!!<\/p>\n<p class=\"voc-p\">Participaron Paolo, Arcos y Caye Quintana, que se revolvi\u00f3 dentro del \u00e1rea y coloc\u00f3 el bal\u00f3n en el palo largo. Tercer tanto del jugador isle\u00f1o en lo que llevamos de temporada.<\/p>\n<p>22:01<\/p>\n<p>Aprieta el Recre en el \u00faltimo tramo<\/p>\n<p>22:00<\/p>\n<p>Amarilla para los locales<\/p>\n<p>21:58<\/p>\n<p>\u00a1A punto de marcar Paolo!<\/p>\n<p class=\"voc-p\">Se cant\u00f3 el gol en el Francisco Mu\u00f1oz P\u00e9rez, pero el tiro de Paolo se estrello en la red lateral de la porter\u00eda<\/p>\n<p>21:57<\/p>\n<p>Amarilla para Romero<\/p>\n<p>21:51<\/p>\n<p>Cambios tambi\u00e9n en el Estepona<\/p>\n<p>21:50<\/p>\n<p>Doble cambio en el Decano <\/p>\n<p>21:49<\/p>\n<p>Dominio alterno<\/p>\n<p class=\"voc-p\">Tras varios minutos en los que el Estepona parec\u00eda encerrar al Recre, el dominio vuelve a ser alterno en el Francisco Mu\u00f1oz P\u00e9rez.<\/p>\n<p>21:45<\/p>\n<p>Mala pinta<\/p>\n<p class=\"voc-p\">El Recre sigue mostr\u00e1ndose a disgusto sobre el terreno de juego, incapaz de descifrar la forma de jugarle al Estepona cuando se han consumido casi tres cuartos del choque<\/p>\n<p>21:37<\/p>\n<p>La ocasi\u00f3n del Recre<\/p>\n<p>21:36<\/p>\n<p>Otro parad\u00f3n de Liceras<\/p>\n<p class=\"voc-p\">A punto ha estado de nuevo Paolo en desequilibrar el marcador<\/p>\n<p>21:32<\/p>\n<p>Comienza la segunda parte<\/p>\n<p>21:26<\/p>\n<p>Se necesita m\u00e1s nivel<\/p>\n<p class=\"voc-p\">El Recreativo ha ofrecido una imagen muy pobre, repitiendo los mismos errores de la semana pasada y mostrando una alarmante falta de ideas en ataque. El equipo local ha dominado el juego y ha dispuesto de las mejores ocasiones, pero un gran Jero Lario ha evitado que el Decano se marche al descanso por detr\u00e1s en el marcador. El equipo necesita mejorar mucho si quiere sacar algo positivo.<\/p>\n<p>21:20<\/p>\n<p>Mal partido de momento<\/p>\n<p class=\"voc-p\">Mucho tendr\u00e1 que cambiar el equipo en la reanudaci\u00f3n para llevarse los tres puntos del Francisco Mu\u00f1oz P\u00e9rez<\/p>\n<p>21:16<\/p>\n<p>Fin de la primera parte<\/p>\n<p>21:12<\/p>\n<p>El Recre es ahora el que se vuelca<\/p>\n<p class=\"voc-p\">Los albiazules se han sacudido los minutos de dominio local y en los \u00faltimos compases est\u00e1n rondando el \u00e1rea malague\u00f1a<\/p>\n<p>21:11<\/p>\n<p>La parada de Liceras<\/p>\n<p>21:10<\/p>\n<p>Gran ocasi\u00f3n para el Decano<\/p>\n<p class=\"voc-p\">Una gran parada del portero local Liceras ha impedido que Bernal colocara el 0-1 en el marcador.<\/p>\n<p>21:07<\/p>\n<p>Un Recre sin recursos<\/p>\n<p class=\"voc-p\">El Recre, una vez m\u00e1s, parece estar enfrent\u00e1ndose a un equipo muy ordenado, como el del pasado domingo, una cualidad que parece bastar para anular cualquier intento de desatascar el juego por parte del Recre.<\/p>\n<p>21:02<\/p>\n<p>El Estepona se crece<\/p>\n<p class=\"voc-p\">El Decano no ha conseguido imponer su f\u00fatbol sobre el c\u00e9sped artificial del Francisco Mu\u00f1oz P\u00e9rez y poco a poco el CD Estepona se ha crecido hasta adue\u00f1arse de la pelota<\/p>\n<p>20:55<\/p>\n<p>El gol anulado a Paolo<\/p>\n<p>20:48<\/p>\n<p>Afici\u00f3n magna<\/p>\n<p class=\"voc-p\">Ni el extraordinario evento mariano que est\u00e1 teniendo lugar en la capital ha evitado una nutrida presencia de aficionados del Recreativo en tierras malague\u00f1as.<\/p>\n<p class=\"voc-p\">Foto: @Recreoficial<\/p>\n<p>20:43<\/p>\n<p>El Recre se va animando<\/p>\n<p class=\"voc-p\">Buena jugada del Recre en ataque, que termin\u00f3 con una mano de Paolo que invalid\u00f3 la acci\u00f3n.<\/p>\n<p>20:39<\/p>\n<p>Inicio con escaso ritmo<\/p>\n<p class=\"voc-p\">Primeros minutos de tanteo para los albiazules, que quiere comenzar mandando en la posesi\u00f3n del bal\u00f3n. En su contra, el tener que acomodarse al siempre ingrato c\u00e9sped sint\u00e9tico.<\/p>\n<p>20:30<\/p>\n<p>\u00a1Comienza el partido en Estepona!<\/p>\n<p>20:24<\/p>\n<p>El banquillo, con m\u00e1s recursos<\/p>\n<p class=\"voc-p\">A pesar de las bajas, el banquillo del Recreativo presenta hoy m\u00e1s alternativas que la semana pasada. Con la inclusi\u00f3n de Alberto L\u00f3pez y Javi Castellano, Morilla gana dos piezas importantes que pueden aportar soluciones durante el partido. Junto a ellos esperar\u00e1n su oportunidad jugadores como Iv\u00e1n Romero o Antonio Arcos, que ya tuvo minutos la jornada anterior.<\/p>\n<p>20:20<\/p>\n<p>La visi\u00f3n del entrenador<\/p>\n<p class=\"voc-p\">En la previa del partido, el t\u00e9cnico Pedro Morilla ha sido claro: \u00abEstamos preparados para otra batalla\u00bb. Reconoci\u00f3 que las primeras 24 horas tras la derrota fueron \u00abde duelo\u00bb, pero asegura que el equipo est\u00e1 \u00abmentalmente preparado para ganar\u00bb. Morilla ha calificado al Estepona como un rival \u00abhecho para pelear por el ascenso\u00bb, por lo que vaticina \u00abotro partido muy duro\u00bb.<\/p>\n<p>20:16<\/p>\n<p>Retransmisi\u00f3n del partido<\/p>\n<p class=\"voc-p\">Para los aficionados que no han podido desplazarse a Estepona, recordamos que el partido se puede seguir a trav\u00e9s de la plataforma de streaming Triunfemos, a un precio de 6,95 euros. Esperemos que la retransmisi\u00f3n de hoy no tenga nada que ver con los problemas t\u00e9cnicos que tantos aficionados sufrieron la semana pasada y que generaron una gran indignaci\u00f3n.<\/p>\n<p>20:13<\/p>\n<p>\u00bfY la Magna?<\/p>\n<p class=\"voc-p\">Hoy el recreativismo tiene el coraz\u00f3n dividido. Mientras el equipo se juega tres puntos vitales en Estepona, en Huelva se celebra la Magna Mariana, un evento hist\u00f3rico que a estas horas congrega decenas de miles de personas en las calles de la capital. A pesar de la coincidencia, se espera una notable presencia de aficionados albiazules en el Francisco Mu\u00f1oz P\u00e9rez, demostrando una vez m\u00e1s su incondicional apoyo.<\/p>\n<p>20:10<\/p>\n<p>El papel de Caye Quintana<\/p>\n<p class=\"voc-p\">Ante la plaga de bajas en la delantera, todas las miradas apuntan a Caye Quintana. El delantero de Isla Cristina es el \u00fanico &#8216;9&#8217; puro disponible y espera seguir con su racha goleadora, tras haber marcado en las dos primeras jornadas. Su acierto de cara a porter\u00eda se antoja fundamental para que el Decano pueda sacar un resultado positivo de Estepona.<\/p>\n<p>20:08<\/p>\n<p>El 11 de los malague\u00f1os<\/p>\n<p>20:00<\/p>\n<p>Sobre el rival: el Estepona<\/p>\n<p class=\"voc-p\">Que nadie se deje enga\u00f1ar por la clasificaci\u00f3n del Estepona. A pesar de tener solo un punto, su posici\u00f3n es enga\u00f1osa. Es un equipo que la temporada pasada ya disput\u00f3 los &#8216;play-offs&#8217; de ascenso y este a\u00f1o ha competido bien, perdiendo puntos en los minutos de descuento. Se trata de un rival directo por los puestos altos, por lo que el Recreativo no puede permitirse ning\u00fan tipo de relajaci\u00f3n.<\/p>\n<p>19:53<\/p>\n<p>Necesidad de ganar<\/p>\n<p class=\"voc-p\">La derrota de la semana pasada ante el Puente Genil ha puesto las orejas tiesas a m\u00e1s de un recreativista. Lo que parec\u00eda casi un camino de rosas tras una buena pretemporada y la victoria en Almer\u00eda se torci\u00f3 el domingo. Por eso, el partido de hoy en Estepona es clave para recuperar el optimismo y demostrar que aquello fue solo un tropiezo. Sumar es vital.<\/p>\n<p>19:28<\/p>\n<p>\u00a1Buenas tardes y bienvenidos! <\/p>\n<p class=\"voc-p\">A continuaci\u00f3n, les ofreceremos todos los detalles del partido entre el CD Estepona y el Recreativo de Huelva. El encuentro, correspondiente a la tercera jornada del Grupo IV de Segunda RFEF, se disputar\u00e1 a las 20.30 horas en el Estadio Municipal Francisco Mu\u00f1oz P\u00e9rez. El Decano afronta esta cita con la obligaci\u00f3n de volver a la senda ganadora tras el inesperado tropiezo del pasado domingo en el Nuevo Colombino.<\/p>\n","protected":false},"excerpt":{"rendered":"El Recreativo de Huelva consigui\u00f3 una victoria tan necesaria como sufrida en Estepona, donde un solitario gol de&hellip;\n","protected":false},"author":2,"featured_media":128676,"comment_status":"","ping_status":"","sticky":false,"template":"","format":"standard","meta":{"footnotes":""},"categories":[268],"tags":[18230,168,2125,25,24,41498,280,282,5815,14499,133,11967,281,23,167],"class_list":{"0":"post-128675","1":"post","2":"type-post","3":"status-publish","4":"format-standard","5":"has-post-thumbnail","7":"category-futbol","8":"tag-18230","9":"tag-deportes","10":"tag-directo","11":"tag-es","12":"tag-espana","13":"tag-esteponarecreativo","14":"tag-football","15":"tag-futbol","16":"tag-goles","17":"tag-minuto","18":"tag-online","19":"tag-resumen","20":"tag-soccer","21":"tag-spain","22":"tag-sports"},"share_on_mastodon":{"url":"","error":""},"_links":{"self":[{"href":"https:\/\/www.europesays.com\/es\/wp-json\/wp\/v2\/posts\/128675","targetHints":{"allow":["GET"]}}],"collection":[{"href":"https:\/\/www.europesays.com\/es\/wp-json\/wp\/v2\/posts"}],"about":[{"href":"https:\/\/www.europesays.com\/es\/wp-json\/wp\/v2\/types\/post"}],"author":[{"embeddable":true,"href":"https:\/\/www.europesays.com\/es\/wp-json\/wp\/v2\/users\/2"}],"replies":[{"embeddable":true,"href":"https:\/\/www.europesays.com\/es\/wp-json\/wp\/v2\/comments?post=128675"}],"version-history":[{"count":0,"href":"https:\/\/www.europesays.com\/es\/wp-json\/wp\/v2\/posts\/128675\/revisions"}],"wp:featuredmedia":[{"embeddable":true,"href":"https:\/\/www.europesays.com\/es\/wp-json\/wp\/v2\/media\/128676"}],"wp:attachment":[{"href":"https:\/\/www.europesays.com\/es\/wp-json\/wp\/v2\/media?parent=128675"}],"wp:term":[{"taxonomy":"category","embeddable":true,"href":"https:\/\/www.europesays.com\/es\/wp-json\/wp\/v2\/categories?post=128675"},{"taxonomy":"post_tag","embeddable":true,"href":"https:\/\/www.europesays.com\/es\/wp-json\/wp\/v2\/tags?post=128675"}],"curies":[{"name":"wp","href":"https:\/\/api.w.org\/{rel}","templated":true}]}}