{"id":128688,"date":"2025-09-21T03:03:04","date_gmt":"2025-09-21T03:03:04","guid":{"rendered":"https:\/\/www.europesays.com\/es\/128688\/"},"modified":"2025-09-21T03:03:04","modified_gmt":"2025-09-21T03:03:04","slug":"eeuu-ataca-en-aguas-internacionales-una-narcolancha-y-deja-al-menos-tres-muertos","status":"publish","type":"post","link":"https:\/\/www.europesays.com\/es\/128688\/","title":{"rendered":"EEUU ataca en aguas internacionales una \u00abnarcolancha\u00bb y deja al menos tres muertos"},"content":{"rendered":"<p><a href=\"https:\/\/www.europapress.es\/abonados\/pasareladeautenticacionexterna.ashx?destinoUrl=fotos.europapress.es&amp;id=6968573\" target=\"_blank\" rel=\"noreferrer noopener nofollow\">El presidente de Estados Unidos<a href=\"https:\/\/theobjective.com\/elsubjetivo\/opinion\/2025-09-20\/europa-impotente-articulo-carvajal\/\" rel=\"nofollow noopener\" target=\"_blank\">, Donald Trump<\/a>, ha informado de un <strong>nuevo ataque ocurrido en aguas internacionales contra un barco que supuestamente transportaba droga<\/strong> hacia territorio norteamericano y que ha dejado sin vida a los tres ocupantes que se encontraban a bordo.<\/p>\n<p>\u00abBajo mis \u00f3rdenes, el Secretario de Guerra orden\u00f3 un ataque cin\u00e9tico letal contra un buque afiliado a  funa Organizaci\u00f3n Terrorista Designada que realiza <strong>narcotr\u00e1fico en el \u00e1rea de responsabilidad del Mando Sur de los Estados Unidos\u00bb<\/strong>, ha sostenido el inquilino de la Casa Blanca en un mensaje desde su cuenta de Truth Social.<\/p>\n<p>Trump ha asegurado que la embarcaci\u00f3n transportaba<strong> \u00abnarc\u00f3ticos il\u00edcitos\u00bb<\/strong> con el objetivo de alcanzar la costa del pa\u00eds norteamericano y \u00abenvenenar a estadounidenses\u00bb.<\/p>\n<p>\u00ab\u00a1Dejen de vender fentanilo, narc\u00f3ticos y drogas ilegales en estados unidos y de <strong>cometer violencia y terrorismo contra estadounidenses!\u00bb<\/strong>, ha concluido el mandatario estadounidense.<\/p>\n<p>Por el momento, <strong>no han confirmado el origen del buque<\/strong>. En las \u00faltimas semanas, las autoridades estadounidenses han lanzado al menos tres ataques contra embarcaciones venezolanas en el mar Caribe que se han saldado con la muerte de alrededor de 15 personas.<\/p>\n<p>Las drogas: el epicentro de las tensiones entre EEUU y Venezuela <\/p>\n<p>La guerra contra las drogas se ha convertido en el \u00faltimo<strong> epicentro de las tensiones entre Venezuela y Estados Unidos,<\/strong> que acusa al presidente del pa\u00eds caribe\u00f1o, Nicol\u00e1s Maduro, de albergar y liderar una \u201corganizaci\u00f3n terrorista\u201d vinculada al narcotr\u00e1fico: el C\u00e1rtel de los Soles.<\/p>\n<p>La supuesta banda criminal, <strong>que el Departamento de Estado introdujo a finales de julio en su lista de sanciones<\/strong>, ha sido acusada de apoyar a otros grupos de este tipo, como Tren de Aragua y el mexicano C\u00e1rtel de Sinaloa, y sirve ahora de pretexto a Washington para introducir restricciones y perpetrar ataques contra embarcaciones en el Caribe.<\/p>\n<p>La Administraci\u00f3n de Donald Trump acusa a esta red venezolana de \u00abproporcionar apoyo a otras organizaciones terroristas extranjeras que amenazan \u00abgravemente\u00bb la paz y la seguridad de Estados Unidos\u00bb. Para el mandatario republicano, se trata de un \u00abpeligro\u00bb que est\u00e1 \u00abcorrompiendo las instituciones venezolanas\u00bb.<\/p>\n<p>As\u00ed, el secretario del Tesoro estadounidense<strong>, Scott Bessent,<\/strong> defiende su introducci\u00f3n en la lista de sanciones; considera que esta designaci\u00f3n permite poner de manifiesto la \u00abvinculaci\u00f3n del c\u00e1rtel con el narcotr\u00e1fico\u00bb y destaca que la medida responde a las \u00abpromesas de Trump\u00bb de dar prioridad a cuestiones de vital importancia para Estados Unidos.<\/p>\n<p>El magnate neoyorquino,<strong> que afirma que son tres las \u00abnarcolanchas\u00bb destruidas en el mar Caribe<\/strong> por las fuerzas estadounidenses como parte de las operaciones puestas en marcha para frenar el flujo de drogas, insiste en que estos narcotraficantes \u00abser\u00e1n cazados\u201d en su empe\u00f1o por introducir estupefacientes en el pa\u00eds norteamericano.<\/p>\n","protected":false},"excerpt":{"rendered":"El presidente de Estados Unidos, Donald Trump, ha informado de un nuevo ataque ocurrido en aguas internacionales contra&hellip;\n","protected":false},"author":2,"featured_media":128689,"comment_status":"","ping_status":"","sticky":false,"template":"","format":"standard","meta":{"footnotes":""},"categories":[42],"tags":[17,18,352,115,13,14,11,61,62,63,64,19,20,17922,30237,9,10,15,16,12,21,22,65,66,67],"class_list":{"0":"post-128688","1":"post","2":"type-post","3":"status-publish","4":"format-standard","5":"has-post-thumbnail","7":"category-internacional","8":"tag-breaking-news","9":"tag-breakingnews","10":"tag-donald-trump","11":"tag-eeuu","12":"tag-featured-news","13":"tag-featurednews","14":"tag-headlines","15":"tag-internacional","16":"tag-international","17":"tag-international-news","18":"tag-internationalnews","19":"tag-latest-news","20":"tag-latestnews","21":"tag-narcotraficantes","22":"tag-narcotru00e1fico","23":"tag-news","24":"tag-noticias","25":"tag-noticias-destacadas","26":"tag-noticiasdestacadas","27":"tag-titulares","28":"tag-ultimas-noticias","29":"tag-ultimasnoticias","30":"tag-world","31":"tag-world-news","32":"tag-worldnews"},"share_on_mastodon":{"url":"","error":""},"_links":{"self":[{"href":"https:\/\/www.europesays.com\/es\/wp-json\/wp\/v2\/posts\/128688","targetHints":{"allow":["GET"]}}],"collection":[{"href":"https:\/\/www.europesays.com\/es\/wp-json\/wp\/v2\/posts"}],"about":[{"href":"https:\/\/www.europesays.com\/es\/wp-json\/wp\/v2\/types\/post"}],"author":[{"embeddable":true,"href":"https:\/\/www.europesays.com\/es\/wp-json\/wp\/v2\/users\/2"}],"replies":[{"embeddable":true,"href":"https:\/\/www.europesays.com\/es\/wp-json\/wp\/v2\/comments?post=128688"}],"version-history":[{"count":0,"href":"https:\/\/www.europesays.com\/es\/wp-json\/wp\/v2\/posts\/128688\/revisions"}],"wp:featuredmedia":[{"embeddable":true,"href":"https:\/\/www.europesays.com\/es\/wp-json\/wp\/v2\/media\/128689"}],"wp:attachment":[{"href":"https:\/\/www.europesays.com\/es\/wp-json\/wp\/v2\/media?parent=128688"}],"wp:term":[{"taxonomy":"category","embeddable":true,"href":"https:\/\/www.europesays.com\/es\/wp-json\/wp\/v2\/categories?post=128688"},{"taxonomy":"post_tag","embeddable":true,"href":"https:\/\/www.europesays.com\/es\/wp-json\/wp\/v2\/tags?post=128688"}],"curies":[{"name":"wp","href":"https:\/\/api.w.org\/{rel}","templated":true}]}}