{"id":128714,"date":"2025-09-21T03:23:12","date_gmt":"2025-09-21T03:23:12","guid":{"rendered":"https:\/\/www.europesays.com\/es\/128714\/"},"modified":"2025-09-21T03:23:12","modified_gmt":"2025-09-21T03:23:12","slug":"loquillo-sigue-haciendo-leyenda-en-sevilla-con-su-rock-de-todo-corazon","status":"publish","type":"post","link":"https:\/\/www.europesays.com\/es\/128714\/","title":{"rendered":"Loquillo sigue haciendo leyenda en Sevilla con su rock de todo coraz\u00f3n"},"content":{"rendered":"<p>El m\u00edtico rockero catal\u00e1n revisita sus grandes cl\u00e1sicos ante su p\u00fablico hispalense y deja una noche de m\u00fasica de la mejor vieja escuela\n<\/p>\n<p><img fetchpriority=\"high\" class=\"voc-img\" src=\"https:\/\/www.europesays.com\/es\/wp-content\/uploads\/2025\/09\/WhatsAppImage2025-09-20at22.33.32-Rz9nJTC2AFRsF7kInyvEOeI-1200x840@diario_abc.jpeg\" loading=\"eager\" decoding=\"async\" alt=\"Loquillo sigue haciendo leyenda en Sevilla\" width=\"1200\" height=\"840\"\/><\/p>\n<p>Loquillo sigue haciendo leyenda en Sevilla    ra\u00fal doblado  <\/p>\n<p><img decoding=\"async\" class=\"voc-author__img\" src=\"https:\/\/www.europesays.com\/es\/wp-content\/uploads\/2025\/08\/autor-7314-foto-1.jpeg\" alt=\"Fernando Barroso Vargas\"\/><\/p>\n<p>21\/09\/2025<br \/>\n<br \/><strong><br \/>\nActualizado a las 01:13h.<br \/>\n<\/strong><\/p>\n<p class=\"voc-p\" style=\"\">\u00abLa locura ha vencido a la vejez\u00bb es una de las proclamas de En las calles de Madrid, la canci\u00f3n de apertura del concierto de Loquillo en la pradera del <strong>Centro Andaluz de Arte Contempor\u00e1neo<\/strong> (CAAC) de Sevilla; y desde luego que el veterano artista barcelon\u00e9s camina con firmeza hacia el cumplimiento de ese mensaje, porque ya cerca de la edad convencional de jubilaci\u00f3n en Espa\u00f1a hizo gala ante su p\u00fablico hispalense de una muy buena forma musical, convenciendo a sus seguidores con un directo sincero y cargado de cl\u00e1sicos, demostrando que su amor por el rock and roll sigue como el primer d\u00eda.<\/p>\n<p class=\"voc-p\" style=\"\">Jos\u00e9 Mar\u00eda Sanz y su banda recalaron en el Centro Andaluz de Arte Contempor\u00e1neo en el marco del festival <strong>Pop CAAC<\/strong> congregando en la pradera de este espacio cultural hispalense a una nutrida tropa de parroquianos tan veteranos como \u00e9l en muchos casos pero tambi\u00e9n mucho m\u00e1s j\u00f3venes en otros, que no quisieron perderse esta nueva escala en Sevilla del m\u00edtico rockero, esta vez con motivo de la gira de su nuevo disco, Corazones legendarios, que toma su nombre de la canci\u00f3n de Lou Reed Legendary hearts. <\/p>\n<p class=\"voc-p\" style=\"\">Con un directo ajeno a todo artificio audiovisual o acompa\u00f1amientos perif\u00e9ricos, pues no en vano hablamos de un adalid de la vieja escuela, <strong>Loquillo<\/strong> repas\u00f3 ante su p\u00fablico sevillano sus grandes cl\u00e1sicos con un concierto sobrio, porque es marca de la casa, pero rico en lo musical y v\u00edvido en materia de emociones, como demostraban no pocos de los seguidores.<\/p>\n<p class=\"voc-p\" style=\"\">Durante casi dos horas, Loquillo y los suyos desplegaron ante el p\u00fablico los mejores himnos de este artista ya <strong>leyenda del rock<\/strong> contempor\u00e1neo espa\u00f1ol y que desde luego emana coraz\u00f3n en cada una de sus canciones. Y eso el respetable lo aprecia.<\/p>\n<p class=\"voc-p\" style=\"\">Sonaron as\u00ed para comenzar &#8216;En las Calles de Madrid&#8217;, &#8216;L\u00ednea Clara&#8217; como la trayectoria musical de este artista siempre fiel a s\u00ed mismo y &#8216;Mar\u00eda&#8217;, canciones con las que Loquillo fue calentando los motores de este concierto para cuyo final reservaba las canciones m\u00e1s aclamadas de su<strong> amplio repertorio musical tras aproximadamente 45 a\u00f1os sobre los escenarios.<\/strong><\/p>\n<p class=\"voc-p\" style=\"\">La noche sigui\u00f3 con &#8216;Sol&#8217;, valga la paradoja por el nombre de la canci\u00f3n, y a continuaci\u00f3n &#8216;Los Buscadores&#8217; \u00abdel Santo Grial\u00bb porque tambi\u00e9n la m\u00fasica necesita su \u00e9pica, mientras Loquillo y los suyos desplegaban su directo sin filigranas y <strong>haciendo calar en el p\u00fablico cada uno de los temas<\/strong>.<\/p>\n<p class=\"voc-p\" style=\"\">Claramente c\u00f3modos en el escenario y con su p\u00fablico sevillano, Loquillo y su banda, a cuyos miembros fue presentando paulatinamente a lo largo de la noche, tocaron tambi\u00e9n &#8216;Salud y rock and roll&#8217;, que no faltaron en absoluto durante estas dos horas; as\u00ed como la muy celebrada El hombre de negro (\u00abpor el joven que caer\u00e1 en la guerra\u00bb, otra m\u00e1s), &#8216;Creo en m\u00ed&#8217;, &#8216;Cruzando el para\u00edso&#8217; con menci\u00f3n a ese \u00abinstante, la eternidad\u00bb; y ya &#8216;El Rompeolas&#8217;, tocando la fibra sensible de un p\u00fablico cada vez m\u00e1s entregado.  <\/p>\n<p class=\"voc-p\" style=\"\">Loquillo tuvo adem\u00e1s palabras de cari\u00f1o para Jorge Mart\u00ednez, l\u00edder de <strong>Ilegales<\/strong>, otros imprescindibles del rock nacional; quien acaba de comunicar suspensi\u00f3n de la actividad por un c\u00e1ncer. Lo mismo hizo en el caso de <strong>Leiva<\/strong>, de cuya salud sigue pendiente el mundo de la m\u00fasica.<\/p>\n<p class=\"voc-p\" style=\"\">El concierto continu\u00f3 con &#8216;Memoria de j\u00f3venes airados&#8217;, &#8216;<strong>Rock<\/strong> Suave&#8217; y &#8216;El \u00faltimo cl\u00e1sico&#8217; frente a \u00abun mundo de apariencias\u00bb en el que la integridad musical de Loquillo da mayor fuerza a\u00fan a esta figura tan solemne como inquebrantable del rock patrio.<\/p>\n<p class=\"voc-p\" style=\"\">Jos\u00e9 Mar\u00eda Sanz dej\u00f3 a su grupo tocar y cantar sin \u00e9l &#8216;Carne para Linda&#8217;, canci\u00f3n con la que el concierto subi\u00f3 de ritmo; seguida de &#8216;<strong>Rey del Glam<\/strong>&#8216; y &#8216;Rock and Roll actitud&#8217;, temas que apretaron el acelerador musical.<\/p>\n<p class=\"voc-p\" style=\"\">Para el final de la noche, como colof\u00f3n, Loquillo reserv\u00f3 una bater\u00eda de canciones conformada por los himnos de su carrera m\u00e1s consagrados en la memoria popular y m\u00e1s aclamados por su p\u00fablico. Sonaron entonces &#8216;La matar\u00e9&#8217;, &#8216;Besos robados&#8217;, &#8216;Feo, fuerte y formal&#8217;, &#8216;Rock and roll star&#8217; y, como no,  <strong>&#8216;Cadillac solitario&#8217; coreada por el p\u00fablico sevillano<\/strong>, que ya piensa en la siguiente visita de Loquillo a la ciudad, despu\u00e9s de que \u00e9l mismo lo dijese: \u00ab<strong>Sevilla siempre<\/strong>\u00bb.<\/p>\n<p>Reportar un error<\/p>\n","protected":false},"excerpt":{"rendered":"El m\u00edtico rockero catal\u00e1n revisita sus grandes cl\u00e1sicos ante su p\u00fablico hispalense y deja una noche de m\u00fasica&hellip;\n","protected":false},"author":2,"featured_media":128715,"comment_status":"","ping_status":"","sticky":false,"template":"","format":"standard","meta":{"footnotes":""},"categories":[91],"tags":[4835,146,147,25,24,4133,368,33025,1273,1171,1262,23],"class_list":{"0":"post-128714","1":"post","2":"type-post","3":"status-publish","4":"format-standard","5":"has-post-thumbnail","7":"category-entretenimiento","8":"tag-corazon","9":"tag-entertainment","10":"tag-entretenimiento","11":"tag-es","12":"tag-espana","13":"tag-haciendo","14":"tag-leyenda","15":"tag-loquillo","16":"tag-rock","17":"tag-sevilla","18":"tag-sigue","19":"tag-spain"},"share_on_mastodon":{"url":"","error":""},"_links":{"self":[{"href":"https:\/\/www.europesays.com\/es\/wp-json\/wp\/v2\/posts\/128714","targetHints":{"allow":["GET"]}}],"collection":[{"href":"https:\/\/www.europesays.com\/es\/wp-json\/wp\/v2\/posts"}],"about":[{"href":"https:\/\/www.europesays.com\/es\/wp-json\/wp\/v2\/types\/post"}],"author":[{"embeddable":true,"href":"https:\/\/www.europesays.com\/es\/wp-json\/wp\/v2\/users\/2"}],"replies":[{"embeddable":true,"href":"https:\/\/www.europesays.com\/es\/wp-json\/wp\/v2\/comments?post=128714"}],"version-history":[{"count":0,"href":"https:\/\/www.europesays.com\/es\/wp-json\/wp\/v2\/posts\/128714\/revisions"}],"wp:featuredmedia":[{"embeddable":true,"href":"https:\/\/www.europesays.com\/es\/wp-json\/wp\/v2\/media\/128715"}],"wp:attachment":[{"href":"https:\/\/www.europesays.com\/es\/wp-json\/wp\/v2\/media?parent=128714"}],"wp:term":[{"taxonomy":"category","embeddable":true,"href":"https:\/\/www.europesays.com\/es\/wp-json\/wp\/v2\/categories?post=128714"},{"taxonomy":"post_tag","embeddable":true,"href":"https:\/\/www.europesays.com\/es\/wp-json\/wp\/v2\/tags?post=128714"}],"curies":[{"name":"wp","href":"https:\/\/api.w.org\/{rel}","templated":true}]}}