{"id":128722,"date":"2025-09-21T03:28:17","date_gmt":"2025-09-21T03:28:17","guid":{"rendered":"https:\/\/www.europesays.com\/es\/128722\/"},"modified":"2025-09-21T03:28:17","modified_gmt":"2025-09-21T03:28:17","slug":"el-pnv-toma-posesion-del-cervantes-de-paris-e-iza-la-ikurrina-en-la-fachada","status":"publish","type":"post","link":"https:\/\/www.europesays.com\/es\/128722\/","title":{"rendered":"El PNV toma posesi\u00f3n del Cervantes de Par\u00eds e iza la ikurri\u00f1a en la fachada"},"content":{"rendered":"<p>El <a href=\"https:\/\/theobjective.com\/etiqueta\/pnv\/\" rel=\"nofollow noopener\" target=\"_blank\">Partido Nacionalista Vasco (PNV)<\/a> ha celebrado este s\u00e1bado en el edificio de <a href=\"https:\/\/theobjective.com\/etiqueta\/paris\/\" rel=\"nofollow noopener\" target=\"_blank\">Par\u00eds<\/a> la recuperaci\u00f3n de este inmueble situado en el n\u00famero 11 de la avenida Marceau en un acto que ha contado con la intervenci\u00f3n del actual presidente del EBB, <a href=\"https:\/\/theobjective.com\/etiqueta\/aitor-esteban\/\" rel=\"nofollow noopener\" target=\"_blank\">Aitor Esteban<\/a>, y su antecesor, Andoni Ortuzar (en cuyo mandato se consigui\u00f3 recuperar).<\/p>\n<p>Junto a miembros de las dos ejecutivas, tambi\u00e9n han asistido el lehendakari, <a href=\"https:\/\/theobjective.com\/etiqueta\/imanol-pradales\/\" rel=\"nofollow noopener\" target=\"_blank\"><strong>Imanol Pradales<\/strong><\/a>, y los consejeros del Gobierno Vasco Ibone Bengoetxea, Noel d\u2019Anjou, Nerea Melgosa y Amaia Barredo; las portavoces jeltzales del Congreso, el Senado y el Parlamento Europeo, <strong>Maribel Vaquero, Estefan\u00eda Beltr\u00e1n de Heredia y Oihane Agirregoitia<\/strong>; y los presidentes de las Juntas Generales de \u00c1lava, Bizkaia y Gipuzkoa, Irma Basterra, Ana Otadui y Xabier Ezeizabarrena, entre otros.<\/p>\n<p>Igualmente, han estado presentes<strong> familiares del lehendakari Jos\u00e9 Antonio Aguirre y del lehendakari Jes\u00fas Mar\u00eda Leizaola, as\u00ed como descendientes de la familia Errazti<\/strong>, que custodiaba el edificio, y de los de Francisco Belausteguigoitia Landaluce, emigrante vasco residente en M\u00e9xico que envi\u00f3 65.000 d\u00f3lares a Heliodoro de la Torre, tesorero de PNV, en 1936 para la compra del edificio, seg\u00fan ha explicado la formaci\u00f3n jeltzale.<\/p>\n<blockquote class=\"twitter-tweet\" data-width=\"550\" data-dnt=\"true\">\n<p lang=\"en\" dir=\"ltr\">This building in Paris is a symbol of exile, freedom and democracy for the Basque people.<\/p>\n<p>It was home to President Lehendakari Agirre.<\/p>\n<p>Plundered by the Nazis from the Basque National Party, it was recovered in 2025.<\/p>\n<p>2025-09-20 \ud83d\udc9a\ud83e\udd0d\u2764\ufe0f <a href=\"https:\/\/t.co\/rximvsTGez\" rel=\"nofollow\">pic.twitter.com\/rximvsTGez<\/a><\/p>\n<p>\u2014 Basque National Party (@basqueparty) <a href=\"https:\/\/twitter.com\/basqueparty\/status\/1969362003358634066?ref_src=twsrc%5Etfw\" rel=\"nofollow noopener\" target=\"_blank\">September 20, 2025<\/a><\/p><\/blockquote>\n<p>El palacete\u00a0<a href=\"https:\/\/theobjective.com\/espana\/politica\/2024-12-24\/gobierno-devuelve-pnv-titularidad-sede-ejecutivo-vasco-paris\/\" rel=\"nofollow noopener\" target=\"_blank\">fue cedido al Partido Nacionalista Vasco (PNV) en una pol\u00e9mica decisi\u00f3n\u00a0<\/a>por parte del Ejecutivo a finales del a\u00f1o pasado y el presidente del partido, Aitor Esteban, ha celebrado la recuperaci\u00f3n de este como <strong>\u00abun acto de justicia, de reparaci\u00f3n de memoria\u00bb que tiene que \u00abreconfortar a cualquier dem\u00f3crata\u00bb<\/strong>. Asimismo, asegura que no olvidar\u00e1 \u00abel esc\u00e1ndalo que han montado\u00bb para evitar su devoluci\u00f3n el PP y Vox, que considera \u00abhan sido dignos sucesores del r\u00e9gimen franquista y lo que represent\u00f3 con respecto a este edificio\u00bb. <\/p>\n<p>Seg\u00fan ha indicado, \u00abel PNV ha demostrado de nuevo que sabe sobreponerse a las adversidades. Tardaremos m\u00e1s o menos, pero somos constantes. Y vamos consiguiendo aqu\u00ed y all\u00ed, en este caso y en otros, nuestros objetivos. Porque Euskadi no se construye con la fuerza, sino con la constancia, con las palabras y con la voluntad democr\u00e1tica. Vencer por la fuerza o a gritos sin convencer est\u00e1 abocado al fracaso\u00bb.<\/p>\n<p>Aitor Esteban e Imanol Pradales han sido los primeros en cruzar el \u00abinconfundible port\u00f3n azul\u00bb y acceder al edificio, en cuya entrada el lehendakari ha descubierto una placa escrita en euskera y franc\u00e9s con la inscripci\u00f3n \u2018S\u00edmbolo de exilio, libertad y democracia. Aqu\u00ed recibi\u00f3 cobijo el lehendakari Aguirre. Robado por los nazis a EAJ-PNV y recuperado en 2025\u2019.<\/p>\n<p>Posteriormente, el PNV ha celebrado, en su interior, un acto, en palabras del expresidente del EBB Andoni Ortuzar, \u00abcargado de simbolismo\u00bb. \u00abFranco y sus gobiernos dictatoriales quisieron convertir este edificio en un s\u00edmbolo de su victoria y de nuestra derrota, la de los euskaldunes dem\u00f3cratas. Pelearon con todas las malas artes posibles para usurparlo y mantenerlo\u00bb, ha recordado.<\/p>\n<p>En este marco, para el expresidente del PNV, <strong>el acto de este s\u00e1bado \u00absirve tambi\u00e9n para limpiar la presencia violenta entre estas paredes <\/strong>de nazis, de agentes de la Gestapo y de la polic\u00eda franquista que tantas vidas vascas y dem\u00f3cratas costaron\u00bb. \u00abEn memoria y homenaje a todas ellas estamos hoy aqu\u00ed\u00bb, ha remarcado.<\/p>\n<p>Tras Ortuzar ha tomado la palabra el actual l\u00edder jeltzale, Aitor Estaban, que ha incidido en que el edificio de la avenida Marceau \u00abes un s\u00edmbolo de resistencia de un pueblo, de la lucha contra el fascismo y el nazismo, de desarraigo y exilio, y de construcci\u00f3n europea\u00bb. \u00abHa representado todos los principios en los que cree este partido y por los que vale la pena estar en pol\u00edtica\u00bb, ha defendido.<\/p>\n<p>Asimismo, ha planteado que <strong>su \u00abrestituci\u00f3n\u00bb no es \u00abpasado rom\u00e1ntico\u00bb, sino \u00abfuturo\u00bb para las nuevas generaciones<\/strong>, que tienen \u00abaqu\u00ed un ejemplo de compromiso personal de mucha gente\u00bb no solo pol\u00edtico, tambi\u00e9n c\u00edvico. Seg\u00fan ha indicado, \u00abnunca nos fuimos emocionalmente de Par\u00eds, pero ahora volvemos f\u00edsicamente y espero que en un futuro organizativamente tambi\u00e9n\u00bb.<\/p>\n<p>Esteban ha expresado su agradecimiento a las \u00abmuchas personas\u00bb que han hecho posible este \u00ab\u00e9xito\u00bb. \u00abAlgunas que dieron testimonio de lo que conoc\u00edan; otras que han investigado y han elaborado conclusiones e informes, pruebas contundentes; otros que han organizado la informaci\u00f3n, registraron iniciativas, litigado ante los tribunales, ante la administraci\u00f3n; otras que desde una posici\u00f3n pol\u00edtica han reclamado, han negociado, han buscado v\u00edas; y otras, tambi\u00e9n desde la administraci\u00f3n central, han reconocido la necesidad de reparar una injusticia\u00bb, ha enumerado.<\/p>\n<p>La paz sigue en entredicho<\/p>\n<p>En su discurso, Aitor Esteban tambi\u00e9n ha recordado que \u00abla paz, que estaba en entredicho y que en algunos lugares en territorio vasco ya hab\u00eda dejado de existir en 1936, cuando el PNV adquiri\u00f3 este edificio, sigue estando tambi\u00e9n hoy en d\u00eda en entredicho\u00bb. \u00abY o\u00edmos hablar de cosas tales como un resort en Gaza. Vemos lo que est\u00e1 pasando, una eliminaci\u00f3n de una poblaci\u00f3n, genocidio, expulsi\u00f3n, una deshumanizaci\u00f3n del adversario. Y vemos que detr\u00e1s de eso tambi\u00e9n, y apoy\u00e1ndolo, como si no pasara nada, est\u00e1n pa\u00edses como Estados Unidos, unos Estados Unidos que parece que lo que quiere es controlar y humillar a sus antiguos aliados, a la Uni\u00f3n Europea, y con un Putin y un Xi que lo que demuestran es que el futuro que les gustar\u00eda es el de la fuerza\u00bb, ha lamentado.<\/p>\n<p>Tras recordar a los \u00abmuchos dem\u00f3cratas\u00bb que lucharon \u00abcontra el holocausto, contra la dictadura de Hitler y la de Franco\u00bb, ha cuestionado \u00abqu\u00e9 le est\u00e1 pasando a algunos ahora\u00bb. <strong>\u00ab\u00bfQui\u00e9nes son los aliados, qui\u00e9nes son ahora los dem\u00f3cratas?\u00bb<\/strong>, se ha preguntado. Por su parte, ha dicho, <strong>el PNV sigue \u00abdonde siempre\u00bb<\/strong>. \u00abPorque para nosotros las relaciones internacionales ni son un negocio ni es la ley del m\u00e1s fuerte\u00bb, ha concluido Esteban, que ha remarcado que el edificio de la avenida Marceau fue \u00abadquirido por el PNV con ayuda de patriotas\u00bb pero \u00absiempre estuvo al servicio del pueblo vasco\u00bb y tambi\u00e9n \u00ablo estar\u00e1 en el futuro y siempre\u00bb.<\/p>\n<p>El inmueble fue adquirido el 12 de septiembre de 1936 y fue sede del Gobierno Vasco, constituido el 7 de octubre de ese mismo a\u00f1o, liderado por el lehendakari Agirre. Fue incautado por el Ej\u00e9rcito nazi y la Gestapo tras la invasi\u00f3n de Francia en 1940 y recuperado tras la Segunda Guerra Mundial en 1944, si bien se entreg\u00f3 nuevamente a las autoridades franquistas en 1951, seg\u00fan ha recordado la formaci\u00f3n jeltzale. El PNV ha tratado de recuperar el edificio en varias ocasiones hasta que finalmente el pasado mes de diciembre el BOE public\u00f3 la devoluci\u00f3n en funci\u00f3n de la Disposici\u00f3n Adicional Novena la Ley de Memoria Democr\u00e1tica.<\/p>\n<p>                                                    <script async src=\"https:\/\/platform.twitter.com\/widgets.js\" charset=\"utf-8\"><\/script><\/p>\n","protected":false},"excerpt":{"rendered":"El Partido Nacionalista Vasco (PNV) ha celebrado este s\u00e1bado en el edificio de Par\u00eds la recuperaci\u00f3n de este&hellip;\n","protected":false},"author":2,"featured_media":128723,"comment_status":"","ping_status":"","sticky":false,"template":"","format":"standard","meta":{"footnotes":""},"categories":[5],"tags":[41504,17,18,25,24,13,14,17307,11,14317,19,20,41505,17887,9,10,15,16,26331,13453,12297,23,12,21,22],"class_list":{"0":"post-128722","1":"post","2":"type-post","3":"status-publish","4":"format-standard","5":"has-post-thumbnail","7":"category-titulares","8":"tag-aitor-esteban","9":"tag-breaking-news","10":"tag-breakingnews","11":"tag-es","12":"tag-espana","13":"tag-featured-news","14":"tag-featurednews","15":"tag-francisco-franco","16":"tag-headlines","17":"tag-imanol-pradales","18":"tag-latest-news","19":"tag-latestnews","20":"tag-ley-de-memoria-democru00e1tica","21":"tag-nazis","22":"tag-news","23":"tag-noticias","24":"tag-noticias-destacadas","25":"tag-noticiasdestacadas","26":"tag-paru00eds","27":"tag-pau00eds-vasco","28":"tag-pnv-partido-nacionalista-vasco","29":"tag-spain","30":"tag-titulares","31":"tag-ultimas-noticias","32":"tag-ultimasnoticias"},"share_on_mastodon":{"url":"","error":""},"_links":{"self":[{"href":"https:\/\/www.europesays.com\/es\/wp-json\/wp\/v2\/posts\/128722","targetHints":{"allow":["GET"]}}],"collection":[{"href":"https:\/\/www.europesays.com\/es\/wp-json\/wp\/v2\/posts"}],"about":[{"href":"https:\/\/www.europesays.com\/es\/wp-json\/wp\/v2\/types\/post"}],"author":[{"embeddable":true,"href":"https:\/\/www.europesays.com\/es\/wp-json\/wp\/v2\/users\/2"}],"replies":[{"embeddable":true,"href":"https:\/\/www.europesays.com\/es\/wp-json\/wp\/v2\/comments?post=128722"}],"version-history":[{"count":0,"href":"https:\/\/www.europesays.com\/es\/wp-json\/wp\/v2\/posts\/128722\/revisions"}],"wp:featuredmedia":[{"embeddable":true,"href":"https:\/\/www.europesays.com\/es\/wp-json\/wp\/v2\/media\/128723"}],"wp:attachment":[{"href":"https:\/\/www.europesays.com\/es\/wp-json\/wp\/v2\/media?parent=128722"}],"wp:term":[{"taxonomy":"category","embeddable":true,"href":"https:\/\/www.europesays.com\/es\/wp-json\/wp\/v2\/categories?post=128722"},{"taxonomy":"post_tag","embeddable":true,"href":"https:\/\/www.europesays.com\/es\/wp-json\/wp\/v2\/tags?post=128722"}],"curies":[{"name":"wp","href":"https:\/\/api.w.org\/{rel}","templated":true}]}}