{"id":128732,"date":"2025-09-21T03:36:17","date_gmt":"2025-09-21T03:36:17","guid":{"rendered":"https:\/\/www.europesays.com\/es\/128732\/"},"modified":"2025-09-21T03:36:17","modified_gmt":"2025-09-21T03:36:17","slug":"mucho-margen-de-mejora-club-baloncesto-ciudad-de-valladolid","status":"publish","type":"post","link":"https:\/\/www.europesays.com\/es\/128732\/","title":{"rendered":"Mucho margen de mejora | Club Baloncesto Ciudad de Valladolid"},"content":{"rendered":"<p>\u00a0<\/p>\n<p><strong>Valoraci\u00f3n<\/strong>. \u201cUn partido de supervivencia absoluta. O sea, al final, nosotros por n\u00famero de jugadores disponibles, entre expulsados, lesionados, esperemos que lo de Pablo Mart\u00edn no sea absolutamente nada. En ese sentido, tengo unas palabras para Marc Pe\u00f1arroya, que esperamos que se quede en un susto y que no sea algo que al principio parec\u00eda que puede ser una lesi\u00f3n grave. Esperemos que se quede en un susto. En ese sentido, ha sido un partido duro, duro durante todos los minutos de juego. Nosotros sab\u00edamos que ven\u00edamos muy justitos de efectivos, muy justitos f\u00edsicamente. Por no haber podido contar con algunos jugadores, con la lesi\u00f3n de Pablo Mart\u00edn, creo que ha sido eso, un ejercicio de supervivencia. Al final del partido los hemos felicitado precisamente por el esfuerzo, por engancharse al partido, por ser capaces de estar, por saber lo que es Pisuerga, que como les hemos dicho al final, pues Pisuerga tiene dos opciones: que es disfrutarlo, sufrirlo. Y hay que intentar disfrutarlo, quitarnos un poquito esa presi\u00f3n de ser en casa. Creo que en ese sentido ha sido, pese a los 84 puntos, el partido en el que menos fluido hemos estado de los tres que hemos hecho de pretemporada, aunque sea una victoria, aunque en el de Le\u00f3n perdi\u00e9semos, creo que hemos estado menos fluidos que en el resto de partidos y bueno, quitarnos un poquito ese tap\u00f3n mental y disfrutar\u201d.<\/p>\n<p><strong>\u00bfC\u00f3mo te has sentido entrenando en el equipo de tu ciudad y tu casa?<\/strong> \u201cHostia, pues\u2026 S\u00ed, es un subid\u00f3n en el sentido de, sobre todo, cuando sales, yo al principio, cuando en el calentamiento, que no me gusta salir muy temprano, cuando ves Pisuerga, cuando ves que la gente va llegando, cuando ves tantas caras conocidas y dem\u00e1s, o ya en el partido no sabes qui\u00e9n est\u00e1, pero el principio del partido, encima para m\u00ed jugar contra Ponferrada tambi\u00e9n es especial, con lo cual se juntan ah\u00ed sentimientos. Pero s\u00ed, estar en casa con esta afluencia del p\u00fablico para ser Copa de Espa\u00f1a despu\u00e9s de un descenso, o sea, lo \u00edbamos diciendo toda la pretemporada y antes que, joder, estamos encantados con la respuesta de la afici\u00f3n, pero en este caso, m\u00e1s demostrando ya, no solo abon\u00e1ndose, sino viniendo a un partido que por fecha, por ser eso, aunque sea un partido oficial, es pretemporada. Bueno, la verdad es que es un subid\u00f3n, varios entrenadores de los que han disfrutado y sufrido esta ciudad me dec\u00edan estos d\u00edas o durante el verano \u2018disfruta de Pisuerga, disfruta de Pisuerga que es algo especial, sobre todo siendo vallisoletano, que es algo dif\u00edcil, pero que es algo especial\u2019. Y bueno, pues en eso estamos, en intentar disfrutarlo\u201d.<\/p>\n<p><strong>Pau Isern<\/strong>. \u201cA ver, Pau es uno de los mejores de la Liga, lo est\u00e1 demostrando. Cada vez que me coment\u00e1is algo de \u00e9l, tengo un peque\u00f1o recuerdo, adem\u00e1s, para Pablo Mar\u00edn, que en breve estar\u00e1 en el sentido de, es que creo que Pau va a brillar m\u00e1s todav\u00eda cuando Pablo est\u00e9 y no tenga que jugar 30 minutos y hacer absolutamente de todo muchas veces. Entonces, est\u00e1 claro que Pau es un jugadorazo, que al final los errores que comete muchas veces son culpa nuestra por los minutos seguidos que est\u00e1 en el campo y todo lo que ten\u00edamos previsto a nivel de minutaje y de rotaciones ha saltado por los aires, sobre todo con la lesi\u00f3n de Pablo Mar\u00edn, aparte de la quinta falta tanto de Juanga como de Fares. Y al final, aparte de sus n\u00fameros estratosf\u00e9ricos, se va a m\u00e1s p\u00e9rdidas de la cuenta por ese minutaje. Pero est\u00e1 claro que lo ten\u00edamos claro cuando lo fichamos, creo que es uno de los mejores bases de la categor\u00eda y lo est\u00e1 demostrando desde el primer d\u00eda\u201d.<\/p>\n<p><strong>\u00bfEst\u00e1 el equipo donde t\u00fa quieres o hay margen?<\/strong> \u201cCreo que hay mucho margen, me gustar\u00eda que estuviera mejor, pero ya no de juego y de sensaciones sino de lo que hemos hablado al final. La semana va muy condicionada por la falta de efectivos profesionales, que no es una excusa, lo comentamos porque es una realidad y lo hab\u00e9is visto. No podemos poner una excusa porque estamos entrando bien gracias a los chicos del filial, que el esfuerzo que est\u00e1n haciendo por ayudarnos es excelente, pero nos gustar\u00eda estar un poquito m\u00e1s avanzados de lo que estamos en ese sentido. Nos gustar\u00eda tener un toquecito m\u00e1s sobre todo a nivel de recursos a nivel t\u00e1ctico, de cositas en las que necesitamos un poco m\u00e1s de trabajo, consistencia y en el d\u00eda a d\u00eda los entrenamientos. Pero bueno, creo que tenemos margen, esta competici\u00f3n es largu\u00edsima, aqu\u00ed ni se sube ni se deja de subir ni se entra en playoff ni se desciende en octubre con lo cual creo que tenemos margen de sobra pero s\u00ed que nos gustar\u00eda tener un poquito m\u00e1s avanzados\u201d.<\/p>\n","protected":false},"excerpt":{"rendered":"\u00a0 Valoraci\u00f3n. \u201cUn partido de supervivencia absoluta. O sea, al final, nosotros por n\u00famero de jugadores disponibles, entre&hellip;\n","protected":false},"author":2,"featured_media":128733,"comment_status":"","ping_status":"","sticky":false,"template":"","format":"standard","meta":{"footnotes":""},"categories":[269],"tags":[299,298,168,25,24,23,167],"class_list":{"0":"post-128732","1":"post","2":"type-post","3":"status-publish","4":"format-standard","5":"has-post-thumbnail","7":"category-baloncesto","8":"tag-baloncesto","9":"tag-basketball","10":"tag-deportes","11":"tag-es","12":"tag-espana","13":"tag-spain","14":"tag-sports"},"share_on_mastodon":{"url":"","error":""},"_links":{"self":[{"href":"https:\/\/www.europesays.com\/es\/wp-json\/wp\/v2\/posts\/128732","targetHints":{"allow":["GET"]}}],"collection":[{"href":"https:\/\/www.europesays.com\/es\/wp-json\/wp\/v2\/posts"}],"about":[{"href":"https:\/\/www.europesays.com\/es\/wp-json\/wp\/v2\/types\/post"}],"author":[{"embeddable":true,"href":"https:\/\/www.europesays.com\/es\/wp-json\/wp\/v2\/users\/2"}],"replies":[{"embeddable":true,"href":"https:\/\/www.europesays.com\/es\/wp-json\/wp\/v2\/comments?post=128732"}],"version-history":[{"count":0,"href":"https:\/\/www.europesays.com\/es\/wp-json\/wp\/v2\/posts\/128732\/revisions"}],"wp:featuredmedia":[{"embeddable":true,"href":"https:\/\/www.europesays.com\/es\/wp-json\/wp\/v2\/media\/128733"}],"wp:attachment":[{"href":"https:\/\/www.europesays.com\/es\/wp-json\/wp\/v2\/media?parent=128732"}],"wp:term":[{"taxonomy":"category","embeddable":true,"href":"https:\/\/www.europesays.com\/es\/wp-json\/wp\/v2\/categories?post=128732"},{"taxonomy":"post_tag","embeddable":true,"href":"https:\/\/www.europesays.com\/es\/wp-json\/wp\/v2\/tags?post=128732"}],"curies":[{"name":"wp","href":"https:\/\/api.w.org\/{rel}","templated":true}]}}