{"id":128746,"date":"2025-09-21T03:53:19","date_gmt":"2025-09-21T03:53:19","guid":{"rendered":"https:\/\/www.europesays.com\/es\/128746\/"},"modified":"2025-09-21T03:53:19","modified_gmt":"2025-09-21T03:53:19","slug":"es-un-orgullo-tremendo-he-luchado-mucho-para-poder-estar-aqui-la-discusion","status":"publish","type":"post","link":"https:\/\/www.europesays.com\/es\/128746\/","title":{"rendered":"\u201cEs un orgullo tremendo, he luchado mucho para poder estar aqu\u00ed\u201d \u2013 La Discusi\u00f3n"},"content":{"rendered":"<p class=\"parau23a3e\">La jugadora de balonmano chillaneja, Isabella Villa disput\u00f3 junto a la Selecci\u00f3n Chilena U13 para el Torneo Centro Americano que se disput\u00f3 en en Asunci\u00f3n, Paraguay a partir de 16 hasta el d\u00eda de ayer.<\/p>\n<p class=\"parau23a57\">En el torneo se midieron contra grandes potencias sudamericanas, como Argentina, Brasil, Paraguay,Uruguay, para adquirir roce internacional de cara a competencias internacionales.<\/p>\n<p class=\"parau23a57\">La deportista \u00f1ublensina habl\u00f3 en las redes del equipo nacional debido al gran nivel que ha mostrado en la disciplina desde el trabajo en sus equipos en Chill\u00e1n tanto en el Insamach su equipo oficial c\u00f3mo tambi\u00e9n Club Tigres donde entrena.<\/p>\n<p class=\"parau23a57\">\u201cEs un orgullo tremendo, he luchado mucho para estar donde estoy ahora, mi pap\u00e1 me dio la noticia, yo salt\u00e9 de alegr\u00eda, lloraba de felicidad, he entrenado mucho para llegar hasta ac\u00e1. Gracias a mi pap\u00e1 y mi mam\u00e1, porque me han ayudado mucho, los amo demasiado por el apoyo que me han entregado en este proceso\u201d, declar\u00f3 Isabella.<\/p>\n<p class=\"parau23a57\">Su padre, que es de nacionalidad colombiana, lleg\u00f3 hace 15 a\u00f1os a Chile, pero sus hijos nacieron en suelo nacional, motivo por el cual Isabella representa al pa\u00eds.<\/p>\n<p class=\"parau23a57\">\u201cYo soy Colombiano, pero llevo 15 a\u00f1os viviendo en Chile, mis hijos nacieron ac\u00e1, por ende representan al pa\u00eds, ver a mi hija jugando por Chile es un orgullo ya sea ac\u00e1 o hubiese sido el m\u00edo, porque s\u00e9 que lo est\u00e1 haciendo con todo el esfuerzo con todo el cari\u00f1o, cuando la veo cantar el himno chileno con esa fuerza, con ese amor, me da mucho orgullo, me siento un chileno m\u00e1s\u201d, declar\u00f3 Daniel Villa, su padre.<\/p>\n<p class=\"parau23a57\">\u201cEs bueno saber que mi hija a esta corta edad esta viviendo esta experiencia, ella sabe que para llegar hasta ac\u00e1 ha tenido que esforzarse mucho y a veces no se la cree ni ella , porque tiene una corta edad\u201d, agreg\u00f3 su madre, Sandra Ortega.<\/p>\n<p class=\"parau23a57\">Isabella seguir\u00e1 entrenando duro, para futuras nominaciones, ya que sue\u00f1a llegar lejos en el handball. Todo esto ha sido posible adem\u00e1s, por el gran trabajo en la disciplina deportiva en la regi\u00f3n, que ha sido un gran semillero, con grandes clubes participantes.<\/p>\n<p class=\"parau23a57\">Cabe destacar, que Isabella no fue la \u00fanica nominada de la ciudad a la Selecci\u00f3n, ya que ahora se prerapra para debutar en el mismo torneo pero en U15, Agustina Villouta, del Club Balonmano Tigres, jugadora que sumar\u00e1 tambi\u00e9n un gran roce internacional a su experiencia, donde ya represent\u00f3 al pa\u00eds, pero balonmano playa.<\/p>\n<p class=\"parau23a57\">\u201cEstoy contenta con haber quedado en la n\u00f3mina y rerpresentar al pa\u00eds, espere este momento con muchas ansias y por fin se medio por algo que me hab\u00eda esforzado tanto tiempo, el proceso no fue nada f\u00e1cil, me he tenido que esforzar un mont\u00f3n, he tenido que faltar a clases, pero lo valle totalmente\u201d, confes\u00f3 en entrevista con Diario La Discusi\u00f3n<\/p>\n","protected":false},"excerpt":{"rendered":"La jugadora de balonmano chillaneja, Isabella Villa disput\u00f3 junto a la Selecci\u00f3n Chilena U13 para el Torneo Centro&hellip;\n","protected":false},"author":2,"featured_media":128747,"comment_status":"","ping_status":"","sticky":false,"template":"","format":"standard","meta":{"footnotes":""},"categories":[278],"tags":[376,168,25,24,375,23,167],"class_list":{"0":"post-128746","1":"post","2":"type-post","3":"status-publish","4":"format-standard","5":"has-post-thumbnail","7":"category-balonmano","8":"tag-balonmano","9":"tag-deportes","10":"tag-es","11":"tag-espana","12":"tag-handball","13":"tag-spain","14":"tag-sports"},"share_on_mastodon":{"url":"","error":""},"_links":{"self":[{"href":"https:\/\/www.europesays.com\/es\/wp-json\/wp\/v2\/posts\/128746","targetHints":{"allow":["GET"]}}],"collection":[{"href":"https:\/\/www.europesays.com\/es\/wp-json\/wp\/v2\/posts"}],"about":[{"href":"https:\/\/www.europesays.com\/es\/wp-json\/wp\/v2\/types\/post"}],"author":[{"embeddable":true,"href":"https:\/\/www.europesays.com\/es\/wp-json\/wp\/v2\/users\/2"}],"replies":[{"embeddable":true,"href":"https:\/\/www.europesays.com\/es\/wp-json\/wp\/v2\/comments?post=128746"}],"version-history":[{"count":0,"href":"https:\/\/www.europesays.com\/es\/wp-json\/wp\/v2\/posts\/128746\/revisions"}],"wp:featuredmedia":[{"embeddable":true,"href":"https:\/\/www.europesays.com\/es\/wp-json\/wp\/v2\/media\/128747"}],"wp:attachment":[{"href":"https:\/\/www.europesays.com\/es\/wp-json\/wp\/v2\/media?parent=128746"}],"wp:term":[{"taxonomy":"category","embeddable":true,"href":"https:\/\/www.europesays.com\/es\/wp-json\/wp\/v2\/categories?post=128746"},{"taxonomy":"post_tag","embeddable":true,"href":"https:\/\/www.europesays.com\/es\/wp-json\/wp\/v2\/tags?post=128746"}],"curies":[{"name":"wp","href":"https:\/\/api.w.org\/{rel}","templated":true}]}}