{"id":128748,"date":"2025-09-21T03:54:04","date_gmt":"2025-09-21T03:54:04","guid":{"rendered":"https:\/\/www.europesays.com\/es\/128748\/"},"modified":"2025-09-21T03:54:04","modified_gmt":"2025-09-21T03:54:04","slug":"cayetano-rivera-sonrie-al-preguntarle-si-sus-hermanos-francisco-y-kiko-acudiran-a-verlo-torear","status":"publish","type":"post","link":"https:\/\/www.europesays.com\/es\/128748\/","title":{"rendered":"Cayetano Rivera sonr\u00ede al preguntarle si sus hermanos Francisco y Kiko acudir\u00e1n a verlo torear"},"content":{"rendered":"<p class=\"card-text card-video__text js-collapse__text\">&#13;<br \/>\n                    Cayetano Rivera, sonriente, atiende a sus seguidores entra en la plaza de \u00c9cija, sin desvelar si acudir\u00e1n a verle sus hermanos, Francisco y Kiko Rivera. El torero conversa con varios fans, junto a los que tambi\u00e9n se hace fotograf\u00edas. El diestro entra en la plaza al igual que sus compa\u00f1eros del cartel de la tarde, Curro D\u00edaz y Astigitano. Cayetano llama a su mozo de espadas, Ramiro Cur\u00e1 para que converse con unos hombres a los que ha saludado &#13;&#13;Total a Cayetano: &#13;&#13;- Cayetano, c\u00f3mo est\u00e1s&#13;- &#8230;&#13;- Cayetano&#13;- &#8230;&#13;- Tu hermano Kiko que te ha dicho &#13;- &#8230;&#13;- Tu hermano Fran y Kiko, que han estado juntos \u00bfVerdad? &#13;- &#8230;&#13;Im\u00e1genes de la llegada de Curro D\u00edaz&#13;Im\u00e1genes de la llegada del Astigitano, \u00c1ngel Jim\u00e9nez, est\u00e1 en el interior de un coche y se santigua&#13;Im\u00e1genes de Cayetano llegando, conversa con varios seguidores. Llama a su mozo de espadas, Ramito Cur\u00e1 para que hable con algunos hombres que ha saludado. &#13;Im\u00e1genes de Cayetano que choca la mano a un hombre&#13;Im\u00e1genes de Cayetano  agradece una fan que le dese buna suerte y se gira para responderle con una enorme sonrisa. Entra en la plaza y sigue atendiendo a sus fans y se hace fotos con ellos (Una seguidora le dice a Cayetano: \u00abMe alegro de verte\u00bb \u00e9l se gira y responde: \u00abGracias\u00bb)&#13;&#13;\n                <\/p>\n","protected":false},"excerpt":{"rendered":"&#13; Cayetano Rivera, sonriente, atiende a sus seguidores entra en la plaza de \u00c9cija, sin desvelar si acudir\u00e1n&hellip;\n","protected":false},"author":2,"featured_media":128749,"comment_status":"","ping_status":"","sticky":false,"template":"","format":"standard","meta":{"footnotes":""},"categories":[277],"tags":[373,168,25,24,23,167,374],"class_list":{"0":"post-128748","1":"post","2":"type-post","3":"status-publish","4":"format-standard","5":"has-post-thumbnail","7":"category-toreo","8":"tag-bullfighting","9":"tag-deportes","10":"tag-es","11":"tag-espana","12":"tag-spain","13":"tag-sports","14":"tag-toreo"},"share_on_mastodon":{"url":"","error":""},"_links":{"self":[{"href":"https:\/\/www.europesays.com\/es\/wp-json\/wp\/v2\/posts\/128748","targetHints":{"allow":["GET"]}}],"collection":[{"href":"https:\/\/www.europesays.com\/es\/wp-json\/wp\/v2\/posts"}],"about":[{"href":"https:\/\/www.europesays.com\/es\/wp-json\/wp\/v2\/types\/post"}],"author":[{"embeddable":true,"href":"https:\/\/www.europesays.com\/es\/wp-json\/wp\/v2\/users\/2"}],"replies":[{"embeddable":true,"href":"https:\/\/www.europesays.com\/es\/wp-json\/wp\/v2\/comments?post=128748"}],"version-history":[{"count":0,"href":"https:\/\/www.europesays.com\/es\/wp-json\/wp\/v2\/posts\/128748\/revisions"}],"wp:featuredmedia":[{"embeddable":true,"href":"https:\/\/www.europesays.com\/es\/wp-json\/wp\/v2\/media\/128749"}],"wp:attachment":[{"href":"https:\/\/www.europesays.com\/es\/wp-json\/wp\/v2\/media?parent=128748"}],"wp:term":[{"taxonomy":"category","embeddable":true,"href":"https:\/\/www.europesays.com\/es\/wp-json\/wp\/v2\/categories?post=128748"},{"taxonomy":"post_tag","embeddable":true,"href":"https:\/\/www.europesays.com\/es\/wp-json\/wp\/v2\/tags?post=128748"}],"curies":[{"name":"wp","href":"https:\/\/api.w.org\/{rel}","templated":true}]}}