{"id":128774,"date":"2025-09-21T04:14:08","date_gmt":"2025-09-21T04:14:08","guid":{"rendered":"https:\/\/www.europesays.com\/es\/128774\/"},"modified":"2025-09-21T04:14:08","modified_gmt":"2025-09-21T04:14:08","slug":"la-masacre-de-gaza-reorienta-toda-la-politica-espana","status":"publish","type":"post","link":"https:\/\/www.europesays.com\/es\/128774\/","title":{"rendered":"La masacre de Gaza reorienta toda la pol\u00edtica | Espa\u00f1a"},"content":{"rendered":"<p class=\"\">La pol\u00edtica espa\u00f1ola y la internacional han dado un giro muy relevante en las \u00faltimas semanas, a la vuelta del verano. La <a href=\"https:\/\/elpais.com\/noticias\/franja-gaza\/\" target=\"_self\" rel=\"nofollow noopener\" title=\"https:\/\/elpais.com\/noticias\/franja-gaza\/\">masacre de Gaza, <\/a>que empeora cada d\u00eda, con una brutal ofensiva ordenada por Benjamin Netanyahu contra una capital de la Franja en la que a\u00fan quedan 600.000 personas, ha reorientado toda la agenda, no solo en Espa\u00f1a sino tambi\u00e9n en casi todos los pa\u00edses europeos. Todo indica que la situaci\u00f3n se agravar\u00e1 en las pr\u00f3ximas semanas, y con ello la indignaci\u00f3n de millones de personas que presionan a sus respectivos gobiernos para que hagan algo para frenarlo. Por eso es tan relevante la posici\u00f3n de cada partido en este momento.<\/p>\n<p class=\"\">En el Ejecutivo ven cada vez m\u00e1s claro que la realidad le da la raz\u00f3n a Pedro S\u00e1nchez, quien apost\u00f3 por ir m\u00e1s lejos que nadie en Europa en este asunto <a href=\"https:\/\/elpais.com\/internacional\/2023-11-23\/sanchez-al-presidente-de-israel-la-respuesta-a-los-atentados-no-puede-implicar-la-muerte-de-miles-de-ninos.html\" target=\"_self\" rel=\"nofollow noopener\" title=\"https:\/\/elpais.com\/internacional\/2023-11-23\/sanchez-al-presidente-de-israel-la-respuesta-a-los-atentados-no-puede-implicar-la-muerte-de-miles-de-ninos.html\">desde el primer momento<\/a>, y tuvo por ello tensiones diplom\u00e1ticas graves con Israel, pero tambi\u00e9n muchas cr\u00edticas de la oposici\u00f3n en Espa\u00f1a.<\/p>\n<p class=\"\">Cada vez m\u00e1s pa\u00edses europeos reconocer\u00e1n a Palestina. Francia dar\u00e1 definitivamente este lunes el paso que Espa\u00f1a ya dio en mayo de 2024 y arrastrar\u00e1 a muchos otros, con lo que se llegar\u00e1 a 156 pa\u00edses de 193 en la posici\u00f3n en la que est\u00e1 Madrid. Mientras en Espa\u00f1a el PP sigue dudando, varios pa\u00edses europeos en manos de aliados de los populares, como la vecina Portugal, han decidido dar el paso esta semana, al tiempo que se celebra la Asamblea General de Naciones Unidas en Nueva York. Tambi\u00e9n lo har\u00e1n Reino Unido, Canad\u00e1, Australia, B\u00e9lgica, Luxemburgo, Malta, Andorra o San Marino. Un gesto claro y masivo de presi\u00f3n a Netanyahu.<\/p>\n<p class=\"\">Es un goteo constante, en el que solo resisten de momento Alemania e Italia, cuya primera ministra, Giorgia Meloni, tiene mucha presi\u00f3n social en un pa\u00eds con una opini\u00f3n p\u00fablica en este asunto similar a la espa\u00f1ola. De hecho, la flotilla que parti\u00f3 de Barcelona para ayudar a Gaza, y que esta semana deber\u00eda intentar llegar a sus costas, tiene una importante presencia de italianos. La flotilla tambi\u00e9n tendr\u00e1 mucho protagonismo en una semana donde Gaza, la Asamblea General de la ONU y el escenario internacional marcar\u00e1n todo y obligar\u00e1n a todos los pol\u00edticos a retratarse.<\/p>\n<p class=\"\">S\u00e1nchez viaja as\u00ed a Nueva York convencido de estar \u201cen el lado correcto de la historia\u201d, como suele repetir, y tambi\u00e9n de que el PP se ha equivocado radicalmente en este asunto en el que Alberto N\u00fa\u00f1ez Feij\u00f3o titubea presionado por las dos almas de su partido,<a href=\"https:\/\/elpais.com\/espana\/2025-09-19\/aznar-y-feijoo-sortean-sus-fisuras-sobre-gaza-y-acusan-a-sanchez-de-explotar-en-beneficio-propio-la-violencia.html\" target=\"_self\" rel=\"nofollow noopener\" title=\"https:\/\/elpais.com\/espana\/2025-09-19\/aznar-y-feijoo-sortean-sus-fisuras-sobre-gaza-y-acusan-a-sanchez-de-explotar-en-beneficio-propio-la-violencia.html\"> a un lado Jos\u00e9 Mar\u00eda Aznar e Isabel D\u00edaz Ayuso,<\/a> claramente alineados con Netanyahu, y al otro varios barones cada vez m\u00e1s escandalizados con la matanza de ni\u00f1os en Gaza que ven a diario millones de espa\u00f1oles, como la extreme\u00f1a Mar\u00eda Guardiola, que ha sido muy clara. <\/p>\n<p class=\"\">El presidente del Gobierno se encuentra cada vez m\u00e1s c\u00f3modo en un terreno de juego que ha sido siempre el que mejor ha dominado: la pol\u00edtica internacional. Y en La Moncloa creen que el Ejecutivo, despu\u00e9s de un mes de junio en el que muchos pensaron que iba a caer por el <a href=\"https:\/\/elpais.com\/espana\/2025-09-18\/el-supremo-mantiene-en-prision-a-cerdan-al-persistir-el-riesgo-de-destruccion-de-pruebas.html\" target=\"_self\" rel=\"nofollow noopener\" title=\"https:\/\/elpais.com\/espana\/2025-09-18\/el-supremo-mantiene-en-prision-a-cerdan-al-persistir-el-riesgo-de-destruccion-de-pruebas.html\">caso Cerd\u00e1n,<\/a> ha recuperado la iniciativa pol\u00edtica frente a un PP que no sabe moverse en un campo que nunca fue la especialidad de Feij\u00f3o. Un ministro opina que esto dibuja una realidad de fondo: \u201cEn cuanto se habla de contenido y de cuestiones relevantes como Gaza, y no de S\u00e1nchez s\u00ed o S\u00e1nchez no como si fuera un partido de f\u00fatbol, la oposici\u00f3n naufraga. Porque se han quedado en el antisanchismo y no tienen posici\u00f3n sobre casi nada. Esto no se hace en dos d\u00edas\u201d. <\/p>\n<p class=\"\">\u201cPara que luego digan que la pol\u00edtica exterior no mueve ni un voto\u201d, ironiza otro miembro del Gobierno. \u201cSi sabes estar donde debes, y demuestras solvencia y una posici\u00f3n coherente, que es la \u00fanica moralmente defendible, esto es, la de hacer todo lo posible para que dejen de morir v\u00edctimas inocentes, los ciudadanos te van a premiar. Esa tonter\u00eda de que a la gente solo le interesa lo que pasa en su pa\u00eds se est\u00e1 demostrando falsa. Nadie puede ser indiferente ante esta tragedia que sucede al otro lado del Mediterr\u00e1neo. Esto est\u00e1 al nivel de la guerra de Irak. Los pol\u00edticos tienen que definirse\u201d, remata. <\/p>\n<p class=\"\">En el PP, por el contrario, admiten que S\u00e1nchez ha podido recuperar iniciativa con una cuesti\u00f3n de pol\u00edtica internacional en la que el Gobierno siempre tiene una gran ventaja, pero aseguran que Feij\u00f3o no est\u00e1 inc\u00f3modo en un punto intermedio entre el Gobierno y Vox. \u201cRepresentamos a esos votantes de Vox que no est\u00e1n de acuerdo con el bombardeo indiscriminado a civiles en Gaza y a esos votantes del PSOE que defienden la causa palestina sin respaldar al presidente cuando induce a algaradas callejeras que acaban con polic\u00edas heridos\u201d, se\u00f1alan en la c\u00fapula del PP, donde insisten en que cuando S\u00e1nchez vuelva de Nueva York, los problemas nacionales seguir\u00e1n desgastando al Ejecutivo. El l\u00edder de los populares, presionado como todos por la opini\u00f3n p\u00fablica que en un 80% rechaza la ofensiva de Netanyahu, ha ido girando y esta semana por primera vez ha hablado de \u201cmasacre\u201d, aunque a\u00fan evita el t\u00e9rmino \u201cgenocidio\u201d.<\/p>\n<p class=\"\">En este contexto, S\u00e1nchez y Jos\u00e9 Manuel Albares, su ministro de Asuntos Exteriores, aprovechar\u00e1n esta semana en la ONU con m\u00faltiples reuniones a todos los niveles, pero especialmente el europeo, para intentar arrastrar al m\u00e1ximo de pa\u00edses posible a la posici\u00f3n que Espa\u00f1a ha marcado desde que estall\u00f3 el conflicto: condena rotunda de Ham\u00e1s, exigencia de la liberaci\u00f3n de los rehenes, pero rechazo tajante a la \u201creacci\u00f3n desproporcionada\u201d de Netanyahu, un t\u00e9rmino que us\u00f3 incluso e canciller alem\u00e1n, el conservador Friedrich Merz, esta semana en La Moncloa<a href=\"https:\/\/elpais.com\/espana\/2025-09-18\/sanchez-y-merz-presionan-juntos-a-netanyahu-pero-discrepan-sobre-el-genocidio-en-gaza.html\" target=\"_self\" rel=\"nofollow noopener\" title=\"https:\/\/elpais.com\/espana\/2025-09-18\/sanchez-y-merz-presionan-juntos-a-netanyahu-pero-discrepan-sobre-el-genocidio-en-gaza.html\"> en una comparecencia con S\u00e1nchez.<\/a><\/p>\n<p class=\"\">La intervenci\u00f3n de Merz, sumada al gesto de Portugal de reconocer a Palestina, deja cada vez menos margen al PP para jugar a posiciones intermedias, y mucho menos a Ayuso y a Aznar en su af\u00e1n de defender a Netanyahu y calificar cualquier cr\u00edtica como antijud\u00eda. Adem\u00e1s, este a\u00f1o el discurso en la ONU lo dar\u00e1 el rey Felipe VI, no S\u00e1nchez. Aunque se est\u00e1 ultimando el texto, que se discute entre La Zarzuela y La Moncloa, es seguro que ser\u00e1 rotundo en la condena a la masacre en Gaza. Tal vez no tanto como la que hace el presidente, que usa la palabra genocidio, pero s\u00ed de forma n\u00edtida, algo que dejar\u00e1 a\u00fan menos espacio para las ambig\u00fcedades del PP. <\/p>\n<p class=\"\">En el Gobierno est\u00e1n sorprendidos por <a href=\"https:\/\/elpais.com\/espana\/2025-09-19\/ayuso-tensiona-al-pp-al-resistirse-a-acatar-a-la-estrategia-de-feijoo-sobre-gaza.html\" target=\"_self\" rel=\"nofollow noopener\" title=\"https:\/\/elpais.com\/espana\/2025-09-19\/ayuso-tensiona-al-pp-al-resistirse-a-acatar-a-la-estrategia-de-feijoo-sobre-gaza.html\">la posici\u00f3n de Feij\u00f3o, pero a\u00fan m\u00e1s con la de Ayuso.<\/a> Un ministro resume la sensaci\u00f3n extendida en el Ejecutivo, donde siempre se sigue de cerca a la presidenta madrile\u00f1a, un referente de la oposici\u00f3n y del antisanchismo: \u201cMiguel \u00c1ngel Rodr\u00edguez [mano derecha de Ayuso] siempre usa la misma t\u00e9cnica. En las curvas nunca frena, acelera. Y nunca retrocede. Le suele funcionar, pero aqu\u00ed, claramente, se han salido de la curva. Ayuso est\u00e1 muy sola en esto. Sus votantes no pueden estar con Netanyahu. Todo el mundo est\u00e1 viendo las mismas im\u00e1genes de este genocidio\u201d. <\/p>\n<p class=\"\">S\u00e1nchez no se limitar\u00e1 a las citas en la ONU, donde la tensi\u00f3n ser\u00e1 m\u00e1xima entre Netanyahu, siempre retador en este foro, o el propio Trump, y la enorme mayor\u00eda de pa\u00edses que defiende la soluci\u00f3n de los dos Estados que el primer ministro israel\u00ed quiere hacer inviable. El plato fuerte ser\u00e1, precisamente, una conferencia en la sede de Naciones Unidas sobre la soluci\u00f3n de los dos Estados, en la que el franc\u00e9s Emmanuel Macron dar\u00e1 el salto de reconocer a Palestina en la ciudad de Trump.<\/p>\n<p class=\"\">El presidente del Gobierno ha organizado, adem\u00e1s, un acto este lunes en la Universidad de Columbia, uno de los grandes referentes acad\u00e9micos de EEUU, s\u00edmbolo de ese mundo del conocimiento, de la intelectualidad y del periodismo de calidad que tanto detesta Trump, <a href=\"https:\/\/elpais.com\/economia\/negocios\/2025-05-21\/trump-torpedea-a-la-elite-universitaria-de-ee-uu.html\" target=\"_self\" rel=\"nofollow noopener\" title=\"https:\/\/elpais.com\/economia\/negocios\/2025-05-21\/trump-torpedea-a-la-elite-universitaria-de-ee-uu.html\">quien est\u00e1 ahogando este y otros centros de \u00e9lite.<\/a> S\u00e1nchez har\u00e1 una charla con alumnos y consolidar\u00e1 as\u00ed su imagen internacional de anti Trump en un momento en el que presidente de EEUU pone en riesgo, precisamente, la libertad de expresi\u00f3n al amenazar con retirar la licencia a los medios que le critiquen. A la vuelta de Estados Unidos, el jefe del Ejecutivo ir\u00e1 a Londres para protagonizar un encuentro de l\u00edderes progresistas, de nuevo con Gaza como gran protagonista. <\/p>\n<p class=\"\">Adem\u00e1s, el Gobierno sigue de cerca el movimiento de la Fiscal\u00eda, con<a href=\"https:\/\/elpais.com\/espana\/2025-09-20\/la-fiscal-dolores-delgado-investigar-los-crimenes-en-gaza-ya-es-en-si-justicia.html\" target=\"_self\" rel=\"nofollow noopener\" title=\"https:\/\/elpais.com\/espana\/2025-09-20\/la-fiscal-dolores-delgado-investigar-los-crimenes-en-gaza-ya-es-en-si-justicia.html\"> la ex ministra Dolores Delgado detr\u00e1s<\/a>, para investigar posibles cr\u00edmenes de lesa humanidad en Gaza. La jurisdicci\u00f3n universal en Espa\u00f1a qued\u00f3 muy limitada despu\u00e9s de varias reformas que hacen casi imposible un nuevo <a href=\"https:\/\/elpais.com\/noticias\/caso-pinochet\/\" target=\"_self\" rel=\"nofollow noopener\" title=\"https:\/\/elpais.com\/noticias\/caso-pinochet\/\">caso Pinochet<\/a>, pero la Fiscal\u00eda s\u00ed puede aportar pruebas relevantes al proceso que se sigue en <a href=\"https:\/\/elpais.com\/noticias\/tpi-tribunal-penal-internacional\/\" target=\"_self\" rel=\"nofollow noopener\" title=\"https:\/\/elpais.com\/noticias\/tpi-tribunal-penal-internacional\/\">el Tribunal Penal Internacional<\/a>. <\/p>\n<p class=\"\">Todos los movimientos caminan en el mismo sentido desde hace casi dos a\u00f1os: convertir a Espa\u00f1a en un referente de la presi\u00f3n contra Netanyahu. El Gobierno de S\u00e1nchez y de Yolanda D\u00edaz cree que, por una vez, Espa\u00f1a no est\u00e1 tan dividida: la enorme mayor\u00eda, incluida buena parte de la derecha, est\u00e1 de acuerdo con hacer todo lo posible para detener la masacre. Y cualquiera que se coloque en otra posici\u00f3n, aventuran en el Ejecutivo, puede perder la conexi\u00f3n con sus votantes.<\/p>\n","protected":false},"excerpt":{"rendered":"La pol\u00edtica espa\u00f1ola y la internacional han dado un giro muy relevante en las \u00faltimas semanas, a la&hellip;\n","protected":false},"author":2,"featured_media":128775,"comment_status":"","ping_status":"","sticky":false,"template":"","format":"standard","meta":{"footnotes":""},"categories":[8],"tags":[6069,41518,13241,17,18,41172,352,25,24,13,14,11439,73,11,3515,74,10318,19,20,9,10,15,16,732,2959,956,23,12,21,22,41519],"class_list":{"0":"post-128774","1":"post","2":"type-post","3":"status-publish","4":"format-standard","5":"has-post-thumbnail","7":"category-espana","8":"tag-alberto-nunez-feijoo","9":"tag-asamblea-general-onu","10":"tag-benjamin-netanyahu","11":"tag-breaking-news","12":"tag-breakingnews","13":"tag-dolores-delgado","14":"tag-donald-trump","15":"tag-es","16":"tag-espana","17":"tag-featured-news","18":"tag-featurednews","19":"tag-felipe-vi","20":"tag-franja-gaza","21":"tag-headlines","22":"tag-isabel-diaz-ayuso","23":"tag-israel","24":"tag-jose-maria-aznar","25":"tag-latest-news","26":"tag-latestnews","27":"tag-news","28":"tag-noticias","29":"tag-noticias-destacadas","30":"tag-noticiasdestacadas","31":"tag-onu","32":"tag-pedro-sanchez","33":"tag-pp","34":"tag-spain","35":"tag-titulares","36":"tag-ultimas-noticias","37":"tag-ultimasnoticias","38":"tag-universidad-de-columbia"},"share_on_mastodon":{"url":"","error":""},"_links":{"self":[{"href":"https:\/\/www.europesays.com\/es\/wp-json\/wp\/v2\/posts\/128774","targetHints":{"allow":["GET"]}}],"collection":[{"href":"https:\/\/www.europesays.com\/es\/wp-json\/wp\/v2\/posts"}],"about":[{"href":"https:\/\/www.europesays.com\/es\/wp-json\/wp\/v2\/types\/post"}],"author":[{"embeddable":true,"href":"https:\/\/www.europesays.com\/es\/wp-json\/wp\/v2\/users\/2"}],"replies":[{"embeddable":true,"href":"https:\/\/www.europesays.com\/es\/wp-json\/wp\/v2\/comments?post=128774"}],"version-history":[{"count":0,"href":"https:\/\/www.europesays.com\/es\/wp-json\/wp\/v2\/posts\/128774\/revisions"}],"wp:featuredmedia":[{"embeddable":true,"href":"https:\/\/www.europesays.com\/es\/wp-json\/wp\/v2\/media\/128775"}],"wp:attachment":[{"href":"https:\/\/www.europesays.com\/es\/wp-json\/wp\/v2\/media?parent=128774"}],"wp:term":[{"taxonomy":"category","embeddable":true,"href":"https:\/\/www.europesays.com\/es\/wp-json\/wp\/v2\/categories?post=128774"},{"taxonomy":"post_tag","embeddable":true,"href":"https:\/\/www.europesays.com\/es\/wp-json\/wp\/v2\/tags?post=128774"}],"curies":[{"name":"wp","href":"https:\/\/api.w.org\/{rel}","templated":true}]}}