{"id":128788,"date":"2025-09-21T04:24:11","date_gmt":"2025-09-21T04:24:11","guid":{"rendered":"https:\/\/www.europesays.com\/es\/128788\/"},"modified":"2025-09-21T04:24:11","modified_gmt":"2025-09-21T04:24:11","slug":"guido-bonini-fue-expulsado-tras-el-alaves","status":"publish","type":"post","link":"https:\/\/www.europesays.com\/es\/128788\/","title":{"rendered":"Guido Bonini fue expulsado tras el Alav\u00e9s"},"content":{"rendered":"<p>El acta refleja el motivo de la tarjeta roja que vio el preparador f\u00edsico sevillista<\/p>\n<p><img fetchpriority=\"high\" class=\"voc-img\" src=\"https:\/\/www.europesays.com\/es\/wp-content\/uploads\/2025\/09\/1501012625-RV59TQIellWgme0S3PzS6hI-1200x840@diario_abc.JPG\" loading=\"eager\" decoding=\"async\" alt=\"Guido Bonini fue expulsado tras el Alav\u00e9s - Sevilla\" width=\"1200\" height=\"840\"\/><\/p>\n<p>EFE  <\/p>\n<p><img decoding=\"async\" class=\"voc-author__img\" src=\"https:\/\/www.europesays.com\/es\/wp-content\/uploads\/2025\/08\/autor-4184-foto-8.jpeg\" alt=\"Candela V\u00e1zquez\"\/><\/p>\n<p class=\"voc-p\" style=\"\">Partido de alta tensi\u00f3n en Mendizorroza. El<strong> Sevilla FC<\/strong> se hizo con tres <a href=\"https:\/\/www.abc.es\/deportes\/orgullodenervion\/noticias-sevilla-fc\/alaves-sevilla-20250920185933-nts.html\" target=\"_self\" data-voc-vtm-id=\"in-text-traffic\" title=\"important\u00edsimos puntos ante el Alav\u00e9s\" data-mrf-link=\"www.abc.es\" rel=\"nofollow noopener\">important\u00edsimos puntos ante el Alav\u00e9s<\/a>, en un duelo electrizante de principio a fin. Y es que, desde primera hora, ambos equipos demostraron que iban a por la victoria a ga\u00f1ote. La tensi\u00f3n sobre el terreno de juego fue creciendo conforme avanz\u00f3 el crono y los de Almeyda terminaron viendo hasta siete tarjetas amarillas. <\/p>\n<p class=\"voc-p\" style=\"\">Adem\u00e1s, el colegiado navarro<strong> Iosu Galech<\/strong> expuls\u00f3 a Guido Bonini, preparador f\u00edsico del Sevilla, tras el final del encuentro. Y es que, tras el pitido final, el conjunto sevillista se acerc\u00f3 a la grada visitante para celebrar la victoria con los aficionados desplazados y tambi\u00e9n con el cuerpo t\u00e9cnico. Algo que no sent\u00f3 bien y se form\u00f3 una peque\u00f1a tangana entre ambos banquillos. <\/p>\n<p class=\"voc-p\" style=\"\">Bonini se intercambi\u00f3 lindezas con varios componentes del cuerpo t\u00e9cnico del Alav\u00e9s y el \u00e1rbitro le mostr\u00f3 r\u00e1pidamente la tarjeta roja. Seg\u00fan el acta arbitral, el motivo de la expulsi\u00f3n <\/p>\n<p class=\"voc-p\" style=\"\">La explicaci\u00f3n de la expulsi\u00f3n de <strong>Guido Bonini<\/strong> en el<strong> Alav\u00e9s &#8211; Sevilla<\/strong> se produjo por: \u00abUna vez finalizado el encuentro y estando a\u00fan en el terreno de juego, por protestar de forma ostensible y voz en grito una de mis decisiones, habiendo sido advertido previamente por mi cuarto \u00e1rbitro\u00bb.<\/p>\n<p class=\"voc-p\" style=\"\">De esta forma, el preparador f\u00edsico del Sevilla se perder\u00e1 el duelo ante el Villarreal del pr\u00f3ximo martes en el S\u00e1nchez-Pizju\u00e1n.<\/p>\n<p>Reportar un error<\/p>\n","protected":false},"excerpt":{"rendered":"El acta refleja el motivo de la tarjeta roja que vio el preparador f\u00edsico sevillista EFE Partido de&hellip;\n","protected":false},"author":2,"featured_media":128789,"comment_status":"","ping_status":"","sticky":false,"template":"","format":"standard","meta":{"footnotes":""},"categories":[268],"tags":[1334,22332,168,25,24,7625,280,282,22331,1171,281,23,167,575],"class_list":{"0":"post-128788","1":"post","2":"type-post","3":"status-publish","4":"format-standard","5":"has-post-thumbnail","7":"category-futbol","8":"tag-alaves","9":"tag-bonini","10":"tag-deportes","11":"tag-es","12":"tag-espana","13":"tag-expulsado","14":"tag-football","15":"tag-futbol","16":"tag-guido","17":"tag-sevilla","18":"tag-soccer","19":"tag-spain","20":"tag-sports","21":"tag-tras"},"share_on_mastodon":{"url":"","error":""},"_links":{"self":[{"href":"https:\/\/www.europesays.com\/es\/wp-json\/wp\/v2\/posts\/128788","targetHints":{"allow":["GET"]}}],"collection":[{"href":"https:\/\/www.europesays.com\/es\/wp-json\/wp\/v2\/posts"}],"about":[{"href":"https:\/\/www.europesays.com\/es\/wp-json\/wp\/v2\/types\/post"}],"author":[{"embeddable":true,"href":"https:\/\/www.europesays.com\/es\/wp-json\/wp\/v2\/users\/2"}],"replies":[{"embeddable":true,"href":"https:\/\/www.europesays.com\/es\/wp-json\/wp\/v2\/comments?post=128788"}],"version-history":[{"count":0,"href":"https:\/\/www.europesays.com\/es\/wp-json\/wp\/v2\/posts\/128788\/revisions"}],"wp:featuredmedia":[{"embeddable":true,"href":"https:\/\/www.europesays.com\/es\/wp-json\/wp\/v2\/media\/128789"}],"wp:attachment":[{"href":"https:\/\/www.europesays.com\/es\/wp-json\/wp\/v2\/media?parent=128788"}],"wp:term":[{"taxonomy":"category","embeddable":true,"href":"https:\/\/www.europesays.com\/es\/wp-json\/wp\/v2\/categories?post=128788"},{"taxonomy":"post_tag","embeddable":true,"href":"https:\/\/www.europesays.com\/es\/wp-json\/wp\/v2\/tags?post=128788"}],"curies":[{"name":"wp","href":"https:\/\/api.w.org\/{rel}","templated":true}]}}