{"id":128806,"date":"2025-09-21T04:36:13","date_gmt":"2025-09-21T04:36:13","guid":{"rendered":"https:\/\/www.europesays.com\/es\/128806\/"},"modified":"2025-09-21T04:36:13","modified_gmt":"2025-09-21T04:36:13","slug":"los-ucranios-que-se-niegan-a-ir-a-morir-al-frente-internacional","status":"publish","type":"post","link":"https:\/\/www.europesays.com\/es\/128806\/","title":{"rendered":"Los ucranios que se niegan a ir a morir al frente | Internacional"},"content":{"rendered":"<p class=\"\">Las autoridades de Ucrania han difundido esta semana la foto de la detenci\u00f3n el 3 de septiembre de Artur Rudko, un conocido deportista exguardameta de los dos <a href=\"https:\/\/elpais.com\/deportes\/2022-08-23\/el-futbol-revive-en-ucrania-a-puerta-cerrada.html\" target=\"_self\" rel=\"nofollow noopener\" title=\"https:\/\/elpais.com\/deportes\/2022-08-23\/el-futbol-revive-en-ucrania-a-puerta-cerrada.html\">principales equipos de f\u00fatbol del pa\u00eds<\/a>, el D\u00ednamo de Kiev y el Shakhtar Donetsk. En la imagen aparece junto a otros tres hombres en el momento de ser interceptado por agentes fronterizos que impidieron que huyera del pa\u00eds para no servir en el ej\u00e9rcito. Pese a la imperiosa necesidad de efectivos, las autoridades alertan de que hay en torno a 1,5 millones de hombres en edad de ser reclutados \u2014de 25 a 60 a\u00f1os, sin eximentes de salud, profesionales o familiares\u2014 que siguen escabull\u00e9ndose. <a href=\"https:\/\/elpais.com\/internacional\/2025-03-03\/ucrania-busca-miles-de-nuevos-reclutas-incluso-de-18-anos-para-su-cuarto-ano-de-resistencia-frente-a-rusia.html\" target=\"_self\" rel=\"nofollow noopener\" title=\"https:\/\/elpais.com\/internacional\/2025-03-03\/ucrania-busca-miles-de-nuevos-reclutas-incluso-de-18-anos-para-su-cuarto-ano-de-resistencia-frente-a-rusia.html\">Ucrania necesita unos 300.000 soldados<\/a> para reponer unas brigadas que combaten a medio gas y exhaustas, que en algunos casos disponen solo del 30% de los recursos humanos necesarios, seg\u00fan un informe del <a href=\"https:\/\/www.osw.waw.pl\/en\/publikacje\/osw-commentary\/2025-03-14\/army-a-crossroads-mobilisation-and-organisational-crisis\" target=\"_self\" rel=\"nofollow noopener\" title=\"https:\/\/www.osw.waw.pl\/en\/publikacje\/osw-commentary\/2025-03-14\/army-a-crossroads-mobilisation-and-organisational-crisis\">centro de an\u00e1lisis OSW de Polonia<\/a>.<\/p>\n<p class=\"\">EL PA\u00cdS ha entrevistado a tres de los que se niegan a servir en el ej\u00e9rcito, cuyos motivos y testimonios aparecen en este reportaje sin su nombre real ni ning\u00fan dato que pueda identificarles, por motivos de seguridad. Con cierto cargo de conciencia, comprenden que los que combaten en las trincheras les acusen de falta de patriotismo o de ser responsables de que no se pueda poner fin a la invasi\u00f3n rusa, pero, a la vez, desde esa misma l\u00ednea del frente les llegan historias horribles y recomendaciones para que hagan todo lo posible por evitar el alistamiento. Ni el Gobierno ni el ej\u00e9rcito informan del n\u00famero oficial de v\u00edctimas, muertos o heridos, pero los entrevistados, en contacto con la realidad, esgrimen sin dudar un primer argumento para justificar su vida al margen de la ley: \u201cMiedo a morir\u201d.<\/p>\n<p class=\"\">Muy pocos pronosticaban que la gran invasi\u00f3n rusa desatada en febrero de 2022 iba a derivar en un <a href=\"https:\/\/elpais.com\/internacional\/2025-09-19\/la-guerra-arrincona-a-ancianos-y-pacientes-cronicos-en-ucrania.html\" target=\"_self\" rel=\"nofollow noopener\" title=\"https:\/\/elpais.com\/internacional\/2025-09-19\/la-guerra-arrincona-a-ancianos-y-pacientes-cronicos-en-ucrania.html\">conflicto armado que, 43 meses despu\u00e9s \u2014m\u00e1s de tres a\u00f1os y medio<\/a>\u2014 iba a estar empantanado en medio de una sangr\u00eda cotidiana de cientos de miles de muertos. Aquel ardor guerrero que llev\u00f3 a los ucranios a ponerse a la cola para recibir un fusil, para ser adiestrado, para vestir el uniforme y plantarse raudo en el frente, se ha ido desinflando en este tiempo. As\u00ed se desprende de las respuestas de los entrevistados. Algunos a punto estuvieron de dar el paso.<\/p>\n<p class=\"\">Taras, de 30 a\u00f1os, rememora una adolescencia en medio de pel\u00edculas b\u00e9licas rusas e im\u00e1genes de televisi\u00f3n que le inocularon cierto fervor militar. \u201cMolaba ser soldado\u201d, ese \u201cchute de masculinidad\u201d, explica mirando hacia atr\u00e1s en el tiempo. Incluso en 2022 pens\u00f3 en dar el paso, pero su novia y el resto de su familia lo acabaron frenando. Entonces, como una especie de narc\u00f3tico, eligi\u00f3 suplir el vestir de camuflaje por donaciones mensuales a distintas brigadas del ej\u00e9rcito. Entregaba entre 100 y 200 d\u00f3lares que restaba a su sueldo como empleado en una empresa que trabaja con acciones de la bolsa de Ucrania. \u201cQuer\u00eda ser \u00fatil de esta forma\u201d, recalca. Estuvo donando hasta que, a mediados de 2024, emprendi\u00f3 el proyecto de nueva casa con su pareja.<\/p>\n<p>Intentos de huida<\/p>\n<p class=\"\">Detr\u00e1s de este fen\u00f3meno de la falta de <a href=\"https:\/\/elpais.com\/internacional\/2025-07-08\/rusia-inicia-una-ofensiva-de-bombardeos-contra-centros-de-reclutamiento-de-ucrania.html\" target=\"_self\" rel=\"nofollow noopener\" title=\"https:\/\/elpais.com\/internacional\/2025-07-08\/rusia-inicia-una-ofensiva-de-bombardeos-contra-centros-de-reclutamiento-de-ucrania.html\">candidatos voluntarios<\/a> no solo se atisba la incertidumbre del final de la guerra, sino una creciente desconfianza en un sistema poco eficiente y corro\u00eddo por los altos niveles de corrupci\u00f3n, que muchos aprovechan para escaquearse y dejar a otros al frente de la responsabilidad de defender al pa\u00eds. El guardameta Rudko ya hab\u00eda sido detenido el mes pasado y tuvo que pagar una multa antes de ser trasladado a un centro de instrucci\u00f3n, pero aprovech\u00f3 un permiso para tratar de escapar, a\u00f1aden medios locales. Tanto \u00e9l como los otros arrestados en los montes fronterizos habr\u00edan pagado 8.000 d\u00f3lares (6.800 euros) por cabeza para salir del pa\u00eds de manera irregular. El deportista, que hace menos de dos a\u00f1os se enfrentaba con el Shakhtar Donetsk al F. C. Barcelona en Champions, ya se encuentra de nuevo luciendo el uniforme y entrenando para recibir destino.<\/p>\n<p class=\"\">\u201cSi me quito las lentillas estoy casi ciego\u201d, asegura Sasha, un programador de 30 a\u00f1os, que, pese a los reconocimientos m\u00e9dicos, no es capaz de que le certifiquen que su miop\u00eda le excluye de ir a filas. M\u00e1s all\u00e1 de ese engorro burocr\u00e1tico que lo mantiene en una espiral de desconfianza con el sistema, reconoce que, en la situaci\u00f3n actual, de ninguna manera ir\u00eda de forma voluntaria al frente. \u201cEn 2022 ten\u00edamos una gran motivaci\u00f3n por salvar Ucrania de la invasi\u00f3n rusa. <a href=\"https:\/\/elpais.com\/internacional\/2024-01-15\/se-busca-soldado-en-ucrania-envie-su-curriculo-a-esta-direccion-y-le-llamaremos.html\" target=\"_self\" rel=\"nofollow noopener\" title=\"https:\/\/elpais.com\/internacional\/2024-01-15\/se-busca-soldado-en-ucrania-envie-su-curriculo-a-esta-direccion-y-le-llamaremos.html\">Todos quer\u00edamos hacer algo por nuestro pa\u00eds<\/a>\u201d, comenta.<\/p>\n<p class=\"\">Tras este tiempo, \u201cno nos ha llegado ni una sola historia positiva por parte de los que se encuentran alistados. Solo nos llega mierda\u201d, interviene Julia, la pareja de Sasha, a la orilla de un r\u00edo donde viven, a varias horas de Kiev, la capital. Hastiada, insiste en que ni siquiera dan con los responsables de reconocer la inhabilitaci\u00f3n y que, por eso, Sasha ha de vivir escondido. \u201cTengo miedo de ir incluso al centro del pueblo. Es peligroso. Solo voy a veces a la tienda pasadas las ocho de la tarde\u201d, detalla.<\/p>\n<p class=\"\">Las autoridades tratan de empujar a los hombres a las Fuerzas Armadas por medio de un sistema de reclutamiento cada vez m\u00e1s conflictivo que en no pocas ocasiones ha despertado la ira popular, como reflejan las redes sociales y los medios de comunicaci\u00f3n. Se trata de <a href=\"https:\/\/elpais.com\/internacional\/2024-05-12\/un-dia-con-una-patrulla-de-reclutamiento-el-trabajo-mas-impopular-en-ucrania.html\" target=\"_self\" rel=\"nofollow noopener\" title=\"https:\/\/elpais.com\/internacional\/2024-05-12\/un-dia-con-una-patrulla-de-reclutamiento-el-trabajo-mas-impopular-en-ucrania.html\">las patrullas de reclutamiento del TCK (seg\u00fan sus siglas en ucranio)<\/a>, que peinan el territorio tanto en la esfera rural como en la urbana, obligando a los ciudadanos a acudir al ej\u00e9rcito. A eso se unen los cientos de miles que se fugan al extranjero o los que acaban abandonando por diversos motivos el uniforme. Taras se\u00f1ala que ante el TCK se siente \u201ccomo un perro en constante huida\u201d. \u201cNo puedo moverme. Apenas paso tiempo fuera de casa. Vivo oculto\u201d, agrega.<\/p>\n<p class=\"\">Mikola, de 28 a\u00f1os, trabaja de peluquero, es perfectamente \u00fatil y se arriesga cada d\u00eda para acudir a su trabajo confiado en no caer en los controles. Solo dos veces le ha parado la polic\u00eda, pero iban sin integrantes del TCK y se libr\u00f3 de ser detenido, cuenta mientras da caladas al v\u00e1per. Afirma que ama a su pa\u00eds, pero, a la vez, reconoce que si pudiera se habr\u00eda ido al extranjero. \u201cLos que est\u00e1n en el frente pueden pensar que no soy un patriota, pero los amigos que tengo en el ej\u00e9rcito entienden mi postura\u201d, resume. Sasha y Taras guardan silencio al ser preguntados al respecto y tambi\u00e9n aceptan las cr\u00edticas y el malestar que pueda generar su postura. Sasha relata el caso de un compa\u00f1ero de universidad que ha acabado trabajando en el TCK y que en el grupo de WhatsApp afirm\u00f3 que la mitad de sus contactos del m\u00f3vil est\u00e1n ya muertos.<\/p>\n<p class=\"\">En el frente, los mandos han de hacer de psic\u00f3logos y hasta de animadores para tratar de obligar a aguantar a unos hombres que acumulan meses sin despegarse de su posici\u00f3n. Es la \u00fanica manera de <a href=\"https:\/\/elpais.com\/internacional\/2024-03-30\/sueldos-creditos-y-puestos-a-medida-las-brigadas-del-ejercito-ucranio-compiten-para-reclutar-soldados.html\" target=\"_self\" rel=\"nofollow noopener\" title=\"https:\/\/elpais.com\/internacional\/2024-03-30\/sueldos-creditos-y-puestos-a-medida-las-brigadas-del-ejercito-ucranio-compiten-para-reclutar-soldados.html\">afrontar la falta de efectivos<\/a> imposible de paliar con las ayudas que llegan desde el extranjero en forma de dinero, armamento y de algunos mercenarios. Pese a todo, el n\u00famero de deserciones \u2014que lastra todav\u00eda m\u00e1s al ej\u00e9rcito\u2014 alcanza hasta el 10%, seg\u00fan algunos medios locales. Todo ello eleva el grado de ego\u00edsmo con el que es visto que cientos de miles de ucranios se nieguen a unirse al combate. \u201cMe sentir\u00eda culpable delante de un amputado\u201d, sostiene Taras, que, en el fondo, cree que lo que est\u00e1 haciendo por su pa\u00eds \u201cno es suficiente\u201d. <\/p>\n<p class=\"\">Roman Kostenko, reconocido militar y secretario del Comit\u00e9 de Seguridad Nacional, Defensa e Inteligencia en el Parlamento, ha de lidiar con el problema de la falta de soldados. \u00c9l mismo reconoci\u00f3 en julio que, pese a los 30.000 intentos de reclutamiento mensuales, afrontan ese agujero de 1,5 millones de <a href=\"https:\/\/elpais.com\/internacional\/2024-04-14\/los-civiles-ucranios-se-resisten-a-luchar-en-primera-linea.html\" target=\"_self\" rel=\"nofollow noopener\" title=\"https:\/\/elpais.com\/internacional\/2024-04-14\/los-civiles-ucranios-se-resisten-a-luchar-en-primera-linea.html\">hombres que no cumplen con su obligaci\u00f3n<\/a>. En medio de la pol\u00e9mica, trata de defender las patrullas del TCK, \u201cel \u00fanico organismo que en estos momentos dota de personal a nuestras Fuerzas Armadas\u201d.<\/p>\n<p class=\"\">Frente al caso de Artur Rudko, de manera cotidiana salen a la luz historias de otros deportistas, cantantes, escritores o empresarios de prestigio que activamente forman parte del ej\u00e9rcito. O formaban, porque algunos han muerto y, pese a haber sido enterrados como h\u00e9roes, forman ya parte del tr\u00e1gico imaginario colectivo de la contienda. \u201cSoy realista. La vida es m\u00e1s importante que el territorio. Lograr recuperar lo ocupado por los rusos va a costar muchos muertos m\u00e1s\u201d, concluye consciente de la cruda realidad Mikola, el peluquero, refiri\u00e9ndose al intento impulsado por el presidente de Estados Unidos, Donald Trump, para que <a href=\"https:\/\/elpais.com\/internacional\/2025-08-18\/ucrania-avisa-de-que-la-renuncia-a-donbas-y-a-crimea-requeriria-reformas-constitucionales-casi-imposibles.html\" target=\"_self\" rel=\"nofollow noopener\" title=\"https:\/\/elpais.com\/internacional\/2025-08-18\/ucrania-avisa-de-que-la-renuncia-a-donbas-y-a-crimea-requeriria-reformas-constitucionales-casi-imposibles.html\">Kiev acepte entregar a Mosc\u00fa las regiones invadidas<\/a>. Para Taras, el porcentaje de probabilidades de que Ucrania vuelva a gobernar sobre ese 20% del pa\u00eds que se encuentra en manos rusas es del 1%.<\/p>\n","protected":false},"excerpt":{"rendered":"Las autoridades de Ucrania han difundido esta semana la foto de la detenci\u00f3n el 3 de septiembre de&hellip;\n","protected":false},"author":2,"featured_media":128807,"comment_status":"","ping_status":"","sticky":false,"template":"","format":"standard","meta":{"footnotes":""},"categories":[42],"tags":[8738,17,18,70,71,72,700,13,14,69,7082,11,61,62,63,64,19,20,9,10,15,16,1613,1614,12,7081,21,22,1617,65,66,67],"class_list":{"0":"post-128806","1":"post","2":"type-post","3":"status-publish","4":"format-standard","5":"has-post-thumbnail","7":"category-internacional","8":"tag-ataques-militares","9":"tag-breaking-news","10":"tag-breakingnews","11":"tag-conflictos","12":"tag-conflictos-armados","13":"tag-conflictos-internacionales","14":"tag-europa","15":"tag-featured-news","16":"tag-featurednews","17":"tag-guerra","18":"tag-guerra-de-rusia-en-ucrania","19":"tag-headlines","20":"tag-internacional","21":"tag-international","22":"tag-international-news","23":"tag-internationalnews","24":"tag-latest-news","25":"tag-latestnews","26":"tag-news","27":"tag-noticias","28":"tag-noticias-destacadas","29":"tag-noticiasdestacadas","30":"tag-otan","31":"tag-rusia","32":"tag-titulares","33":"tag-ucrania","34":"tag-ultimas-noticias","35":"tag-ultimasnoticias","36":"tag-union-europea","37":"tag-world","38":"tag-world-news","39":"tag-worldnews"},"share_on_mastodon":{"url":"","error":""},"_links":{"self":[{"href":"https:\/\/www.europesays.com\/es\/wp-json\/wp\/v2\/posts\/128806","targetHints":{"allow":["GET"]}}],"collection":[{"href":"https:\/\/www.europesays.com\/es\/wp-json\/wp\/v2\/posts"}],"about":[{"href":"https:\/\/www.europesays.com\/es\/wp-json\/wp\/v2\/types\/post"}],"author":[{"embeddable":true,"href":"https:\/\/www.europesays.com\/es\/wp-json\/wp\/v2\/users\/2"}],"replies":[{"embeddable":true,"href":"https:\/\/www.europesays.com\/es\/wp-json\/wp\/v2\/comments?post=128806"}],"version-history":[{"count":0,"href":"https:\/\/www.europesays.com\/es\/wp-json\/wp\/v2\/posts\/128806\/revisions"}],"wp:featuredmedia":[{"embeddable":true,"href":"https:\/\/www.europesays.com\/es\/wp-json\/wp\/v2\/media\/128807"}],"wp:attachment":[{"href":"https:\/\/www.europesays.com\/es\/wp-json\/wp\/v2\/media?parent=128806"}],"wp:term":[{"taxonomy":"category","embeddable":true,"href":"https:\/\/www.europesays.com\/es\/wp-json\/wp\/v2\/categories?post=128806"},{"taxonomy":"post_tag","embeddable":true,"href":"https:\/\/www.europesays.com\/es\/wp-json\/wp\/v2\/tags?post=128806"}],"curies":[{"name":"wp","href":"https:\/\/api.w.org\/{rel}","templated":true}]}}