{"id":128810,"date":"2025-09-21T04:38:09","date_gmt":"2025-09-21T04:38:09","guid":{"rendered":"https:\/\/www.europesays.com\/es\/128810\/"},"modified":"2025-09-21T04:38:09","modified_gmt":"2025-09-21T04:38:09","slug":"la-guerra-de-gaza-al-minuto","status":"publish","type":"post","link":"https:\/\/www.europesays.com\/es\/128810\/","title":{"rendered":"La Guerra de Gaza, al minuto"},"content":{"rendered":"<p class=\"ft-text\">Unas 71 personas murieron por ataques del Ej\u00e9rcito israel\u00ed a lo largo de este s\u00e1bado en la Franja de Gaza, la mayor\u00eda en la ciudad de Gaza, seg\u00fan el recuento de fallecidos recopilado en las morgues de los hospitales por informadores gazat\u00edes y compartido en una plataforma conjunta.<\/p>\n<p class=\"ft-text\">Del total, 57 personas murieron en la ciudad de Gaza (norte), sometida a violentos bombardeos y una ofensiva terrestre en expansi\u00f3n del Ej\u00e9rcito israel\u00ed. Unos 27 cad\u00e1veres llegaron a la morgue del Hospital Shifa, 28 a la del Hospital Bautista Al Ahli, uno al Jordano (de campa\u00f1a) y otro al Hospital Quds del barrio de Tal al Hawa.<\/p>\n<p class=\"ft-text\">El recuento de los periodistas en las morgues registr\u00f3 tambi\u00e9n tres muertos en el centro de Gaza y once en el sur.<\/p>\n<p class=\"ft-text\">\u00abEstamos viviendo los momentos m\u00e1s dif\u00edciles desde el inicio de la guerra\u00bb, alert\u00f3 el Hospital Bautista Al Ahli en un comunicado por la ma\u00f1ana, siendo el \u00fanico centro a\u00fan en funcionamiento, aunque parcial, en el este de la capital gazat\u00ed, la zona m\u00e1s pr\u00f3xima a la expansi\u00f3n de las tropas.<\/p>\n<p class=\"ft-text\">El centro advirti\u00f3 que apenas tiene suministros para atender a sus pacientes, as\u00ed como que la mayor\u00eda de m\u00e9dicos en la zona han huido de la capital a ra\u00edz de la operaci\u00f3n israel\u00ed.<\/p>\n","protected":false},"excerpt":{"rendered":"Unas 71 personas murieron por ataques del Ej\u00e9rcito israel\u00ed a lo largo de este s\u00e1bado en la Franja&hellip;\n","protected":false},"author":2,"featured_media":128811,"comment_status":"","ping_status":"","sticky":false,"template":"","format":"standard","meta":{"footnotes":""},"categories":[5],"tags":[41527,17,18,12495,115,25,24,13,14,1256,694,69,75,11,315,3137,74,19,20,9,10,15,16,23,12,41526,21,22],"class_list":{"0":"post-128810","1":"post","2":"type-post","3":"status-publish","4":"format-standard","5":"has-post-thumbnail","7":"category-titulares","8":"tag-binyamin-netanyahu","9":"tag-breaking-news","10":"tag-breakingnews","11":"tag-conflicto-israel-palestina","12":"tag-eeuu","13":"tag-es","14":"tag-espana","15":"tag-featured-news","16":"tag-featurednews","17":"tag-franja-de-gaza","18":"tag-gaza","19":"tag-guerra","20":"tag-hamas","21":"tag-headlines","22":"tag-hoy","23":"tag-iran","24":"tag-israel","25":"tag-latest-news","26":"tag-latestnews","27":"tag-news","28":"tag-noticias","29":"tag-noticias-destacadas","30":"tag-noticiasdestacadas","31":"tag-spain","32":"tag-titulares","33":"tag-ultima-hora-directo","34":"tag-ultimas-noticias","35":"tag-ultimasnoticias"},"share_on_mastodon":{"url":"","error":""},"_links":{"self":[{"href":"https:\/\/www.europesays.com\/es\/wp-json\/wp\/v2\/posts\/128810","targetHints":{"allow":["GET"]}}],"collection":[{"href":"https:\/\/www.europesays.com\/es\/wp-json\/wp\/v2\/posts"}],"about":[{"href":"https:\/\/www.europesays.com\/es\/wp-json\/wp\/v2\/types\/post"}],"author":[{"embeddable":true,"href":"https:\/\/www.europesays.com\/es\/wp-json\/wp\/v2\/users\/2"}],"replies":[{"embeddable":true,"href":"https:\/\/www.europesays.com\/es\/wp-json\/wp\/v2\/comments?post=128810"}],"version-history":[{"count":0,"href":"https:\/\/www.europesays.com\/es\/wp-json\/wp\/v2\/posts\/128810\/revisions"}],"wp:featuredmedia":[{"embeddable":true,"href":"https:\/\/www.europesays.com\/es\/wp-json\/wp\/v2\/media\/128811"}],"wp:attachment":[{"href":"https:\/\/www.europesays.com\/es\/wp-json\/wp\/v2\/media?parent=128810"}],"wp:term":[{"taxonomy":"category","embeddable":true,"href":"https:\/\/www.europesays.com\/es\/wp-json\/wp\/v2\/categories?post=128810"},{"taxonomy":"post_tag","embeddable":true,"href":"https:\/\/www.europesays.com\/es\/wp-json\/wp\/v2\/tags?post=128810"}],"curies":[{"name":"wp","href":"https:\/\/api.w.org\/{rel}","templated":true}]}}