{"id":128812,"date":"2025-09-21T04:39:35","date_gmt":"2025-09-21T04:39:35","guid":{"rendered":"https:\/\/www.europesays.com\/es\/128812\/"},"modified":"2025-09-21T04:39:35","modified_gmt":"2025-09-21T04:39:35","slug":"pleno-de-las-guerreras-ante-eslovaquia","status":"publish","type":"post","link":"https:\/\/www.europesays.com\/es\/128812\/","title":{"rendered":"Pleno de las Guerreras ante Eslovaquia"},"content":{"rendered":"<p>\t\t\t\t\t<strong>\u270d\ud83c\udffc Cr\u00f3nica | Pleno de las Guerreras ante Eslovaquia<\/strong><\/p>\n<p>La <strong>Selecci\u00f3n Absoluta Femenina de Balonmano<\/strong> cerr\u00f3 con \u00e9xito su segundo compromiso de la temporada en el <strong>Trencin Sports Hall<\/strong> al imponerse con claridad por <strong>21-31<\/strong> a <strong>Eslovaquia.<\/strong> Con este resultado, <strong>las Guerreras sellan un doble triunfo<\/strong> que refuerza su <strong>preparaci\u00f3n de cara al Campeonato del Mundo<\/strong> que se disputar\u00e1 entre el 26 de noviembre y el 14 de diciembre en Alemania y Pa\u00edses Bajos.<\/p>\n<p>Tras un <strong>primer tiempo ajustado (12-13)<\/strong>, Espa\u00f1a supo gestionar las dificultades y encontr\u00f3 en la segunda mitad su mejor versi\u00f3n. <strong>Elba \u00c1lvarez<\/strong> lider\u00f3 el ataque con acierto, personalidad y <strong>7 anotaciones<\/strong> para su selecci\u00f3n. El bloque respondi\u00f3 con solvencia, con aportaciones constantes de <strong>Alicia Fern\u00e1ndez, Paula Arcos y Anne Erauskin<\/strong>, y la aparici\u00f3n de la guardameta <strong>Luc\u00eda Prades<\/strong>, que incluso sum\u00f3 dos tantos. La solidez colectiva permiti\u00f3 romper el encuentro y cerrar con una <strong>ventaja de diez goles<\/strong>.<\/p>\n<p>El amistoso dej\u00f3 tambi\u00e9n minutos de calidad para jugadoras j\u00f3venes como <strong>Raquel Mor\u00e9<\/strong>, autora de un tanto en los compases finales, y la confirmaci\u00f3n de la buena aportaci\u00f3n de las debutantes que ya hab\u00edan dejado huella en el primer duelo, donde Espa\u00f1a venci\u00f3 por 25-33.<\/p>\n<p>Con este pleno de victorias,<strong> las Guerreras concluyen una concentraci\u00f3n<\/strong> que ha servido para afinar automatismos, dar confianza a las nuevas incorporaciones y confirmar que <strong>el equipo llega en buena l\u00ednea al tramo final de preparaci\u00f3n mundialista<\/strong>.<\/p>\n<p>\u00a0<\/p>\n<p><strong>AMBROS MART\u00cdN: \u201cNOS VAMOS MUY CONTENTOS DE ESTA PRUEBA\u201d<\/strong><br \/>Al t\u00e9rmino del encuentro, <strong>el seleccionador nacional se mostr\u00f3 muy satisfecho con el rendimiento de las Guerreras<\/strong>: \u201cEstamos bastante contentos porque la respuesta del equipo en dos partidos casi consecutivos ha sido muy positiva. Hemos tenido una salida espectacular, con buenas situaciones defensivas y un contraataque muy r\u00e1pido, aunque la portera rival ha tenido un papel decisivo en que no se ampliara m\u00e1s la diferencia. En la segunda parte supimos mantener e incluso incrementar nuestro nivel, corrigiendo errores tanto en defensa como en ataque, lo que nos permiti\u00f3 llevar la iniciativa hasta el final\u201d.<\/p>\n<p>Mart\u00edn tambi\u00e9n quiso destacar la <strong>aportaci\u00f3n de las m\u00e1s j\u00f3venes<\/strong>: \u201cHay que agradecer el trabajo y la actitud de las jugadoras que debutaban. Han mostrado un estilo diferente, con capacidad de lanzamiento, y nos vamos muy contentos con su rendimiento. La porter\u00eda tambi\u00e9n respondi\u00f3 de manera notable en ambos partidos, lo que es muy positivo\u201d.<\/p>\n<p>Por \u00faltimo, valor\u00f3 el <strong>contexto competitivo<\/strong>: \u201cSupimos adaptarnos a cada situaci\u00f3n, no solo al resultado, y eso es lo que m\u00e1s nos satisface. Cerramos la semana muy contentos y con la esperanza de que las jugadoras mantengan este nivel en sus clubes, de cara a la pr\u00f3xima concentraci\u00f3n en octubre\u201d.<\/p>\n<p>\u00a0<\/p>\n<p>\u00a0<\/p>\n<p><strong><img decoding=\"async\" class=\"emoji\" role=\"img\" draggable=\"false\" src=\"https:\/\/s.w.org\/images\/core\/emoji\/16.0.1\/svg\/1f534.svg\" alt=\"\ud83d\udd34\"\/> Final | 21-31<\/strong><\/p>\n<p>Las Guerreras cierran el segundo amistoso con un contundente <strong>21-31<\/strong> y completan el <strong>doble enfrentamiento ante Eslovaquia con pleno de triunfos<\/strong>. Tras un descanso ajustado (12-13), Espa\u00f1a rompi\u00f3 el partido en la segunda mitad gracias al acierto ofensivo de Elba \u00c1lvarez, la solidez de Alicia Fern\u00e1ndez y el empuje colectivo, mostrando autoridad y dejando grandes sensaciones de cara al pr\u00f3ximo Campeonato del Mundo.<\/p>\n<p><img fetchpriority=\"high\" decoding=\"async\" class=\"wp-image-122629 size-full\" src=\"https:\/\/www.europesays.com\/es\/wp-content\/uploads\/2025\/09\/thumbnail_20250918_SVK_ESP_foto_Radovan_Stoklasa_039.webp.webp\" alt=\"\" width=\"1400\" height=\"400\"  \/>Fotograf\u00eda: <strong>Radovan Stoklasa<\/strong><br \/>\n<strong><img decoding=\"async\" class=\"emoji\" role=\"img\" draggable=\"false\" src=\"https:\/\/s.w.org\/images\/core\/emoji\/16.0.1\/svg\/23f1.svg\" alt=\"\u23f1\ufe0f\"\/> 58\u2032 | 21-30<\/strong><\/p>\n<p><strong>Raquel Mor\u00e9 y Elba \u00c1lvarez<\/strong> anotan en los \u00faltimos compases.<\/p>\n<p><strong><img decoding=\"async\" class=\"emoji\" role=\"img\" draggable=\"false\" src=\"https:\/\/s.w.org\/images\/core\/emoji\/16.0.1\/svg\/23f1.svg\" alt=\"\u23f1\ufe0f\"\/> 56\u2032 | 20-28<\/strong><\/p>\n<p>Tiempo muerto de<strong> Ambros Mart\u00edn<\/strong> para gestionar las \u00faltimas acciones del partido.<\/p>\n<p><strong><img decoding=\"async\" class=\"emoji\" role=\"img\" draggable=\"false\" src=\"https:\/\/s.w.org\/images\/core\/emoji\/16.0.1\/svg\/23f1.svg\" alt=\"\u23f1\ufe0f\"\/> 56\u2032 | 20-28<\/strong><\/p>\n<p>Eslovaquia reduce la distancia a 8 tantos a falta de 4 minutos.<\/p>\n<p><strong><img decoding=\"async\" class=\"emoji\" role=\"img\" draggable=\"false\" src=\"https:\/\/s.w.org\/images\/core\/emoji\/16.0.1\/svg\/23f1.svg\" alt=\"\u23f1\ufe0f\"\/> 53\u2032 | 19-28<\/strong><\/p>\n<p><strong>Barbora Lancz<\/strong> reabre el marcador tras tres minutos sin anotaciones por parte de las dos selecciones.<\/p>\n<p><strong><img decoding=\"async\" class=\"emoji\" role=\"img\" draggable=\"false\" src=\"https:\/\/s.w.org\/images\/core\/emoji\/16.0.1\/svg\/23f1.svg\" alt=\"\u23f1\ufe0f\"\/> 49\u2032 | 18-28<\/strong><\/p>\n<p><strong>Elba \u00c1lvarez<\/strong> se pone al equipo a la espalda y vuelve a anotar.<\/p>\n<p><strong><img decoding=\"async\" class=\"emoji\" role=\"img\" draggable=\"false\" src=\"https:\/\/s.w.org\/images\/core\/emoji\/16.0.1\/svg\/23f1.svg\" alt=\"\u23f1\ufe0f\"\/> 48\u2032 | 18-27<\/strong><\/p>\n<p>Exclusi\u00f3n de 2 minutos para <strong>Anne Erauskin<\/strong> y tiempo muerto solicitado por <strong>Ambros Mart\u00edn<\/strong> de cara a los \u00faltimos 10 minutos.<\/p>\n<p><strong><img decoding=\"async\" class=\"emoji\" role=\"img\" draggable=\"false\" src=\"https:\/\/s.w.org\/images\/core\/emoji\/16.0.1\/svg\/23f1.svg\" alt=\"\u23f1\ufe0f\"\/> 47\u2032 | 18-27<\/strong><\/p>\n<p><strong>Elba \u00c1lvarez<\/strong> vuelve al ruedo con dos goles consecutivos que ponen a Espa\u00f1a 9 tantos por encima.<\/p>\n<p><strong><img decoding=\"async\" class=\"emoji\" role=\"img\" draggable=\"false\" src=\"https:\/\/s.w.org\/images\/core\/emoji\/16.0.1\/svg\/23f1.svg\" alt=\"\u23f1\ufe0f\"\/> 45\u2032 | 17-25<\/strong><\/p>\n<p>7 metros transformados por <strong>Alicia Fern\u00e1ndez<\/strong>.<\/p>\n<p><strong><img decoding=\"async\" class=\"emoji\" role=\"img\" draggable=\"false\" src=\"https:\/\/s.w.org\/images\/core\/emoji\/16.0.1\/svg\/23f1.svg\" alt=\"\u23f1\ufe0f\"\/> 43\u2032 | 16-24<\/strong><\/p>\n<p>La gran Paula Arcos sigue demostrando sus habilidades con un gol m\u00e1s.<\/p>\n<p><strong><img decoding=\"async\" class=\"emoji\" role=\"img\" draggable=\"false\" src=\"https:\/\/s.w.org\/images\/core\/emoji\/16.0.1\/svg\/23f1.svg\" alt=\"\u23f1\ufe0f\"\/> 42\u2032 | 16-23<\/strong><\/p>\n<p>Eslovaquia reacciona con dos tantos seguidos, pero <strong>Alicia Fern\u00e1ndez<\/strong> suma otro que mantiene la ventaja de 6 para las Guerreras.<\/p>\n<p><strong><img decoding=\"async\" class=\"emoji\" role=\"img\" draggable=\"false\" src=\"https:\/\/s.w.org\/images\/core\/emoji\/16.0.1\/svg\/23f1.svg\" alt=\"\u23f1\ufe0f\"\/> 40\u2032 | 14-22<\/strong><\/p>\n<p><strong>Anne Erauskin<\/strong> y <strong>Ester Somaza<\/strong> se suman a la fiesta y contin\u00faan d\u00e1ndole el liderato a su selecci\u00f3n.<\/p>\n<p><strong><img decoding=\"async\" class=\"emoji\" role=\"img\" draggable=\"false\" src=\"https:\/\/s.w.org\/images\/core\/emoji\/16.0.1\/svg\/23f1.svg\" alt=\"\u23f1\ufe0f\"\/> 38\u2032 | 14-20<\/strong><\/p>\n<p>El tiempo muerto les corre en contra, sumando Espa\u00f1a un tanto de<strong> Alicia Fern\u00e1ndez<\/strong> y dos consecutivos de <strong>Lisa Oppedal<\/strong>.<\/p>\n<p><strong><img decoding=\"async\" class=\"emoji\" role=\"img\" draggable=\"false\" src=\"https:\/\/s.w.org\/images\/core\/emoji\/16.0.1\/svg\/23f1.svg\" alt=\"\u23f1\ufe0f\"\/> 36\u2032 | 14-17<\/strong><\/p>\n<p>Eslovaquia pide <strong>tiempo muerto<\/strong> para tratar de corregir errores y volver a acercarse en el marcador.<\/p>\n<p><strong><img decoding=\"async\" class=\"emoji\" role=\"img\" draggable=\"false\" src=\"https:\/\/s.w.org\/images\/core\/emoji\/16.0.1\/svg\/23f1.svg\" alt=\"\u23f1\ufe0f\"\/> 33\u2032 | 13-17<\/strong><\/p>\n<p>No conforme con uno, lleg\u00f3 el segundo de la portera de Super Amara Bera Bera.<\/p>\n<p><strong><img decoding=\"async\" class=\"emoji\" role=\"img\" draggable=\"false\" src=\"https:\/\/s.w.org\/images\/core\/emoji\/16.0.1\/svg\/23f1.svg\" alt=\"\u23f1\ufe0f\"\/> 32\u2032 | 13-16<\/strong><\/p>\n<p>La guardameta <strong>Luc\u00eda Prades<\/strong> anota para poner el m\u00e1s tres y volver a agarrar las riendas del partido.<\/p>\n<p><strong><img decoding=\"async\" class=\"emoji\" role=\"img\" draggable=\"false\" src=\"https:\/\/s.w.org\/images\/core\/emoji\/16.0.1\/svg\/23f1.svg\" alt=\"\u23f1\ufe0f\"\/> 32\u2032 | 13-15<\/strong><\/p>\n<p><strong>Lyndie Tchaptchet<\/strong> y <strong>Paula Arcos<\/strong> estrenan el marcador de la segunda parte para Espa\u00f1a.<\/p>\n<p>\u00a0<\/p>\n<p><strong><img decoding=\"async\" class=\"emoji\" role=\"img\" draggable=\"false\" src=\"https:\/\/s.w.org\/images\/core\/emoji\/16.0.1\/svg\/1f534.svg\" alt=\"\ud83d\udd34\"\/> Descanso | 12-13<\/strong><\/p>\n<p>Espa\u00f1a llega al descanso por delante en el marcador (12-13) tras una primera parte marcada por un arranque intenso y un tramo final m\u00e1s igualado. Las Guerreras comenzaron dominando con un parcial 0-4 en apenas cinco minutos, lideradas por Anne Erauskin, Alicia Fern\u00e1ndez y una inspirada Elba \u00c1lvarez. La reacci\u00f3n eslovaca no tard\u00f3 en llegar, apoyada en los lanzamientos de Barbora Lancz y Vikt\u00f3ria Gy\u0151riov\u00e1, que recortaron distancias y obligaron a Ambros Mart\u00edn a ajustar. En el tramo final, la veteran\u00eda de Ona Vegu\u00e9 desde los siete metros result\u00f3 clave para mantener a Espa\u00f1a con ventaja, pese a la exclusi\u00f3n de Lysa Tchaptchet. Un primer acto de mucha intensidad que deja todo abierto para la segunda mitad.<\/p>\n<p><img loading=\"lazy\" decoding=\"async\" class=\"wp-image-122535 size-full\" src=\"https:\/\/www.europesays.com\/es\/wp-content\/uploads\/2025\/09\/thumbnail_20250918_SVK_ESP_foto_Radovan_Stoklasa_004.webp.webp\" alt=\"\" width=\"1400\" height=\"400\"  \/>Fotograf\u00eda: <strong>Radovan Stoklasa<\/strong><\/p>\n<p><strong><img decoding=\"async\" class=\"emoji\" role=\"img\" draggable=\"false\" src=\"https:\/\/s.w.org\/images\/core\/emoji\/16.0.1\/svg\/23f1.svg\" alt=\"\u23f1\ufe0f\"\/> 28\u2032 | 11-13<\/strong><\/p>\n<p><strong>Ona Vegu\u00e9<\/strong> reaparece desde los 7 metros para colocar el m\u00e1s 2.<\/p>\n<p><strong><img decoding=\"async\" class=\"emoji\" role=\"img\" draggable=\"false\" src=\"https:\/\/s.w.org\/images\/core\/emoji\/16.0.1\/svg\/23f1.svg\" alt=\"\u23f1\ufe0f\"\/> 27\u2032 | 11-12<\/strong><\/p>\n<p><strong>Lysa Tchaptchet<\/strong> es castigada con 2 minutos.<\/p>\n<p><strong><img decoding=\"async\" class=\"emoji\" role=\"img\" draggable=\"false\" src=\"https:\/\/s.w.org\/images\/core\/emoji\/16.0.1\/svg\/23f1.svg\" alt=\"\u23f1\ufe0f\"\/> 27\u2032 | 11-12<\/strong><\/p>\n<p>Adri\u00e1na Holejov\u00e1 empata la contienda a 11, pero <strong>Anne Erauskin<\/strong> responde para poner la ventaja m\u00ednima.<\/p>\n<p><strong><img decoding=\"async\" class=\"emoji\" role=\"img\" draggable=\"false\" src=\"https:\/\/s.w.org\/images\/core\/emoji\/16.0.1\/svg\/23f1.svg\" alt=\"\u23f1\ufe0f\"\/> 24\u2032 | 9-11<\/strong><\/p>\n<p>La veterana <strong>Ona<\/strong><b> Vegu\u00e9\u00a0<\/b>asume las riendas y mantiene al equipo con ventaja.<\/p>\n<p><strong><img decoding=\"async\" class=\"emoji\" role=\"img\" draggable=\"false\" src=\"https:\/\/s.w.org\/images\/core\/emoji\/16.0.1\/svg\/23f1.svg\" alt=\"\u23f1\ufe0f\"\/> 21\u2032 | 8-10<\/strong><\/p>\n<p><b>Ona Vegu\u00e9\u00a0<\/b>anota desde los 7 metros tras la exclusi\u00f3n de Ol\u00edvia \u0160\u010d\u00edpov\u00e1.<\/p>\n<p><strong><img decoding=\"async\" class=\"emoji\" role=\"img\" draggable=\"false\" src=\"https:\/\/s.w.org\/images\/core\/emoji\/16.0.1\/svg\/23f1.svg\" alt=\"\u23f1\ufe0f\"\/> 18\u2032 | 7-9<\/strong><\/p>\n<p><strong>Paula Arcos<\/strong> acata \u00f3rdenes y anota.<\/p>\n<p><strong><img decoding=\"async\" class=\"emoji\" role=\"img\" draggable=\"false\" src=\"https:\/\/s.w.org\/images\/core\/emoji\/16.0.1\/svg\/23f1.svg\" alt=\"\u23f1\ufe0f\"\/> 17\u2032 | 7-8<\/strong><\/p>\n<p>Vikt\u00f3ria Gy\u0151riov\u00e1 coloca a las suyas a un solo tanto y obliga a <strong>Ambros Mart\u00edn<\/strong> a pedir tiempo muerto.<\/p>\n<p><strong><img decoding=\"async\" class=\"emoji\" role=\"img\" draggable=\"false\" src=\"https:\/\/s.w.org\/images\/core\/emoji\/16.0.1\/svg\/23f1.svg\" alt=\"\u23f1\ufe0f\"\/> 17\u2032 | 6-8<\/strong><\/p>\n<p>Otro m\u00e1s de Elba ante una Eslovaquia que responde y demuestra que no se va a rendir f\u00e1cilmente.<\/p>\n<p><strong><img decoding=\"async\" class=\"emoji\" role=\"img\" draggable=\"false\" src=\"https:\/\/s.w.org\/images\/core\/emoji\/16.0.1\/svg\/23f1.svg\" alt=\"\u23f1\ufe0f\"\/> 14\u2032 | 4-7<\/strong><\/p>\n<p><strong>Elba \u00c1lvarez<\/strong> hace de las suyas para sumar otro gol espa\u00f1ol.<\/p>\n<p><strong><img decoding=\"async\" class=\"emoji\" role=\"img\" draggable=\"false\" src=\"https:\/\/s.w.org\/images\/core\/emoji\/16.0.1\/svg\/23f1.svg\" alt=\"\u23f1\ufe0f\"\/> 12\u2032 | 4-6<\/strong><\/p>\n<p><strong>Alicia Fern\u00e1ndez<\/strong> suma su segundo gol, pero <strong>Eslovaquia reacciona con dos anotaciones consecutivas<\/strong> y se coloca a dos tantos de diferencia.<\/p>\n<p><strong><img decoding=\"async\" class=\"emoji\" role=\"img\" draggable=\"false\" src=\"https:\/\/s.w.org\/images\/core\/emoji\/16.0.1\/svg\/23f1.svg\" alt=\"\u23f1\ufe0f\"\/> 10\u2032 | 2-5<\/strong><\/p>\n<p><strong>Barbora Lancz<\/strong> coge las riendas eslovacas y anota el segundo para su cuadro desde los 7 metros.<\/p>\n<p><strong><img decoding=\"async\" class=\"emoji\" role=\"img\" draggable=\"false\" src=\"https:\/\/s.w.org\/images\/core\/emoji\/16.0.1\/svg\/23f1.svg\" alt=\"\u23f1\ufe0f\"\/> 10\u2032 | 1-5<\/strong><\/p>\n<p>Error desde los 7 metros para <strong>Ona Vegu\u00e9<\/strong>.<\/p>\n<p><strong><img decoding=\"async\" class=\"emoji\" role=\"img\" draggable=\"false\" src=\"https:\/\/s.w.org\/images\/core\/emoji\/16.0.1\/svg\/23f1.svg\" alt=\"\u23f1\ufe0f\"\/> 7\u2032 | 1-5<\/strong><\/p>\n<p>Primer tanto rival para Barbora Lancz.<\/p>\n<p><strong><img decoding=\"async\" class=\"emoji\" role=\"img\" draggable=\"false\" src=\"https:\/\/s.w.org\/images\/core\/emoji\/16.0.1\/svg\/23f1.svg\" alt=\"\u23f1\ufe0f\"\/> 6\u2032 | 0-5<\/strong><\/p>\n<p><strong>Lyndie Tchaptchet<\/strong> estrena su marcador personal para seguir distanciando a Espa\u00f1a en el marcador.<\/p>\n<p><strong><img decoding=\"async\" class=\"emoji\" role=\"img\" draggable=\"false\" src=\"https:\/\/s.w.org\/images\/core\/emoji\/16.0.1\/svg\/23f1.svg\" alt=\"\u23f1\ufe0f\"\/> 5\u2032 | 0-4<\/strong><\/p>\n<p>Eslovaquia se ve obligada a pedir tiempo muerto tras el parcial 0-4 que corona <strong>Anne Erauskin<\/strong>. Gran inicio de contienda para las de Ambros Mart\u00edn.<\/p>\n<p><strong><img decoding=\"async\" class=\"emoji\" role=\"img\" draggable=\"false\" src=\"https:\/\/s.w.org\/images\/core\/emoji\/16.0.1\/svg\/23f1.svg\" alt=\"\u23f1\ufe0f\"\/> 3\u2032 | 0-3<\/strong><\/p>\n<p>La primera l\u00ednea espa\u00f1ola no para, esta vez <strong>Ester Somaza<\/strong> pone el m\u00e1s 3.<\/p>\n<p><strong><img decoding=\"async\" class=\"emoji\" role=\"img\" draggable=\"false\" src=\"https:\/\/s.w.org\/images\/core\/emoji\/16.0.1\/svg\/23f1.svg\" alt=\"\u23f1\ufe0f\"\/> 2\u2032 | 0-2<\/strong><\/p>\n<p><strong>Alicia Fern\u00e1ndez<\/strong> le sigue los pasos desde los 7 metros.<\/p>\n<p><strong><img decoding=\"async\" class=\"emoji\" role=\"img\" draggable=\"false\" src=\"https:\/\/s.w.org\/images\/core\/emoji\/16.0.1\/svg\/23f1.svg\" alt=\"\u23f1\ufe0f\"\/>\u00a01\u2032 | 0-1<\/strong><\/p>\n<p><strong>Paula Arcos<\/strong> inaugura el marcador a favor de Espa\u00f1a.<\/p>\n<p><strong><img decoding=\"async\" class=\"emoji\" role=\"img\" draggable=\"false\" src=\"https:\/\/s.w.org\/images\/core\/emoji\/16.0.1\/svg\/1f534.svg\" alt=\"\ud83d\udd34\"\/>\u00a00\u2032 | Inicio<\/strong><\/p>\n<p>Arranca el <strong>segundo amistoso<\/strong> de las Guerreras ante <strong>Eslovaquia<\/strong>.<\/p>\n<p>\u00a0<\/p>\n<p><strong><img decoding=\"async\" class=\"emoji\" role=\"img\" draggable=\"false\" src=\"https:\/\/s.w.org\/images\/core\/emoji\/16.0.1\/svg\/270d-1f3fc.svg\" alt=\"\u270d\ud83c\udffc\"\/>\u00a0Previa |\u00a0Las Guerreras, a por su segunda cita internacional<\/strong><\/p>\n<p>La<strong> Selecci\u00f3n Absoluta de Balonmano Femenino<\/strong> arranc\u00f3 el jueves un <strong>doble amistoso ante de la selecci\u00f3n de Eslovaquia<\/strong> con el objetivo de <strong>preparar el pr\u00f3ximo Campeonato del Mundo<\/strong>, que tendr\u00e1 lugar entre el 26 de noviembre y el 14 de diciembre en Alemania y Pa\u00edses Bajos. Las pupilas de <strong>Ambros Mart\u00edn<\/strong> firmaron un gran inicio de temporada al superar por <strong>25-33<\/strong> a su rival, en un partido marcado por la <strong>intensidad defensiva<\/strong> bajo un sistema de 6:0 y la <strong>r\u00e1pida respuesta ofensiva<\/strong>, que permiti\u00f3 a las Guerreras tomar ventaja r\u00e1pidamente en el electr\u00f3nico. Hoy,<strong> s\u00e1bado 20 de septiembre<\/strong>, volver\u00e1n a encontrarse a las <strong>20:00h.<\/strong> en el \u00a0<strong>Trencin Sports Hall,\u00a0<\/strong>con el objetivo de seguir mejorando como grupo, probando a las nuevas incorporaciones y afinando detalles de cara a los pr\u00f3ximos retos.<\/p>\n<p>El encuentro estuvo marcado por el debut de cuatro jugadoras. Bajo palos, <strong>Luc\u00eda Prades<\/strong> y <strong>Olaia Luzuriaga<\/strong> se estrenaban, jugando treinta minutos cada una, y firmaban una gran actuaci\u00f3n en su primer partido con la selecci\u00f3n absoluta. Por su parte,<strong> Raquel Mor\u00e9<\/strong> ocupaba en los \u00faltimos compases el lateral izquierdo, sumando nada m\u00e1s y nada menos que tres tantos para su cuenta personal. Por \u00faltimo, la joven <strong>Bel\u00e9n Rodr\u00edguez<\/strong>, perteneciente a la exitosa generaci\u00f3n 2006\/2007, disfrutaba de sus primeros minutos en la absoluta tras dominar este verano el subcampeonato de Europa J\u00fanior.<\/p>\n<p>Adem\u00e1s de ellas, destac\u00f3 la vuelta de<strong> Lisa Oppedal<\/strong>, quien se hizo con 5 anotaciones, coloc\u00e1ndose como<strong> m\u00e1xima goleadora del conjunto espa\u00f1ol<\/strong>. <strong>Elba \u00c1lvarez<\/strong>, <strong>Paula Arcos<\/strong> y <strong>Ester Somaza<\/strong> mantuvieron al equipo desde la primera l\u00ednea, aportando su nivel y experiencia como internacionales.<\/p>\n<p>\u00a0<\/p>\n<p><img loading=\"lazy\" decoding=\"async\" class=\"wp-image-122510 size-full\" title=\"thumbnail 20250918 SVK ESP foto Radovan Stoklasa 023\" src=\"https:\/\/www.europesays.com\/es\/wp-content\/uploads\/2025\/09\/thumbnail_20250918_SVK_ESP_foto_Radovan_Stoklasa_023.webp.webp\" alt=\"thumbnail 20250918 SVK ESP foto Radovan Stoklasa 023\" width=\"1400\" height=\"400\"  \/>Fotograf\u00eda: <strong>Radovan Stoklasa<\/strong><\/p>\n<p>\u00a0<\/p>\n<p>\u00a0<\/p>\n<p>\u00a0<\/p>\n<p><strong>\ud83d\udcfa Streaming | \u00bfD\u00f3nde puedo ver el partido?<\/strong><\/p>\n<p>El segundo enfrentamiento de las Guerreras ante la selecci\u00f3n de Eslovaquia se podr\u00e1 ver en directo a trav\u00e9s de la televisi\u00f3n local pinchando <a href=\"https:\/\/www.stvr.sk\/televizia\/live-2\" rel=\"nofollow noopener\" target=\"_blank\"><strong>aqu\u00ed<\/strong>.<\/a><\/p>\n<p><img loading=\"lazy\" decoding=\"async\" class=\"wp-image-122549 size-full\" title=\"thumbnail 20250918 SVK ESP foto Radovan Stoklasa 020\" src=\"https:\/\/www.europesays.com\/es\/wp-content\/uploads\/2025\/09\/thumbnail_20250918_SVK_ESP_foto_Radovan_Stoklasa_020-1.webp.webp\" alt=\"thumbnail 20250918 SVK ESP foto Radovan Stoklasa 020\" width=\"1400\" height=\"400\"  \/>Fotograf\u00eda: <strong>Radovan Stoklasa<\/strong><\/p>\n","protected":false},"excerpt":{"rendered":"\u270d\ud83c\udffc Cr\u00f3nica | Pleno de las Guerreras ante Eslovaquia La Selecci\u00f3n Absoluta Femenina de Balonmano cerr\u00f3 con \u00e9xito&hellip;\n","protected":false},"author":2,"featured_media":128813,"comment_status":"","ping_status":"","sticky":false,"template":"","format":"standard","meta":{"footnotes":""},"categories":[278],"tags":[376,168,25,24,375,23,167],"class_list":{"0":"post-128812","1":"post","2":"type-post","3":"status-publish","4":"format-standard","5":"has-post-thumbnail","7":"category-balonmano","8":"tag-balonmano","9":"tag-deportes","10":"tag-es","11":"tag-espana","12":"tag-handball","13":"tag-spain","14":"tag-sports"},"share_on_mastodon":{"url":"","error":""},"_links":{"self":[{"href":"https:\/\/www.europesays.com\/es\/wp-json\/wp\/v2\/posts\/128812","targetHints":{"allow":["GET"]}}],"collection":[{"href":"https:\/\/www.europesays.com\/es\/wp-json\/wp\/v2\/posts"}],"about":[{"href":"https:\/\/www.europesays.com\/es\/wp-json\/wp\/v2\/types\/post"}],"author":[{"embeddable":true,"href":"https:\/\/www.europesays.com\/es\/wp-json\/wp\/v2\/users\/2"}],"replies":[{"embeddable":true,"href":"https:\/\/www.europesays.com\/es\/wp-json\/wp\/v2\/comments?post=128812"}],"version-history":[{"count":0,"href":"https:\/\/www.europesays.com\/es\/wp-json\/wp\/v2\/posts\/128812\/revisions"}],"wp:featuredmedia":[{"embeddable":true,"href":"https:\/\/www.europesays.com\/es\/wp-json\/wp\/v2\/media\/128813"}],"wp:attachment":[{"href":"https:\/\/www.europesays.com\/es\/wp-json\/wp\/v2\/media?parent=128812"}],"wp:term":[{"taxonomy":"category","embeddable":true,"href":"https:\/\/www.europesays.com\/es\/wp-json\/wp\/v2\/categories?post=128812"},{"taxonomy":"post_tag","embeddable":true,"href":"https:\/\/www.europesays.com\/es\/wp-json\/wp\/v2\/tags?post=128812"}],"curies":[{"name":"wp","href":"https:\/\/api.w.org\/{rel}","templated":true}]}}