{"id":128816,"date":"2025-09-21T04:43:11","date_gmt":"2025-09-21T04:43:11","guid":{"rendered":"https:\/\/www.europesays.com\/es\/128816\/"},"modified":"2025-09-21T04:43:11","modified_gmt":"2025-09-21T04:43:11","slug":"roger-federer-se-sincera-sobre-su-retirada-no-queria","status":"publish","type":"post","link":"https:\/\/www.europesays.com\/es\/128816\/","title":{"rendered":"Roger Federer se sincera sobre su retirada: \u00abNo quer\u00eda&#8230;\u00bb"},"content":{"rendered":"<p class=\"quota-display text-align-center\">\n        <a href=\"https:\/\/www.puntodebreak.com\/MDBA-B3-PDB-QUOTA-25\" rel=\"sponsored nofollow noopener\" title=\"Apuesta en bet365\" target=\"_blank\"><\/p>\n<p>            <img decoding=\"async\" alt=\"Bet365\" class=\"bet-logo lazyload\" loading=\"lazy\" src=\"https:\/\/www.europesays.com\/es\/wp-content\/uploads\/2025\/09\/1758368948_520_b365.jpg\"\/>Streaming ATP Hangzhou en directo<\/p>\n<p> \ud83c\udfbe Corentin Moutet vs Tomas Martin Etcheverry<\/p>\n<ol class=\"stream-card__steps\">\n<li>Entra aqu\u00ed y reg\u00edstrate en Bet365<\/li>\n<li>Haz tu primer dep\u00f3sito de m\u00ednimo 5\u00a0\u20ac<\/li>\n<li>Entra en la secci\u00f3n \u00abDirecto\u00bb y ve todos los partidos<\/li>\n<\/ol>\n<p>\n                                Ver partido en Bet365\n                            <\/p>\n<p>        <\/a>\n      <\/p>\n<p class=\"text-align-justify\">Ya han pasado tres a\u00f1os desde el retiro de <strong><a href=\"https:\/\/www.puntodebreak.com\/tag\/roger-federer\" rel=\"nofollow noopener\" target=\"_blank\">Roger Federer<\/a><\/strong> como tenista profesional y se le sigue recordando cada d\u00eda en este deporte. Dif\u00edcilmente alguien volver\u00e1 a empu\u00f1ar una raqueta con tanta categor\u00eda, clase y talante del mism\u00edsimo Olimpo de los dioses, pero el tiempo pasa para todos y hay que hacer frente a la realidad, por dura que sea y por muchos momentos felices que nos diera el helv\u00e9tico.<\/p>\n<p class=\"text-align-justify\">La carrera de <strong><a href=\"https:\/\/www.atptour.com\/es\/players\/roger-federer\/f324\/overview\" rel=\"nofollow noopener\" target=\"_blank\">Roger Federer<\/a><\/strong> finaliz\u00f3 en 2022 tras ser considerado uno de los mejores jugadores de la historia y con 20 Grand Slam a sus espaldas. Eligi\u00f3 la <strong><a href=\"https:\/\/www.puntodebreak.com\/tenis\/laver-cup-2025\" rel=\"nofollow noopener\" target=\"_blank\">Laver Cup<\/a><\/strong> 2022 como sede para su \u00faltimo encuentro, el inolvidable dobles entre \u00e9l y Rafa Nadal ante Frances Tiafoe y Jack Sock. Perdi\u00f3 el conjunto europeo, pero quedaron para la historia las conmovedoras im\u00e1genes de un suizo roto en sus \u00faltimos momentos como profesional. En esta edici\u00f3n de 2025, habl\u00f3 para el p\u00f3dcast de Andy Roddick, <strong><a href=\"https:\/\/www.youtube.com\/@ServedPodcast\" rel=\"nofollow noopener\" target=\"_blank\">&#8216;Served&#8217;<\/a><\/strong>, desde San Francisco y sobre los meses previos a colgar la raqueta.<\/p>\n<p><img decoding=\"async\" alt=\"Roger Federer en la Laver Cup 2025. Foto: Getty\" data-entity-type=\"file\" data-entity-uuid=\"6e0bfc64-d532-415d-aea4-007446b3ca01\" class=\"align-center lazyload\" width=\"879\" height=\"582\" loading=\"lazy\" src=\"https:\/\/www.europesays.com\/es\/wp-content\/uploads\/2025\/09\/federer-laver-cup.JPG\"\/><\/p>\n<p class=\"text-align-justify\">\u00a0<\/p>\n<p class=\"text-align-justify\"><strong>&#8211; \u00ab\u00a1Me arruinaste la vida por una d\u00e9cada!\u00bb<\/strong><\/p>\n<p class=\"text-align-justify\">Esas fueron las palabras que recit\u00f3 Andy Roddick para referirse, entre risas, a lo que le gener\u00f3 el d\u00eda en el que Federer se retir\u00f3. El suizo quiso contar a fondo qu\u00e9 sinti\u00f3 ese d\u00eda y en los siguientes: \u00abFue un proceso que viv\u00ed muy intensamente porque siempre supe que el retiro me ser\u00eda muy dif\u00edcil de llevar porque amo el deporte y todo lo que le envuelve significa mucho para m\u00ed. Mi rodilla llevaba tiempo haciendo el tonto y sab\u00eda que me iba a retirar, as\u00ed que me tom\u00e9 un descanso ese verano para decidir d\u00f3nde retirarme, y estuve entre el US Open, el ATP Basilea y la Laver Cup.\u00a0<strong>No quer\u00eda estar solo en la pista al retirarme y escog\u00ed Londres porque all\u00ed viv\u00ed de los mejores momentos de mi carrera (Wimbledon)\u00bb.<\/strong><\/p>\n<p class=\"text-align-justify\"><strong>&#8211; Sobre la creaci\u00f3n de la Laver Cup<\/strong><\/p>\n<p class=\"text-align-justify\">\u00abSent\u00eda que las leyendas merec\u00edan un espacio m\u00e1s grande de reconocimiento en el tenis tras sus retiradas. Fue en la parte de atr\u00e1s de un coche cuando <strong>me vino el pensamiento de que Rod Laver merec\u00eda ser m\u00e1s recordado, <\/strong>as\u00ed que se me ocurri\u00f3 la idea de la Laver Cup. Es un torneo dif\u00edcil de organizar porque solo dura tres d\u00edas y hay que juntar a muchos jugadores buenos, pero dar a las leyendas alg\u00fan tipo de rol, como pueden ser las capitan\u00edas de los equipos, me pareci\u00f3 algo muy adecuado para realizar y quisimos probar. Por ahora est\u00e1 siendo un \u00e9xito y <strong>podemos llevar el tenis a lugares que quiz\u00e1 no est\u00e1n acostumbrados a ver tanto tenis en directo.<\/strong> Aunque en 2026 volveremos a Londres, es muy posible que pronto estemos por Asia o por Sudam\u00e9rica\u00bb.<\/p>\n<p class=\"text-align-justify\">\n","protected":false},"excerpt":{"rendered":"Streaming ATP Hangzhou en directo \ud83c\udfbe Corentin Moutet vs Tomas Martin Etcheverry Entra aqu\u00ed y reg\u00edstrate en Bet365&hellip;\n","protected":false},"author":2,"featured_media":128817,"comment_status":"","ping_status":"","sticky":false,"template":"","format":"standard","meta":{"footnotes":""},"categories":[274],"tags":[168,25,24,23,167,327,326],"class_list":{"0":"post-128816","1":"post","2":"type-post","3":"status-publish","4":"format-standard","5":"has-post-thumbnail","7":"category-tenis","8":"tag-deportes","9":"tag-es","10":"tag-espana","11":"tag-spain","12":"tag-sports","13":"tag-tenis","14":"tag-tennis"},"share_on_mastodon":{"url":"","error":""},"_links":{"self":[{"href":"https:\/\/www.europesays.com\/es\/wp-json\/wp\/v2\/posts\/128816","targetHints":{"allow":["GET"]}}],"collection":[{"href":"https:\/\/www.europesays.com\/es\/wp-json\/wp\/v2\/posts"}],"about":[{"href":"https:\/\/www.europesays.com\/es\/wp-json\/wp\/v2\/types\/post"}],"author":[{"embeddable":true,"href":"https:\/\/www.europesays.com\/es\/wp-json\/wp\/v2\/users\/2"}],"replies":[{"embeddable":true,"href":"https:\/\/www.europesays.com\/es\/wp-json\/wp\/v2\/comments?post=128816"}],"version-history":[{"count":0,"href":"https:\/\/www.europesays.com\/es\/wp-json\/wp\/v2\/posts\/128816\/revisions"}],"wp:featuredmedia":[{"embeddable":true,"href":"https:\/\/www.europesays.com\/es\/wp-json\/wp\/v2\/media\/128817"}],"wp:attachment":[{"href":"https:\/\/www.europesays.com\/es\/wp-json\/wp\/v2\/media?parent=128816"}],"wp:term":[{"taxonomy":"category","embeddable":true,"href":"https:\/\/www.europesays.com\/es\/wp-json\/wp\/v2\/categories?post=128816"},{"taxonomy":"post_tag","embeddable":true,"href":"https:\/\/www.europesays.com\/es\/wp-json\/wp\/v2\/tags?post=128816"}],"curies":[{"name":"wp","href":"https:\/\/api.w.org\/{rel}","templated":true}]}}