{"id":128818,"date":"2025-09-21T04:47:12","date_gmt":"2025-09-21T04:47:12","guid":{"rendered":"https:\/\/www.europesays.com\/es\/128818\/"},"modified":"2025-09-21T04:47:12","modified_gmt":"2025-09-21T04:47:12","slug":"ni-grealish-puede-con-el-liverpool","status":"publish","type":"post","link":"https:\/\/www.europesays.com\/es\/128818\/","title":{"rendered":"Ni Grealish puede con el Liverpool"},"content":{"rendered":"<p data-gtm-element-container=\"modulo-texto-link\" class=\"paragraph\">No hay quien pueda con este <strong>Liverpool<\/strong>. Ni siquiera <strong>Jack Grealish<\/strong>, renacido en el <strong>Everton <\/strong>y <a href=\"https:\/\/www.mundodeportivo.com\/futbol\/premier-league\/20250912\/1002530627\/grealish-descarte-guardiola-mejor-jugador-agosto-premier-league.html\" target=\"_blank\" rel=\"nofollow noopener\">elegido mejor jugador de agosto de la Premier League<\/a>. Los \u2018reds\u2019, l\u00edderes una semana m\u00e1s, se llevaron el Derbi de Merseyside por un ajustado 2-1 y siguen contando sus partidos por victorias en competici\u00f3n dom\u00e9stica (5\/5).<\/p>\n<p>Gravenberch, factor decisivo<\/p>\n<p data-gtm-element-container=\"modulo-texto-link\" class=\"paragraph\">Con <strong>Wirtz <\/strong>e\u00a0<strong>Isak <\/strong>de inicio en el banquillo, el factor decisivo del <strong>Liverpool <\/strong>fue <strong>Gravenberch<\/strong>, autor del primer gol de la tarde con una volea de muchos quilates y asistente en el 2-0 de <strong>Ekitike<\/strong>. <strong>Idrissa Gueye\u00a0<\/strong>redujo distancias al poco de la reanudaci\u00f3n, pero los tres puntos se quedaron en casa.<\/p>\n<p data-gtm-element-container=\"modulo-texto-link\" class=\"paragraph\">El primer tiempo fue de claro color local. La lluvia que ca\u00eda en Anfield solo hizo que presagiar el torrente ofensivo de los de <strong>Arne Slot<\/strong>, ya por delante en el marcador a los 11 minutos. <strong>Salah <\/strong>encontr\u00f3 a <strong>Gravenberch <\/strong>con un pase picado y el pivote neerland\u00e9s, a bote pronto, hizo in\u00fatil la estirada de <strong>Pickford<\/strong>.<\/p>\n<blockquote class=\"twitter-tweet\" data-lang=\"es\"><p>\n<a href=\"https:\/\/twitter.com\/DAZN_ES\/status\/1969369386415755592\" rel=\"nofollow noopener\" target=\"_blank\">\n<\/p><\/blockquote>\n<p data-gtm-element-container=\"modulo-texto-link\" class=\"paragraph\">A punto de cumplirse la media hora, el omnipresente <strong>Gravenberch <\/strong>se visti\u00f3 de asistente y <strong>Ekitike <\/strong>super\u00f3 con calidad a <strong>Pickford <\/strong>por debajo de las piernas. Muy f\u00e1cil para un <strong>Liverpool <\/strong>al que solo inquiet\u00f3 <strong>Dewsbury-Hall<\/strong> despu\u00e9s de una buena acci\u00f3n individual de <strong>Grealish<\/strong>, de qui\u00e9n si no.<\/p>\n<p data-gtm-element-container=\"modulo-texto-link\" class=\"paragraph\">El todav\u00eda jugador del <strong>Manchester City<\/strong>, una pesadilla para <strong>Conor Bradley<\/strong>, encontr\u00f3 el premio a su insistencia tras el paso por vestuarios. Lleg\u00f3 a l\u00ednea de fondo y sac\u00f3 un centro con la zurda que <strong>Gueye<\/strong>, previa dejada de <strong>Ndiaye<\/strong>, convirti\u00f3 en el definitivo 2-1.\u00a0<\/p>\n<p>                        <img loading=\"lazy\" decoding=\"async\" data-full-src=\"https:\/\/www.mundodeportivo.com\/uploads\/2021\/07\/19\/60f53a84c7b2c.png\" alt=\"https:\/\/www.mundodeportivo.com\/temas\/liverpool\" src=\"https:\/\/www.europesays.com\/es\/wp-content\/uploads\/2025\/08\/60f53a84c7b2c.png\" class=\"lazy\" width=\"38\" height=\"38\"\/><\/p>\n<p>                LIVERPOOL<\/p>\n<p>            21\n<\/p>\n<p>                        <img loading=\"lazy\" decoding=\"async\" data-full-src=\"https:\/\/www.mundodeportivo.com\/uploads\/2021\/07\/19\/60f53aae499e1.png\" alt=\"https:\/\/www.mundodeportivo.com\/temas\/everton\" src=\"https:\/\/www.europesays.com\/es\/wp-content\/uploads\/2025\/09\/60f53aae499e1.png\" class=\"lazy\" width=\"38\" height=\"38\"\/><\/p>\n<p>                EVERTON<\/p>\n<p><strong>Liverpool<\/strong>: Alisson; Bradley, Konat\u00e9, Van Dijk, Kerkez; Gravenberch, Mac Allister (Curtis Jones, 61&#8242;); Salah,\u00a0Szoboszlai, Gakpo (Wirtz, 61&#8242;) y Ekitike (Isak, 67&#8242;)<\/p>\n<p><strong>Everton<\/strong>: Pickford; O&#8217;Brien, Tarkowski, Keane, Mykolenko (Alcaraz, 87&#8242;); Gueye, Garner, Ndiaye (Dibling, 86&#8242;), Dewsbury-Hall, Grealish y Beto (Barry, 46&#8242;)<br \/>\u200b<br \/>\u200b<strong>Goles<\/strong>: 1-0 Gravenberch (10&#8242;), 2-0 Ekitike (29&#8242;), 2-1 Gueye (58&#8242;)<\/p>\n<p><strong>Tarjetas<\/strong>: AMARILLAS: Ndiaye (28&#8242;), Szoboszlai (70&#8242;),\u00a0Dewsbury-Hall (78&#8242;), David Moyes (78&#8242;),  Wirtz (82&#8242;)<\/p>\n<p><strong>\u00c1rbitro<\/strong>: Darren England<\/p>\n<p><strong>Estadio<\/strong>: Anfield.<\/p>\n<p>\n                ver ficha partido\n            <\/p>\n<p data-gtm-element-container=\"modulo-texto-link\" class=\"paragraph\">15\/15 para el <strong>Liverpool <\/strong>en un arranque de temporada inmaculado a excepci\u00f3n de la derrota, por penaltis, en la Community Shield (5-4 para el Crystal Palace tras el 2-2 final). El martes, turno para los menos habituales en la tercera ronda de la Carabao Cup, con el reci\u00e9n descendido <strong>Southampton <\/strong>como rival (Anfield, 21.00 horas).<\/p>\n<p><script async src=\"https:\/\/platform.twitter.com\/widgets.js\" charset=\"utf-8\"><\/script><\/p>\n","protected":false},"excerpt":{"rendered":"No hay quien pueda con este Liverpool. Ni siquiera Jack Grealish, renacido en el Everton y elegido mejor&hellip;\n","protected":false},"author":2,"featured_media":128819,"comment_status":"","ping_status":"","sticky":false,"template":"","format":"standard","meta":{"footnotes":""},"categories":[268],"tags":[168,25,24,280,282,281,23,167],"class_list":{"0":"post-128818","1":"post","2":"type-post","3":"status-publish","4":"format-standard","5":"has-post-thumbnail","7":"category-futbol","8":"tag-deportes","9":"tag-es","10":"tag-espana","11":"tag-football","12":"tag-futbol","13":"tag-soccer","14":"tag-spain","15":"tag-sports"},"share_on_mastodon":{"url":"","error":""},"_links":{"self":[{"href":"https:\/\/www.europesays.com\/es\/wp-json\/wp\/v2\/posts\/128818","targetHints":{"allow":["GET"]}}],"collection":[{"href":"https:\/\/www.europesays.com\/es\/wp-json\/wp\/v2\/posts"}],"about":[{"href":"https:\/\/www.europesays.com\/es\/wp-json\/wp\/v2\/types\/post"}],"author":[{"embeddable":true,"href":"https:\/\/www.europesays.com\/es\/wp-json\/wp\/v2\/users\/2"}],"replies":[{"embeddable":true,"href":"https:\/\/www.europesays.com\/es\/wp-json\/wp\/v2\/comments?post=128818"}],"version-history":[{"count":0,"href":"https:\/\/www.europesays.com\/es\/wp-json\/wp\/v2\/posts\/128818\/revisions"}],"wp:featuredmedia":[{"embeddable":true,"href":"https:\/\/www.europesays.com\/es\/wp-json\/wp\/v2\/media\/128819"}],"wp:attachment":[{"href":"https:\/\/www.europesays.com\/es\/wp-json\/wp\/v2\/media?parent=128818"}],"wp:term":[{"taxonomy":"category","embeddable":true,"href":"https:\/\/www.europesays.com\/es\/wp-json\/wp\/v2\/categories?post=128818"},{"taxonomy":"post_tag","embeddable":true,"href":"https:\/\/www.europesays.com\/es\/wp-json\/wp\/v2\/tags?post=128818"}],"curies":[{"name":"wp","href":"https:\/\/api.w.org\/{rel}","templated":true}]}}