{"id":128823,"date":"2025-09-21T04:50:03","date_gmt":"2025-09-21T04:50:03","guid":{"rendered":"https:\/\/www.europesays.com\/es\/128823\/"},"modified":"2025-09-21T04:50:03","modified_gmt":"2025-09-21T04:50:03","slug":"palma-biblioteca-la-biblioteca-de-cort-cumple-90-anos-nos-hemos-quedado-pequenos","status":"publish","type":"post","link":"https:\/\/www.europesays.com\/es\/128823\/","title":{"rendered":"PALMA BIBLIOTECA | La Biblioteca de Cort cumple 90 a\u00f1os: \u00abNos hemos quedado peque\u00f1os\u00bb"},"content":{"rendered":"<p class=\"ft-text ft-helper-closenews\">Sentado en el <strong>Banc dels Vagos i dels Sinof\u00f3s<\/strong>, en la plaza de <a class=\"ft-link ft-link--decoration\" href=\"https:\/\/www.diariodemallorca.es\/tags\/cort\/\" rel=\"nofollow noopener\" target=\"_blank\">Cort<\/a>, uno debe mirar a sus espaldas para encontrar un poco de historia entre <a class=\"ft-link ft-link--decoration\" href=\"https:\/\/www.diariodemallorca.es\/palma\/2023\/06\/11\/transformacion-palma-adn-mallorquin-ciudad-88546175.html\" rel=\"nofollow noopener\" target=\"_blank\">las distintas franquicias que pueblan su vista y han transformado el lugar en un espacio lleno de productos, pero carente de alma<\/a>. Sin embargo, si uno decide entrar al <a class=\"ft-link ft-link--decoration\" href=\"https:\/\/www.diariodemallorca.es\/tags\/ayuntamiento-de-palma\/\" rel=\"nofollow noopener\" target=\"_blank\">Ayuntamiento de Palma<\/a>, podr\u00e1 descubrir algo que le recuerde que a\u00fan est\u00e1 en la capital de Mallorca: <strong>los gigantes, el Drac de na Coca y todo el recinto ceremonial<\/strong>.<\/p>\n<p class=\"ft-text\">La joya de la corona llega al cruzar una peque\u00f1a puerta que es la entrada a un universo de libros e historia, donde el pasado se respira en todos los poros: <a class=\"ft-link ft-link--decoration\" href=\"https:\/\/www.diariodemallorca.es\/palma\/2025\/09\/11\/biblioteca-cort-celebra-90-aniversario-121475393.html\" rel=\"nofollow noopener\" target=\"_blank\">es la Biblioteca de Cort, que est\u00e1 de celebraci\u00f3n tras cumplir 90 a\u00f1os esta semana.<\/a><\/p>\n<p class=\"ft-text\">La Biblioteca abri\u00f3 sus puertas oficialmente el <strong>19 de septiembre de 1935<\/strong>, como la primera municipal de la isla, con un fondo inicial de 7.000 vol\u00famenes. Lo hac\u00eda a\u00f1os despu\u00e9s de que quien fuera teniente de alcalde y presidente de la Comisi\u00f3n de Cultura, <strong>Emili Darder<\/strong> \u2014que m\u00e1s tarde ser\u00eda alcalde y acabar\u00eda fusilado tras el golpe militar de 1936\u2014, impulsara los primeros pasos del proyecto.<\/p>\n<blockquote class=\"ft-mol-quote\" data-aida-quote=\"\"><p>\u00abEntre el p\u00fablico hay de todo; algunos nos han robado p\u00e1ginas del Diario de Mallorca\u00bb<\/p>\n<p class=\"ft-mol-quote__author--name\">Jaume Taltavull<\/p>\n<p class=\"ft-mol-quote__author--status\">\u2014 Bibliotecario<\/p>\n<\/blockquote>\n<p class=\"ft-text\">Para entonces, Darder ya no ocupaba su cargo: hab\u00eda sido apartado, junto al resto del Consistorio, tras los disturbios pol\u00edticos de 1934.<\/p>\n<p class=\"ft-text\">La biblioteca sigue gozando de buena salud 90 a\u00f1os despu\u00e9s. <strong>Actualmente cuenta con unos 27.000 libros y recibe cada a\u00f1o a cerca de 27.500 usuarios que acuden a disfrutar de las m\u00e1gicas historias que encierran sus estanter\u00edas<\/strong>.<\/p>\n<p>Falta de espacio<\/p>\n<p class=\"ft-text\"><strong>Margalida Plomer<\/strong> es lo m\u00e1s parecido a una directora que tiene hoy esta hist\u00f3rica biblioteca: \u00abAntiguamente, la <strong>Biblioteca de Cort ten\u00eda una directora<\/strong>, pero desde hace m\u00e1s de 20 a\u00f1os ya no.<strong> Yo soy la jefa de la red municipal de bibliotecas de Palma, que engloba a 22 centros<\/strong>\u00bb.<\/p>\n<p class=\"ft-text\">Para Plomer, el mayor problema de la biblioteca es la falta de espacio:\u00ab<strong>Nos hemos quedado peque\u00f1os, no caben m\u00e1s libros<\/strong>\u00bb. Explica que se trata de un problema end\u00e9mico en todas las bibliotecas, ya que \u00ab<strong>quieren ser m\u00e1s grandes<\/strong>\u00bb, y reclama un espacio central para almacenar libros, como el edificio de Gesa.<\/p>\n<p class=\"ft-text\">Se\u00f1ala que lo ideal ser\u00eda mantener un equilibrio: por cada libro que entra, otro deber\u00eda salir. Y describe c\u00f3mo se lleva a cabo el proceso de selecci\u00f3n: \u00ab<strong>Eliminamos libros. Hay ejemplares antiguos que, por ejemplo, tratan la homosexualidad como una enfermedad, o atlas obsoletos<\/strong>. Si un libro no ha sido escrito por un palmesano ni habla de Palma, <strong>y no ha sido solicitado en tres a\u00f1os<\/strong>, se retira\u00bb.<\/p>\n<p class=\"ft-text\">Los criterios para incorporar nuevos t\u00edtulos tambi\u00e9n son variados: \u00ab<strong>Buscamos un equilibrio entre libros para ni\u00f1os y adultos, entre lenguas<\/strong>&#8230;\u00bb, dice Plomer. Y defiende una pol\u00edtica de adquisiciones equilibrada: \u00ab<strong>Una buena biblioteca tiene que tener de todo<\/strong>: desde grandes editoriales hasta peque\u00f1as editoriales o autoediciones independientes\u00bb.<\/p>\n<p>Atracci\u00f3n tur\u00edstica<\/p>\n<p class=\"ft-text\">Una pareja de turistas asi\u00e1ticos entra y <strong>se queda embobada mirando la biblioteca mientras comenta en voz baja<\/strong>. A su lado, otros visitantes extranjeros beben una lata de Monster y hacen comentarios en ingl\u00e9s. <strong>Margalida Plomer resopla y ladea la cabeza, visiblemente indignada.<\/strong><\/p>\n<p class=\"ft-text\">\u00ab<strong>Nos hemos convertido en una atracci\u00f3n tur\u00edstica<\/strong>. Entran con sus helados o cervezas, y molestan\u00bb, lamenta.<\/p>\n<p class=\"ft-text\">La responsable explica que esta situaci\u00f3n se ha agravado desde que se elimin\u00f3 el <strong>esc\u00e1ner de seguridad<\/strong> de la entrada del Ayuntamiento.<\/p>\n<p class=\"ft-text\">\u00ab<strong>El nuevo Consistorio quiso abrir el Ayuntamiento al p\u00fablico y eliminar las barreras visuales<\/strong>\u00bb, se\u00f1ala.<\/p>\n<p class=\"ft-text\">\u00abAhora est\u00e1 abierto, y como la biblioteca es muy mona, entra gente con el helado y la cerveza a mirar y a hacer fotos indiscriminadamente. <strong>Hemos tenido bastantes quejas de los usuarios<\/strong>. Es un espacio abierto a todo el mundo, pero con un sentido no tur\u00edstico\u00bb, explica.<\/p>\n<p class=\"ft-text\">Plomer termina con una nota positiva: \u00abAlguien pronostic\u00f3 que las bibliotecas no existir\u00edan por el avance de la tecnolog\u00eda, <strong>pero yo dir\u00e9 que siguen gozando de muy buena salud\u00bb.<\/strong><\/p>\n<p>Bibliotecarios<\/p>\n<p class=\"ft-text\">La actual sala conserva el estilo se\u00f1orial mallorqu\u00edn, con varios bibliotecarios correteando y cuidando de los libros. Uno de esos guardianes es <strong>Jaume Taltavull<\/strong>: \u00abNuestro p\u00fablico es muy variado, <strong>hay estudiantes, gente mayor que viene cada ma\u00f1ana a leer el diario y a descubrir novelas, opositores o gente que viene a leer<\/strong>\u00bb.<\/p>\n<p class=\"ft-text\">El bibliotecario a\u00f1ade que \u00ab<strong>hay de todo<\/strong>\u00bb y que algunos usuarios \u00abincluso han robado p\u00e1ginas del Diario de Mallorca\u00bb.<\/p>\n<p class=\"ft-text\">Entre las funciones de un bibliotecario est\u00e1n la atenci\u00f3n al p\u00fablico, aconsejar lecturas seg\u00fan el perfil, difundir noticias, ordenar libros y un largo etc\u00e9tera. \u00ab<strong>Hacemos de todo<\/strong>\u00bb, sentencia Jaume Taltavull.<\/p>\n<p>Historia de la biblioteca<\/p>\n<p class=\"ft-text\">El golpe de Estado de 1936, que triunf\u00f3 r\u00e1pidamente en Mallorca, tuvo un impacto directo en la Biblioteca. Apenas unos meses despu\u00e9s de su apertura, comenzaron a aplicarse mecanismos de censura. Se prohibieron obras consideradas \u201cpornogr\u00e1ficas\u201d o \u201cdisolventes\u201d, incluyendo literatura socialista, libertaria y progresista. En 1937 se iniciaron los procesos de depuraci\u00f3n del fondo bibliogr\u00e1fico, con la retirada o destrucci\u00f3n de ejemplares considerados inapropiados.<\/p>\n<p class=\"ft-text\">De alguna manera,<strong> la biblioteca sigui\u00f3 activa durante los a\u00f1os 50 y 60, recuperando poco a poco cierta normalidad<\/strong>. Fue en 1993, ya en plena democracia, cuando el servicio se abri\u00f3 a toda la ciudadan\u00eda.<\/p>\n<p class=\"ft-text\">La primera biblioteca municipal de la isla se nutri\u00f3 en gran parte de las colecciones de <strong>Antoni Villalonga P\u00e9rez<\/strong> y <strong>Jaume Garau Montaner<\/strong>.<\/p>\n<p class=\"ft-text\">Actualmente, dispone de un fondo bibliogr\u00e1fico muy rico. Durante estos a\u00f1os se ha velado por custodiar y difundir el patrimonio bibliogr\u00e1fico balear. <strong>La hemeroteca hist\u00f3rica de la biblioteca es una de las m\u00e1s importantes de la isla<\/strong>.<\/p>\n<p class=\"ft-text\">Dentro de la Biblioteca se encuentra todo el pasado y el presente de Palma. Cu\u00eddenla, <strong>porque puede que dentro de otros 90 a\u00f1os<\/strong>, en su 180 aniversario, <strong>sus libros est\u00e9n hablando de nosotros.<\/strong><\/p>\n<p data-close=\"closedContent\" class=\"subscribeHideForDisplay\">Suscr\u00edbete para seguir leyendo<\/p>\n","protected":false},"excerpt":{"rendered":"Sentado en el Banc dels Vagos i dels Sinof\u00f3s, en la plaza de Cort, uno debe mirar a&hellip;\n","protected":false},"author":2,"featured_media":128824,"comment_status":"","ping_status":"","sticky":false,"template":"","format":"standard","meta":{"footnotes":""},"categories":[172],"tags":[5840,988,8930,224,7425,7677,146,147,25,10558,24,260,41531,225,23,4664],"class_list":{"0":"post-128823","1":"post","2":"type-post","3":"status-publish","4":"format-standard","5":"has-post-thumbnail","7":"category-libros","8":"tag-5840","9":"tag-anos","10":"tag-biblioteca","11":"tag-books","12":"tag-cort","13":"tag-cumple","14":"tag-entertainment","15":"tag-entretenimiento","16":"tag-es","17":"tag-espacio","18":"tag-espana","19":"tag-gente","20":"tag-gentrificacion-en-palma","21":"tag-libros","22":"tag-spain","23":"tag-turismo"},"share_on_mastodon":{"url":"","error":""},"_links":{"self":[{"href":"https:\/\/www.europesays.com\/es\/wp-json\/wp\/v2\/posts\/128823","targetHints":{"allow":["GET"]}}],"collection":[{"href":"https:\/\/www.europesays.com\/es\/wp-json\/wp\/v2\/posts"}],"about":[{"href":"https:\/\/www.europesays.com\/es\/wp-json\/wp\/v2\/types\/post"}],"author":[{"embeddable":true,"href":"https:\/\/www.europesays.com\/es\/wp-json\/wp\/v2\/users\/2"}],"replies":[{"embeddable":true,"href":"https:\/\/www.europesays.com\/es\/wp-json\/wp\/v2\/comments?post=128823"}],"version-history":[{"count":0,"href":"https:\/\/www.europesays.com\/es\/wp-json\/wp\/v2\/posts\/128823\/revisions"}],"wp:featuredmedia":[{"embeddable":true,"href":"https:\/\/www.europesays.com\/es\/wp-json\/wp\/v2\/media\/128824"}],"wp:attachment":[{"href":"https:\/\/www.europesays.com\/es\/wp-json\/wp\/v2\/media?parent=128823"}],"wp:term":[{"taxonomy":"category","embeddable":true,"href":"https:\/\/www.europesays.com\/es\/wp-json\/wp\/v2\/categories?post=128823"},{"taxonomy":"post_tag","embeddable":true,"href":"https:\/\/www.europesays.com\/es\/wp-json\/wp\/v2\/tags?post=128823"}],"curies":[{"name":"wp","href":"https:\/\/api.w.org\/{rel}","templated":true}]}}