{"id":128825,"date":"2025-09-21T04:51:20","date_gmt":"2025-09-21T04:51:20","guid":{"rendered":"https:\/\/www.europesays.com\/es\/128825\/"},"modified":"2025-09-21T04:51:20","modified_gmt":"2025-09-21T04:51:20","slug":"tenemos-pensado-algo-mas-hardcore-y-mezquino-para-la-temporada-2","status":"publish","type":"post","link":"https:\/\/www.europesays.com\/es\/128825\/","title":{"rendered":"Tenemos pensado algo m\u00e1s hardcore y mezquino para la temporada 2"},"content":{"rendered":"<p>Al fin est\u00e1 disponible en <strong>Netflix<\/strong> <a class=\"text-outboundlink\" href=\"https:\/\/www.espinof.com\/criticas\/refugio-atomico-quiere-ser-nueva-casa-papel-serie-netflix-tiene-culebron-lujo\" data-vars-post-title=\"&#039;El refugio at\u00f3mico&#039; es una nueva decepci\u00f3n de Netflix. La sucesora de &#039;La casa de papel&#039; arranca con mucha fuerza pero se acaba pasando de intensa\" data-vars-post-url=\"https:\/\/www.espinof.com\/criticas\/refugio-atomico-quiere-ser-nueva-casa-papel-serie-netflix-tiene-culebron-lujo\" rel=\"nofollow noopener\" target=\"_blank\">&#8216;El refugio at\u00f3mico&#8217;<\/a>, la esperada nueva serie de los creadores de <a class=\"text-outboundlink\" href=\"https:\/\/www.espinof.com\/criticas\/casa-papel-tiene-final-estupendo-serie-netflix-recupera-su-mejor-cara-acercandose-que-nunca-al-nivel-su-primera-etapa\" data-vars-post-title=\"&#039;La casa de papel&#039; tiene un final estupendo: la serie de Netflix recupera su mejor cara, acerc\u00e1ndose m\u00e1s que nunca al nivel de su primera etapa\" data-vars-post-url=\"https:\/\/www.espinof.com\/criticas\/casa-papel-tiene-final-estupendo-serie-netflix-recupera-su-mejor-cara-acercandose-que-nunca-al-nivel-su-primera-etapa\" rel=\"nofollow noopener\" target=\"_blank\">&#8216;La casa de papel&#8217;<\/a>. Es evidente que la plataforma tiene depositadas muchas esperanzas en ella, pero ahora es el p\u00fablico quien tiene que dictar sentencia y convertirla en un gran \u00e9xito o en otro t\u00edtulo destinado a caer en el olvido del cat\u00e1logo de la compa\u00f1\u00eda de streaming n\u00famero 1 del mundo. Todo apunta a lo primero, eso s\u00ed.<\/p>\n<blockquote><p>Cuidado con los spoilers de &#8216;El refugio at\u00f3mico&#8217; de aqu\u00ed en adelante.<\/p><\/blockquote>\n<p>\u00abNo es ninguna broma\u00bb<\/p>\n<p>En Espinof ya compartimos con vosotros <a class=\"text-outboundlink\" href=\"https:\/\/www.espinof.com\/entrevistas\/hay-gente-preocupada-porque-se-pare-evento-deportivo-que-porque-se-asesinen-ninos-gaza-carlos-santos-refugio-atomico\" data-vars-post-title=\"&quot;Hay gente m\u00e1s preocupada porque se pare un evento deportivo que porque se asesinen ni\u00f1os en Gaza&quot;. Carlos Santos (&#039;El refugio at\u00f3mico&#039;) \" data-vars-post-url=\"https:\/\/www.espinof.com\/entrevistas\/hay-gente-preocupada-porque-se-pare-evento-deportivo-que-porque-se-asesinen-ninos-gaza-carlos-santos-refugio-atomico\" rel=\"nofollow noopener\" target=\"_blank\">nuestra charla<\/a> con varios de los protagonistas, m\u00e1s concretamente 6 actores que dan vida a los privilegiados que buscan refugio en el b\u00fanker a cambio de una considerable suma de dinero. La cuesti\u00f3n es que tambi\u00e9n pudimos hablar por un lado con sus creadores <strong>\u00c1lex Pina y Esther Mart\u00ednez Lobato<\/strong> y por otro con los int\u00e9rpretes <strong>Miren Ibarguren y Alex Villaz\u00e1n<\/strong>, con la particularidad de que todos ellos respondieron preguntas con spoilers sobre la serie.<\/p>\n<p>Adem\u00e1s de hablarnos del origen de la idea de la serie \u00abcon personajes al l\u00edmite\u00bb y en la que hay cambios constantes de g\u00e9nero, pero bien pronto queda claro que es todo una gran estafa y que los responsables del b\u00fanker en realidad quieren quedarse con el dinero de sus clientes. Eso va evolucionando hasta que el final se convierte, seg\u00fan Pina, en \u00abun punto de no retorno\u00bb con la muerte de Mimi (<strong>Agustina Bisio<\/strong>) y, sobre todo, Osvaldo (<strong>Enrique Arce<\/strong>), a lo que Mart\u00ednez Lobato a\u00f1ade lo siguiente:<\/p>\n<blockquote><p>La serie a veces parece una gran pantomima, pero no lo es. Nos gusta tener un pie en la farsa y un pie muy calado en la realidad, y que no es ninguna broma. Las muertes son el final de arco natural de estos personajes. Y por parte de la banda que no hay broma posible. No somos buenistas por mucho que esto parezca muy divertido.<\/p><\/blockquote>\n<p>                   <img class=\"centro_sinmarco\" height=\"900\" width=\"1416\" loading=\"lazy\" decoding=\"async\"  fetchpriority=\"high\"  src=\"https:\/\/www.europesays.com\/es\/wp-content\/uploads\/2025\/09\/1758430279_752_450_1000.jpeg\" alt=\"El Refugio Atomico Netflix\"\/><\/p>\n<p>Adem\u00e1s, Pina descarta <strong>posibles paralelismos entre los personajes de Ibarguren y Villaz\u00e1n con El Profesor y Berl\u00edn en &#8216;La casa de papel&#8217;<\/strong> por mucho que vuelvan a tener el mismo v\u00ednculo familiar: \u00abEn el caso de los hermanos no lo pens\u00e9 as\u00ed\u00bb. Tambi\u00e9n comenta esto sobre c\u00f3mo de avanzada tienen ya una temporada 2 que la serie necesita para no dejar la historia a medias:<\/p>\n<p>    <a href=\"https:\/\/www.espinof.com\/listas\/mejores-series-historia-netflix\" class=\"pivot-outboundlink\" data-vars-post-title=\"Las 27 mejores series de la historia de Netflix\" rel=\"nofollow noopener\" target=\"_blank\"><br \/>\n     <img loading=\"lazy\" decoding=\"async\" alt=\"Las 27 mejores series de la historia de Netflix\" width=\"375\" height=\"142\" src=\"https:\/\/www.europesays.com\/es\/wp-content\/uploads\/2025\/08\/1754633410_681_375_142.jpeg\"\/><br \/>\n    <\/a><\/p>\n<blockquote><p>Por ahora hemos trabajado ser\u00eda el arranque, porque necesit\u00e1bamos saber c\u00f3mo pod\u00edamos volver a arrancar para poder escribir el final de esta. Qu\u00e9 pasar\u00eda inmediatamente despu\u00e9s, eso est\u00e1 previsto. Y c\u00f3mo nos podr\u00edamos escalar a un lugar todav\u00eda m\u00e1s hardcore y mezquino. Todo eso lo tenemos pensado, lo que no tenemos pensado es el desarrollo de la temporada 2.<\/p><\/blockquote>\n<p>Por su parte, Ibarguren comenta lo siguiente sobre <strong>su reacci\u00f3n al descubrir el giro<\/strong> que lo cambia todo al inicio de la serie: \u00abNosotros flipamos. Si todo esto pasa ya en el primer cap\u00edtulo&#8230;\u00bb. Eso s\u00ed, hay un detalle que desvela Villaz\u00e1n que deja claro que un poco s\u00ed tuvieron que ir improvisando sobre la marcha las motivaciones reales de sus personajes:<\/p>\n<blockquote><p>Una de las cosas de recibir los guiones mientras est\u00e1s rodando es que tampoco puedes agarrarte o construir cosas cerradas porque en el siguiente cap\u00edtulo puede cambiar.<\/p><\/blockquote>\n<p>    <a href=\"https:\/\/www.espinof.com\/listas\/mejores-peliculas-thrillers-suspense-netflix\" class=\"pivot-outboundlink\" data-vars-post-title=\"Las 15 mejores pel\u00edculas de suspense y thrillers en Netflix\" rel=\"nofollow noopener\" target=\"_blank\"><br \/>\n     <img loading=\"lazy\" decoding=\"async\" alt=\"Las 15 mejores pel\u00edculas de suspense y thrillers en Netflix\" width=\"375\" height=\"142\" src=\"https:\/\/www.europesays.com\/es\/wp-content\/uploads\/2025\/09\/1758430280_542_375_142.jpeg\"\/><br \/>\n    <\/a><\/p>\n<p>Otro punto clave es saber <strong>hasta qu\u00e9 punto es algo viable que acaben ech\u00e1ndose atr\u00e1s<\/strong>, a lo Ibarguren se\u00f1ala que \u00abtodo eso est\u00e1 s\u00faper latente, porque hay planos en los que dices ostras, se van a echar atr\u00e1s. Yo creo que los dos personajes perfectamente podr\u00edan echarse para atr\u00e1s, pero nunca lo van a hacer. De hecho, van a dar dos pasos hacia delante para que su hermano o hermana no vean que quieren echarse atr\u00e1s. Se van envalentonando como dos ni\u00f1atos de pubertad por el amor incondicional que se tienen el uno al otro\u00bb.<\/p>\n<p>Villaz\u00e1n \u00a0a\u00f1ade que \u00abes como en &#8216;La casa de papel&#8217; que entras ya con las armas, que ya has entrado y ahora adelante con todo\u00bb. Y la siguiente etapa para ejecutar su plan tiene que ser neutralizar <strong>la amenaza que supone que Max haya salido al exterior<\/strong>, por lo que la respuesta de ambos ante la pregunta de si el siguiente paso es a mandar a alguien fuera para acabar con \u00e9l es un sencillo \u00abclaro\u00bb.<\/p>\n<p>En Espinof | <a class=\"text-outboundlink\" href=\"https:\/\/www.espinof.com\/listas\/mejores-peliculas-netflix-2025\" data-vars-post-title=\"Las 8 mejores pel\u00edculas de Netflix en 2025 (por ahora)\" data-vars-post-url=\"https:\/\/www.espinof.com\/listas\/mejores-peliculas-netflix-2025\" rel=\"nofollow noopener\" target=\"_blank\">Las 8 mejores pel\u00edculas de Netflix en 2025 (por ahora)<\/a><\/p>\n<p>En Espinof | <a class=\"text-outboundlink\" href=\"https:\/\/www.espinof.com\/listas\/mejores-series-netflix-2025\" data-vars-post-title=\"Las 11 mejores series de Netflix en 2025 (por ahora)\" data-vars-post-url=\"https:\/\/www.espinof.com\/listas\/mejores-series-netflix-2025\" rel=\"nofollow noopener\" target=\"_blank\">Las 11 mejores series de Netflix en 2025 (por ahora)<\/a><\/p>\n","protected":false},"excerpt":{"rendered":"Al fin est\u00e1 disponible en Netflix &#8216;El refugio at\u00f3mico&#8217;, la esperada nueva serie de los creadores de &#8216;La&hellip;\n","protected":false},"author":2,"featured_media":128826,"comment_status":"","ping_status":"","sticky":false,"template":"","format":"standard","meta":{"footnotes":""},"categories":[171],"tags":[146,147,25,24,23,214],"class_list":{"0":"post-128825","1":"post","2":"type-post","3":"status-publish","4":"format-standard","5":"has-post-thumbnail","7":"category-tv","8":"tag-entertainment","9":"tag-entretenimiento","10":"tag-es","11":"tag-espana","12":"tag-spain","13":"tag-tv"},"share_on_mastodon":{"url":"","error":""},"_links":{"self":[{"href":"https:\/\/www.europesays.com\/es\/wp-json\/wp\/v2\/posts\/128825","targetHints":{"allow":["GET"]}}],"collection":[{"href":"https:\/\/www.europesays.com\/es\/wp-json\/wp\/v2\/posts"}],"about":[{"href":"https:\/\/www.europesays.com\/es\/wp-json\/wp\/v2\/types\/post"}],"author":[{"embeddable":true,"href":"https:\/\/www.europesays.com\/es\/wp-json\/wp\/v2\/users\/2"}],"replies":[{"embeddable":true,"href":"https:\/\/www.europesays.com\/es\/wp-json\/wp\/v2\/comments?post=128825"}],"version-history":[{"count":0,"href":"https:\/\/www.europesays.com\/es\/wp-json\/wp\/v2\/posts\/128825\/revisions"}],"wp:featuredmedia":[{"embeddable":true,"href":"https:\/\/www.europesays.com\/es\/wp-json\/wp\/v2\/media\/128826"}],"wp:attachment":[{"href":"https:\/\/www.europesays.com\/es\/wp-json\/wp\/v2\/media?parent=128825"}],"wp:term":[{"taxonomy":"category","embeddable":true,"href":"https:\/\/www.europesays.com\/es\/wp-json\/wp\/v2\/categories?post=128825"},{"taxonomy":"post_tag","embeddable":true,"href":"https:\/\/www.europesays.com\/es\/wp-json\/wp\/v2\/tags?post=128825"}],"curies":[{"name":"wp","href":"https:\/\/api.w.org\/{rel}","templated":true}]}}