{"id":128829,"date":"2025-09-21T04:55:07","date_gmt":"2025-09-21T04:55:07","guid":{"rendered":"https:\/\/www.europesays.com\/es\/128829\/"},"modified":"2025-09-21T04:55:07","modified_gmt":"2025-09-21T04:55:07","slug":"salud-inicia-la-campana-de-inmunizacion-frente-a-la-bronquiolitis-en-bebes","status":"publish","type":"post","link":"https:\/\/www.europesays.com\/es\/128829\/","title":{"rendered":"Salud inicia la campa\u00f1a de inmunizaci\u00f3n frente a la bronquiolitis en beb\u00e9s"},"content":{"rendered":"<p data-start=\"357\" data-end=\"874\">La Consejer\u00eda de Salud y Consumo pondr\u00e1 en marcha el pr\u00f3ximo lunes, 22 de septiembre, la tercera campa\u00f1a de inmunizaci\u00f3n frente al virus respiratorio sincitial (VRS), causante principal de la bronquiolitis, con especial incidencia en los beb\u00e9s menores de seis meses. En la provincia de Huelva, los centros de salud ya han comenzado a citar a las familias con hijos nacidos desde el pasado 1 de abril, quienes podr\u00e1n recibir la dosis protectora de nirsevimab en su centro de referencia a partir de la pr\u00f3xima semana.<\/p>\n<p data-start=\"876\" data-end=\"1322\">La medida beneficiar\u00e1 tambi\u00e9n a los lactantes que vayan naciendo entre el 22 de septiembre y el 31 de marzo de 2026, que ser\u00e1n inmunizados directamente en el paritorio o en la planta de maternidad antes de recibir el alta. Asimismo, se contempla la administraci\u00f3n del medicamento en menores de un a\u00f1o que hayan nacido de forma prematura (menos de 35 semanas de gestaci\u00f3n) y en ni\u00f1os de hasta dos a\u00f1os con patolog\u00edas cr\u00f3nicas de muy alto riesgo.<\/p>\n<p data-start=\"1324\" data-end=\"1797\">El objetivo es reducir las complicaciones derivadas del VRS, que cada a\u00f1o provoca un gran n\u00famero de visitas a urgencias y hospitalizaciones en los m\u00e1s peque\u00f1os. Seg\u00fan los datos de la Consejer\u00eda, desde que se incorpor\u00f3 al calendario vacunal hace dos a\u00f1os, la inmunizaci\u00f3n frente a la bronquiolitis ha permitido reducir en torno a un 80% las hospitalizaciones de beb\u00e9s por esta causa. Solo en la pasada campa\u00f1a de invierno, se evitaron cerca de 2.000 ingresos en Andaluc\u00eda.<\/p>\n<p data-start=\"1799\" data-end=\"2067\">Para el periodo 2025-2026, se han adquirido 73.000 dosis de nirsevimab con un presupuesto global de 15,8 millones de euros. En la campa\u00f1a 2024-2025, m\u00e1s del 95% de la poblaci\u00f3n diana recibi\u00f3 la vacuna, lo que supuso la protecci\u00f3n de 55.115 lactantes en la comunidad.<\/p>\n<p data-start=\"2069\" data-end=\"2343\">Desde Salud se hace un llamamiento a las familias onubenses para que acudan a la cita de inmunizaci\u00f3n, recordando que se trata de una herramienta eficaz y segura para proteger a los beb\u00e9s de una enfermedad respiratoria que se intensifica especialmente en oto\u00f1o e invierno.<\/p>\n","protected":false},"excerpt":{"rendered":"La Consejer\u00eda de Salud y Consumo pondr\u00e1 en marcha el pr\u00f3ximo lunes, 22 de septiembre, la tercera campa\u00f1a&hellip;\n","protected":false},"author":2,"featured_media":128830,"comment_status":"","ping_status":"","sticky":false,"template":"","format":"standard","meta":{"footnotes":""},"categories":[92],"tags":[25,24,165,166,23,7589],"class_list":{"0":"post-128829","1":"post","2":"type-post","3":"status-publish","4":"format-standard","5":"has-post-thumbnail","7":"category-salud","8":"tag-es","9":"tag-espana","10":"tag-health","11":"tag-salud","12":"tag-spain","13":"tag-vacunacion"},"share_on_mastodon":{"url":"","error":""},"_links":{"self":[{"href":"https:\/\/www.europesays.com\/es\/wp-json\/wp\/v2\/posts\/128829","targetHints":{"allow":["GET"]}}],"collection":[{"href":"https:\/\/www.europesays.com\/es\/wp-json\/wp\/v2\/posts"}],"about":[{"href":"https:\/\/www.europesays.com\/es\/wp-json\/wp\/v2\/types\/post"}],"author":[{"embeddable":true,"href":"https:\/\/www.europesays.com\/es\/wp-json\/wp\/v2\/users\/2"}],"replies":[{"embeddable":true,"href":"https:\/\/www.europesays.com\/es\/wp-json\/wp\/v2\/comments?post=128829"}],"version-history":[{"count":0,"href":"https:\/\/www.europesays.com\/es\/wp-json\/wp\/v2\/posts\/128829\/revisions"}],"wp:featuredmedia":[{"embeddable":true,"href":"https:\/\/www.europesays.com\/es\/wp-json\/wp\/v2\/media\/128830"}],"wp:attachment":[{"href":"https:\/\/www.europesays.com\/es\/wp-json\/wp\/v2\/media?parent=128829"}],"wp:term":[{"taxonomy":"category","embeddable":true,"href":"https:\/\/www.europesays.com\/es\/wp-json\/wp\/v2\/categories?post=128829"},{"taxonomy":"post_tag","embeddable":true,"href":"https:\/\/www.europesays.com\/es\/wp-json\/wp\/v2\/tags?post=128829"}],"curies":[{"name":"wp","href":"https:\/\/api.w.org\/{rel}","templated":true}]}}