{"id":128833,"date":"2025-09-21T04:57:08","date_gmt":"2025-09-21T04:57:08","guid":{"rendered":"https:\/\/www.europesays.com\/es\/128833\/"},"modified":"2025-09-21T04:57:08","modified_gmt":"2025-09-21T04:57:08","slug":"el-eco-de-una-colision-brutal-confirma-la-gran-prediccion-de-stephen-hawking","status":"publish","type":"post","link":"https:\/\/www.europesays.com\/es\/128833\/","title":{"rendered":"El eco de una colisi\u00f3n brutal confirma la gran predicci\u00f3n de Stephen Hawking"},"content":{"rendered":"<p>Stephen Hawking ten\u00eda raz\u00f3n. Una de sus predicciones m\u00e1s c\u00e9lebres, el llamado teorema del \u00e1rea, acaba de ser corroborada con una contundencia sin precedentes gracias al eco de una lejana y brutal colisi\u00f3n c\u00f3smica. La teor\u00eda del f\u00edsico brit\u00e1nico, formulada hace d\u00e9cadas, postula que la superficie del horizonte de sucesos de un agujero negro \u2014la frontera de la que nada puede escapar\u2014 nunca puede menguar. Se trata de <strong>un principio f\u00edsico fundamental<\/strong> que ahora ha superado su prueba m\u00e1s exigente. Este tipo de confirmaciones son vitales para la ciencia, que tambi\u00e9n investiga activamente la existencia de un posible <a title=\"n\u00famero m\u00e1gico que podr\u00eda reescribir lo que sabemos sobre f\u00edsica nuclear\" href=\"https:\/\/www.larazon.es\/ciencia\/numero-magico-que-podria-reescribir-que-sabemos-ciencia-nuclear-b30m_20250803688a1666ffbf4a1a6748cbd6.html\" target=\"_blank\" rel=\"nofollow noopener\">n\u00famero m\u00e1gico que podr\u00eda reescribir lo que sabemos sobre f\u00edsica nuclear<\/a>.<\/p>\n<p>De hecho, la confirmaci\u00f3n lleg\u00f3 a trav\u00e9s de la onda gravitacional GW250114, una perturbaci\u00f3n en el tejido del espaciotiempo generada por la fusi\u00f3n de dos agujeros negros. Estos eventos catacl\u00edsmicos son un laboratorio natural perfecto para poner a prueba los l\u00edmites de la f\u00edsica, y <strong>el an\u00e1lisis de esta se\u00f1al<\/strong> ha ofrecido a los cient\u00edficos la oportunidad de observar el teorema en plena acci\u00f3n. El reto consist\u00eda en medir con precisi\u00f3n lo que ocurr\u00eda antes y despu\u00e9s del choque. Son precisamente estos eventos extremos los que permiten a los cient\u00edficos abordar las teor\u00edas m\u00e1s audaces, como la del <a title=\"f\u00edsico que cree tener pruebas de que vivimos en una simulaci\u00f3n\" href=\"https:\/\/www.larazon.es\/ciencia\/vivimos-simulacion-eso-cree-fisico-que-dice-tener-pruebas-b30m_202507306888ac32abb2960d1fb8ca38.html\" target=\"_blank\" rel=\"nofollow noopener\">f\u00edsico que cree tener pruebas de que vivimos en una simulaci\u00f3n<\/a>.<\/p>\n<p>Para ello, los investigadores compararon el \u00e1rea combinada de los dos agujeros negros originales con la del nuevo y masivo agujero que surgi\u00f3 de su uni\u00f3n. El resultado, tal y como <a title=\"han publicado en Science Alert\" href=\"https:\/\/www.sciencealert.com\/hawkings-bold-theory-confirmed-by-loudest-ever-black-hole-collision\" target=\"_blank\" rel=\"nofollow noopener\">han publicado en Science Alert<\/a>, fue inequ\u00edvoco: la superficie final era mayor que la suma de las iniciales, lo que supone <strong>un respaldo de enorme solidez<\/strong> para la conjetura de Hawking.<\/p>\n<p>Una nueva era de precisi\u00f3n en la escucha del universo<\/p>\n<p>En este sentido, la se\u00f1al GW250114 no es solo una validaci\u00f3n te\u00f3rica, sino tambi\u00e9n una demostraci\u00f3n del salto tecnol\u00f3gico que ha dado la astronom\u00eda. Guarda un gran parecido con la hist\u00f3rica primera detecci\u00f3n de 2015, la GW150914, pero es <strong>casi cuatro veces m\u00e1s potente<\/strong>. Esta nitidez mejorada permite a los f\u00edsicos extraer datos mucho m\u00e1s finos y se debe directamente a los avances en los observatorios de ondas gravitacionales, cuya sensibilidad era impensable hace apenas unos a\u00f1os. Este progreso tecnol\u00f3gico no se limita a los observatorios terrestres, ya que recientemente una <a title=\"original sonda ha logrado un hito sin precedentes al navegar por el espacio profundo\" href=\"https:\/\/www.larazon.es\/ciencia\/esta-original-sonda-acaba-lograr-hito-precedentes-navegado-espacio-profundo-b30m_202507276880cdaeabb2960d1fb24af2.html\" target=\"_blank\" rel=\"nofollow noopener\">original sonda ha logrado un hito sin precedentes al navegar por el espacio profundo<\/a>.<\/p>\n<p>Y es que aquella primera observaci\u00f3n de 2015, que confirm\u00f3 una de las predicciones m\u00e1s audaces de la relatividad de Einstein, supuso <strong>una aut\u00e9ntica revoluci\u00f3n en la astrof\u00edsica<\/strong>. Desde entonces, el campo ha experimentado un desarrollo vertiginoso, con m\u00e1s de trescientas detecciones que han inaugurado una forma completamente nueva de auscultar el cosmos. Gracias a esta ventana, los cient\u00edficos pueden estudiar <strong>los fen\u00f3menos m\u00e1s violentos del cosmos<\/strong>, como las fusiones de agujeros negros o estrellas de neutrones, con un nivel de detalle que antes pertenec\u00eda exclusivamente al dominio de la ciencia ficci\u00f3n.<\/p>\n","protected":false},"excerpt":{"rendered":"Stephen Hawking ten\u00eda raz\u00f3n. Una de sus predicciones m\u00e1s c\u00e9lebres, el llamado teorema del \u00e1rea, acaba de ser&hellip;\n","protected":false},"author":2,"featured_media":128834,"comment_status":"","ping_status":"","sticky":false,"template":"","format":"standard","meta":{"footnotes":""},"categories":[81],"tags":[119,123,124,25,24,117,121,122,23,118,120],"class_list":{"0":"post-128833","1":"post","2":"type-post","3":"status-publish","4":"format-standard","5":"has-post-thumbnail","7":"category-ciencia-y-tecnologia","8":"tag-ciencia","9":"tag-ciencia-y-tecnologia","10":"tag-cienciaytecnologia","11":"tag-es","12":"tag-espana","13":"tag-science","14":"tag-science-and-technology","15":"tag-scienceandtechnology","16":"tag-spain","17":"tag-technology","18":"tag-tecnologia"},"share_on_mastodon":{"url":"","error":""},"_links":{"self":[{"href":"https:\/\/www.europesays.com\/es\/wp-json\/wp\/v2\/posts\/128833","targetHints":{"allow":["GET"]}}],"collection":[{"href":"https:\/\/www.europesays.com\/es\/wp-json\/wp\/v2\/posts"}],"about":[{"href":"https:\/\/www.europesays.com\/es\/wp-json\/wp\/v2\/types\/post"}],"author":[{"embeddable":true,"href":"https:\/\/www.europesays.com\/es\/wp-json\/wp\/v2\/users\/2"}],"replies":[{"embeddable":true,"href":"https:\/\/www.europesays.com\/es\/wp-json\/wp\/v2\/comments?post=128833"}],"version-history":[{"count":0,"href":"https:\/\/www.europesays.com\/es\/wp-json\/wp\/v2\/posts\/128833\/revisions"}],"wp:featuredmedia":[{"embeddable":true,"href":"https:\/\/www.europesays.com\/es\/wp-json\/wp\/v2\/media\/128834"}],"wp:attachment":[{"href":"https:\/\/www.europesays.com\/es\/wp-json\/wp\/v2\/media?parent=128833"}],"wp:term":[{"taxonomy":"category","embeddable":true,"href":"https:\/\/www.europesays.com\/es\/wp-json\/wp\/v2\/categories?post=128833"},{"taxonomy":"post_tag","embeddable":true,"href":"https:\/\/www.europesays.com\/es\/wp-json\/wp\/v2\/tags?post=128833"}],"curies":[{"name":"wp","href":"https:\/\/api.w.org\/{rel}","templated":true}]}}