{"id":128837,"date":"2025-09-21T04:59:08","date_gmt":"2025-09-21T04:59:08","guid":{"rendered":"https:\/\/www.europesays.com\/es\/128837\/"},"modified":"2025-09-21T04:59:08","modified_gmt":"2025-09-21T04:59:08","slug":"petro-desafia-a-trump-y-radicaliza-su-agenda-de-cara-a-2026","status":"publish","type":"post","link":"https:\/\/www.europesays.com\/es\/128837\/","title":{"rendered":"Petro desaf\u00eda a Trump y radicaliza su agenda de cara a 2026"},"content":{"rendered":"<p class=\"\">La <a href=\"https:\/\/elpais.com\/america-colombia\/2025-09-16\/gustavo-petro-anuncia-que-trump-descertifica-a-colombia-en-la-lucha-antidrogas.html\" target=\"_self\" rel=\"nofollow noopener\" title=\"https:\/\/elpais.com\/america-colombia\/2025-09-16\/gustavo-petro-anuncia-que-trump-descertifica-a-colombia-en-la-lucha-antidrogas.html\">descertificaci\u00f3n de Colombia por el Gobierno de Donald Trump<\/a>, en su lucha para la erradicaci\u00f3n de cultivos de uso il\u00edcito, gener\u00f3 una fuerte reacci\u00f3n del presidente Gustavo Petro. Desde el aeropuerto militar de Catam, con el avi\u00f3n presidencial de fondo y la bandera de Colombia como tel\u00f3n, ret\u00f3 al jefe de la superpotencia por su equivocada decisi\u00f3n, y le mostr\u00f3 las cifras hist\u00f3ricas de incautaci\u00f3n de coca\u00edna, n\u00famero de hect\u00e1reas erradicadas, y polic\u00edas asesinados, en una guerra en la que Colombia ha pagado, desde hace varias d\u00e9cadas, un precio demasiado alto, mientras la demanda en Estados Unidos no cede.<\/p>\n<p class=\"\">Colombia es v\u00edctima del narcotr\u00e1fico, y v\u00edctima, adem\u00e1s, de la equivocada visi\u00f3n de una superpotencia que insiste en convertir las selvas de Colombia en un desierto ba\u00f1ado con glifosato, con campesinos hambrientos y r\u00edos muertos. Recuerdo una conversaci\u00f3n, hace ya bastante tiempo, con el hoy gobernador del Atl\u00e1ntico, Eduardo Verano, quien me cont\u00f3 que, siendo ministro de Medio Ambiente de <a href=\"https:\/\/elpais.com\/america-colombia\/2025-05-02\/ernesto-samper-la-derechizacion-de-america-latina-puede-terminar-en-un-nuevo-fascismo.html\" target=\"_self\" rel=\"nofollow noopener\" title=\"https:\/\/elpais.com\/america-colombia\/2025-05-02\/ernesto-samper-la-derechizacion-de-america-latina-puede-terminar-en-un-nuevo-fascismo.html\">Ernesto Samper<\/a>, tuvo en Washington una entrevista con funcionarios antinarc\u00f3ticos para argumentarles las inconveniencias del uso del herbicida. La respuesta lo dej\u00f3 impactado: no les importaba que Colombia se convirtiera en un desierto, solo que no entrara droga a su pa\u00eds. Esa conversaci\u00f3n de 1997 tiene plena vigencia.<\/p>\n<p class=\"\">Colombia sigue atascada en esa mirada imperialista del problema. No pesa cu\u00e1nto da\u00f1o se haga a la naturaleza, ni qu\u00e9 precio pague la democracia, ni cu\u00e1ntos muertos queden en el camino; lo importante es acabar con la producci\u00f3n, no con la demanda. Las cifras que revel\u00f3 el presidente Petro son la esencia de un debate que deber\u00eda asumir el mundo con la mayor serenidad, para ver los da\u00f1os de la fallida pol\u00edtica de erradicaci\u00f3n forzosa; los beneficios de la erradicaci\u00f3n integral; el enorme esfuerzo de la fuerza p\u00fablica en la lucha contra el narcotr\u00e1fico; la tenacidad de la justicia que no cede en la pol\u00edtica de extradici\u00f3n de los grandes capos; la valent\u00eda de los funcionarios que lideran el Programa Nacional de Erradicaci\u00f3n de Cultivos de Uso Il\u00edcito; y la perseverancia de la canciller Yolanda Villavicencio y el embajador en Washington, <a href=\"https:\/\/elpais.com\/america-colombia\/2024-05-21\/daniel-garcia-pena-sera-el-nuevo-embajador-de-colombia-en-estados-unidos.html\" target=\"_self\" rel=\"nofollow noopener\" title=\"https:\/\/elpais.com\/america-colombia\/2024-05-21\/daniel-garcia-pena-sera-el-nuevo-embajador-de-colombia-en-estados-unidos.html\">Daniel Garc\u00eda-Pe\u00f1a<\/a>, en hacer pedagog\u00eda y abrir canales de di\u00e1logo permanente con Estados Unidos, para que el Congreso y los altos funcionarios de esa superpotencia tengan una mirada integral del problema y de la soluci\u00f3n. <\/p>\n<p class=\"\">La gran tragedia en estos tiempos de construcci\u00f3n de un nuevo orden internacional es que Colombia siga atascada en una agenda narcotizada con Estados Unidos, contra la que se luch\u00f3 durante muchos a\u00f1os, para trabajar desde una mirada despolitizada, con base en la cooperaci\u00f3n, el respeto a la soberan\u00eda y la libre autodeterminaci\u00f3n, y la generaci\u00f3n de oportunidades. Lo que hay es un regreso a las viejas pol\u00edticas imperialistas del garrote y la imposici\u00f3n de doctrinas militaristas ineficaces. Basta recordar que en 1996-1997, durante el Gobierno del presidente Samper, Colombia fue descertificada, como un golpe pol\u00edtico para buscar la renuncia del mandatario, incurso entonces en el juicio pol\u00edtico, en el llamado Proceso 8.000. <\/p>\n<p class=\"\">La descertificaci\u00f3n se da ahora, precisamente, en un ambiente de tambores de guerra en el Caribe, con una movilizaci\u00f3n militar sin precedentes para amenazar la soberan\u00eda de Venezuela, con el argumento de que <a href=\"https:\/\/elpais.com\/america\/2025-09-17\/estados-unidos-somete-a-maduro-al-psicoterror-la-ira-de-dios-caera-sobre-ti.html\" target=\"_self\" rel=\"nofollow noopener\" title=\"https:\/\/elpais.com\/america\/2025-09-17\/estados-unidos-somete-a-maduro-al-psicoterror-la-ira-de-dios-caera-sobre-ti.html\">Nicol\u00e1s Maduro<\/a> no solo es un dictador, sino el jefe del llamado <a href=\"https:\/\/elpais.com\/internacional\/2025-09-07\/el-cartel-de-los-soles-la-red-criminal-que-enfrenta-a-estados-unidos-y-venezuela.html\" target=\"_self\" rel=\"nofollow noopener\" title=\"https:\/\/elpais.com\/internacional\/2025-09-07\/el-cartel-de-los-soles-la-red-criminal-que-enfrenta-a-estados-unidos-y-venezuela.html\">Cartel de los Soles<\/a>. La extrema derecha colombiana, que mantiene un di\u00e1logo fluido con sus pares republicanos m\u00e1s reaccionarios de Miami, aplaude la posibilidad de que Trump invada Venezuela, y de paso, piden que tambi\u00e9n act\u00fae contra el presidente Petro, es decir, contra Colombia. <\/p>\n<p class=\"\">La miop\u00eda pol\u00edtica de la extrema derecha pasa por pedir una intervenci\u00f3n militar norteamericana para tumbar a Petro y enterrar a la izquierda democr\u00e1tica. Es una fantas\u00eda estimulada por mucho tiempo. Ya antes hab\u00edan pedido un golpe de Estado, en una conspiraci\u00f3n fallida que lider\u00f3 el excanciller <a href=\"https:\/\/elpais.com\/america-colombia\/2025-06-29\/alvaro-leyva-duran-el-eterno-conspirador.html\" target=\"_self\" rel=\"nofollow noopener\" title=\"https:\/\/elpais.com\/america-colombia\/2025-06-29\/alvaro-leyva-duran-el-eterno-conspirador.html\">\u00c1lvaro Leyva<\/a> y aplaudi\u00f3 Vicky D\u00e1vila. Sin duda, una agresi\u00f3n militar a Venezuela ser\u00eda detonante de una mayor conflictividad en Colombia. No ha sido cuantificado el impacto negativo de un fen\u00f3meno de ese tama\u00f1o en el desarrollo democr\u00e1tico de Colombia. Millones de nuevos inmigrantes, mayor empoderamiento de las guerrillas que act\u00faan como retaguardia en la frontera com\u00fan, nacionalismo extremo, afectaci\u00f3n de la econom\u00eda, son solo algunas de esas consecuencias. El incendio de Venezuela chamuscar\u00e1 a Colombia.<\/p>\n<p class=\"\">El regreso a la narcotizaci\u00f3n de la agenda bilateral con Estados Unidos no es un cuento chino. Es el sello de la administraci\u00f3n Trump, que castiga al presidente Petro por su ideolog\u00eda y su agenda internacional contraria al genocidio de Gaza, que promueve la multilateralidad y rechaza la intervenci\u00f3n militar contra cualquier pa\u00eds soberano. La decisi\u00f3n de Estados Unidos afecta el rumbo democr\u00e1tico de Colombia, que en los pr\u00f3ximos meses elegir\u00e1 un nuevo presidente. La descertificaci\u00f3n pretende ser usada por la extrema derecha como glifosato puro contra la izquierda, que ha reaccionado a ese ataque con madurez, y le ha dejado al presidente la defensa del progresismo ante la Administraci\u00f3n de Trump. Lo que est\u00e1 en juego es la reelecci\u00f3n del proyecto pol\u00edtico de la izquierda.<\/p>\n<p class=\"\">Por supuesto que la descertificaci\u00f3n ha alentado una narrativa nacionalista, en un pa\u00eds que ha demostrado en las encuestas su rechazo a las pol\u00edticas impositivas de Trump, como la expulsi\u00f3n de los inmigrantes, su pol\u00edtica arancelaria, y decisiones unilaterales contra los Gobiernos que contrar\u00edan sus arbitrarias decisiones. El presidente Petro, no solo ha demostrado que la decisi\u00f3n es un ataque pol\u00edtico contra \u00e9l, sino que se ha radicalizado en su narrativa de la necesidad de profundizar y acelerar las reformas. <\/p>\n<p class=\"\">Desde La Dorada (Caldas), donde no necesita visa -como dec\u00eda Samper cuando se la quit\u00f3 el Departamento de Estado- ha retomado la tesis de la convocatoria de la Asamblea Nacional Constituyente, que ha gravitado durante su Gobierno y estuvo asociada a su inminente reelecci\u00f3n, cosa que ya es imposible. <\/p>\n<p class=\"\">\u201c\u00bfQuieren que este programa siga? \u00bfQuieren que estas reformas sociales sigan y se vuelvan realidad?\u201d, le pregunt\u00f3 a una multitud de beneficiarios de titulaci\u00f3n de tierras, un programa que alcanz\u00f3 la hist\u00f3rica cifra de 800.000 hect\u00e1reas entregadas. Y a rengl\u00f3n seguido se respondi\u00f3: \u201centonces, poder constituyente, no hay otro camino, es la nueva fase de la lucha popular, es la nueva fase de este que es el Gobierno del Cambio, es la fase en la que se compromete la actividad, el tiempo, el f\u00edsico del Presidente de la Rep\u00fablica\u201d. <\/p>\n<p class=\"\">Petro convoc\u00f3 a los campesinos y organizaciones sociales a movilizarse y promover esa iniciativa: \u201cc\u00f3mo volvemos realidad, el a\u00f1o entrante a trav\u00e9s de los mecanismos que la Constituci\u00f3n actual ya establece, <a href=\"https:\/\/elpais.com\/america-colombia\/2025-09-15\/petro-revive-la-constituyente-ahora-como-bandera-electoral.html\" target=\"_self\" rel=\"nofollow noopener\" title=\"https:\/\/elpais.com\/america-colombia\/2025-09-15\/petro-revive-la-constituyente-ahora-como-bandera-electoral.html\">la convocatoria a una Asamblea Nacional Constituyente<\/a>\u201d. Esa idea, en medio del debate electoral del 2026, se convertir\u00e1 en un nuevo dinamizador de la izquierda, que busca a trav\u00e9s de una consulta escoger un candidato de unidad.<\/p>\n<p class=\"\">Cuando aparezcan ese candidato que encarne el ideario petrista, y el que defina el jefe de la extrema derecha, <a href=\"https:\/\/elpais.com\/america-colombia\/2025-09-19\/la-corte-suprema-de-justicia-ratifica-la-libertad-de-alvaro-uribe-en-el-caso-de-manipulacion-de-testigos.html\" target=\"_self\" rel=\"nofollow noopener\" title=\"https:\/\/elpais.com\/america-colombia\/2025-09-19\/la-corte-suprema-de-justicia-ratifica-la-libertad-de-alvaro-uribe-en-el-caso-de-manipulacion-de-testigos.html\">\u00c1lvaro Uribe<\/a>, comenzar\u00e1 en serio la campa\u00f1a. Lo que hay hasta ahora es un festival de vanidades, en la que 107 candidatos, en su mayor\u00eda gente sin ninguna opci\u00f3n, han confundido al electorado, hecho ruido y mostrado la enorme fragilidad de la democracia y las reglas de juego para participar.<\/p>\n<p class=\"\">La descertificaci\u00f3n de Trump, ha envalentonado a Petro, lo ha radicalizado y le ha abierto espacio para levantar la bandera de la Constituyente, una vieja obsesi\u00f3n aspiracional. Petro sigue retando a la derecha y demostrando que no necesita certificaci\u00f3n para romper paradigmas y hablar de dignidad y respeto a la soberan\u00eda. <\/p>\n","protected":false},"excerpt":{"rendered":"La descertificaci\u00f3n de Colombia por el Gobierno de Donald Trump, en su lucha para la erradicaci\u00f3n de cultivos&hellip;\n","protected":false},"author":2,"featured_media":128838,"comment_status":"","ping_status":"","sticky":false,"template":"","format":"standard","meta":{"footnotes":""},"categories":[42],"tags":[889,17,18,2357,1803,352,629,13,14,3916,11,61,62,63,64,19,20,1804,7337,9,10,15,16,1925,12,21,22,65,66,67],"class_list":{"0":"post-128837","1":"post","2":"type-post","3":"status-publish","4":"format-standard","5":"has-post-thumbnail","7":"category-internacional","8":"tag-america","9":"tag-breaking-news","10":"tag-breakingnews","11":"tag-cocaina","12":"tag-colombia","13":"tag-donald-trump","14":"tag-estados-unidos","15":"tag-featured-news","16":"tag-featurednews","17":"tag-gustavo-petro","18":"tag-headlines","19":"tag-internacional","20":"tag-international","21":"tag-international-news","22":"tag-internationalnews","23":"tag-latest-news","24":"tag-latestnews","25":"tag-latinoamerica","26":"tag-narcotrafico","27":"tag-news","28":"tag-noticias","29":"tag-noticias-destacadas","30":"tag-noticiasdestacadas","31":"tag-opinion","32":"tag-titulares","33":"tag-ultimas-noticias","34":"tag-ultimasnoticias","35":"tag-world","36":"tag-world-news","37":"tag-worldnews"},"share_on_mastodon":{"url":"","error":""},"_links":{"self":[{"href":"https:\/\/www.europesays.com\/es\/wp-json\/wp\/v2\/posts\/128837","targetHints":{"allow":["GET"]}}],"collection":[{"href":"https:\/\/www.europesays.com\/es\/wp-json\/wp\/v2\/posts"}],"about":[{"href":"https:\/\/www.europesays.com\/es\/wp-json\/wp\/v2\/types\/post"}],"author":[{"embeddable":true,"href":"https:\/\/www.europesays.com\/es\/wp-json\/wp\/v2\/users\/2"}],"replies":[{"embeddable":true,"href":"https:\/\/www.europesays.com\/es\/wp-json\/wp\/v2\/comments?post=128837"}],"version-history":[{"count":0,"href":"https:\/\/www.europesays.com\/es\/wp-json\/wp\/v2\/posts\/128837\/revisions"}],"wp:featuredmedia":[{"embeddable":true,"href":"https:\/\/www.europesays.com\/es\/wp-json\/wp\/v2\/media\/128838"}],"wp:attachment":[{"href":"https:\/\/www.europesays.com\/es\/wp-json\/wp\/v2\/media?parent=128837"}],"wp:term":[{"taxonomy":"category","embeddable":true,"href":"https:\/\/www.europesays.com\/es\/wp-json\/wp\/v2\/categories?post=128837"},{"taxonomy":"post_tag","embeddable":true,"href":"https:\/\/www.europesays.com\/es\/wp-json\/wp\/v2\/tags?post=128837"}],"curies":[{"name":"wp","href":"https:\/\/api.w.org\/{rel}","templated":true}]}}