{"id":128839,"date":"2025-09-21T05:00:12","date_gmt":"2025-09-21T05:00:12","guid":{"rendered":"https:\/\/www.europesays.com\/es\/128839\/"},"modified":"2025-09-21T05:00:12","modified_gmt":"2025-09-21T05:00:12","slug":"maria-jesus-montero-usa-la-masacre-en-gaza-como-arma-arrojadiza-contra-juanma-moreno-genocidio-repita-conmigo-ge-no-ci-dio","status":"publish","type":"post","link":"https:\/\/www.europesays.com\/es\/128839\/","title":{"rendered":"Mar\u00eda Jes\u00fas Montero usa la masacre en Gaza como arma arrojadiza contra Juanma Moreno: \u00abGenocidio, repita conmigo, ge-no-ci-dio\u00bb"},"content":{"rendered":"<p style=\"\">No se vieron banderas palestinas -si hubo alguna no se hizo notar- entre los miembros del Comit\u00e9 Director del PSOE andaluz convocado este s\u00e1bado por <strong>Mar\u00eda Jes\u00fas Montero.<\/strong> Tampoco hizo falta. Porque la secretaria general del PSOE lleg\u00f3 al pabell\u00f3n de San Juan del  &#8230; Puerto (Huelva), donde se celebr\u00f3 el m\u00e1ximo \u00f3rgano entre congresos, envuelta simb\u00f3licamente en la kufiya (pa\u00f1uelo palestino), para expresar su solidaridad con este pueblo masacrado por el Gobierno israel\u00ed, pero sobre todo para lanzar el conflicto como arma arrojadiza contra <strong>el presidente de la Junta de Andaluc\u00eda, Juanma Moreno<\/strong>, al que catalog\u00f3 \u00abequidistante\u00bb y falto de \u00abhumildad\u00bb. <\/p>\n<p class=\"voc-p\" style=\"\">La principal diferencia se focaliza en una palabra que la vicepresidenta primera del Gobierno reiter\u00f3 como quien pronuncia <strong>el abracadabra, la palabra m\u00e1gica del sanchismo<\/strong> que monopoliza el debate de la pol\u00edtica nacional, que distingue entre los que est\u00e1n \u00aben el lado correcto de la historia\u00bb y los que est\u00e1n en el lado malo y vendr\u00edan a ser c\u00f3mplices de los que est\u00e1 pasando en el avispero del Oriente Pr\u00f3ximo. En este lado, en el incorrecto, sit\u00faa Mar\u00eda Jes\u00fas Montero al presidente andaluz. <\/p>\n<p class=\"voc-p\" style=\"\">\u00ab<strong>Genocidio. Se\u00f1or Moreno Bonilla, repita con nosotros, se trata de un ge-no-ci-dio<\/strong>\u00bb, ha proclamado ante los suyos en el segundo comit\u00e9 que re\u00fane tras su ascenso a la Secretar\u00eda General del PSOE andaluz. \u00abCu\u00e1ntos m\u00e1s tienen que morir por las bombas, por la hambruna y por el terror para que Moreno Bonilla se deje de equilibrismo y se posicione con el sentir mayoritario del pueblo andaluz que condena la barbarie en Gaza\u00bb, asegur\u00f3.<\/p>\n<p>\nAprobada una resoluci\u00f3n que carga contra Moreno\n<\/p>\n<p class=\"voc-p\" style=\"\">En l\u00ednea con este discurso, el Comit\u00e9 Director aprob\u00f3 una resoluci\u00f3n en la que se condena \u00abel genocidio\u00bb a la vez que se pide la liberaci\u00f3n inmediata de los rehenes de Ham\u00e1s. \u00bfEquistancia? Nada de eso. El mensaje central de la resoluci\u00f3n y en el que Montero puso el acento en su intervenci\u00f3n de 55 minutos figura al final del documento. Es el punto 11 de la resoluci\u00f3n que consiste en \u00ab<strong>reclamar al presidente de la Junta de Andaluc\u00eda una condena clara y rotunda, sin equidistancia,<\/strong> de la masacre genocida que se est\u00e1 produciendo en la franja de Gaza y que se sit\u00fae al lado del sentir mayoritario del pueblo andaluz. <\/p>\n<p class=\"voc-p\" style=\"\">Hay quienes est\u00e1n dedicando m\u00e1s tiempo a cuestionar s<strong>i la protesta ciudadana est\u00e1 justificada o no est\u00e1 justificada<\/strong>, que \u00aba condenar el asesinato de miles de ni\u00f1os por hambre o sencillamente por la violencia\u00bb, resumi\u00f3.<\/p>\n<p>\nEl discurso \u00abindecente\u00bb de la derecha y la ultraderecha\n<\/p>\n<p class=\"voc-p\" style=\"\">Para el PSOE que ella dirige, no hay una causa m\u00e1s justa que exigir el fin del genocidio. \u00ab<strong>No se puede estar equidistante entre quienes violan los derechos humanos, quienes los sufren<\/strong>, y entre aquellos que provocan el dolor y aquellos que est\u00e1n en este momento en una sensaci\u00f3n claramente de indefensi\u00f3n; ese equilibrio que quieren mantener algunos no es neutralidad\u00bb, les afe\u00f3 Montero. Quienes \u00ab<strong>hacen ese tipo de ejercicio simplemente son indecentes<\/strong>\u00bb, no quiso personificarlo, pero todos sab\u00edan a qui\u00e9nes se estaba refiriendo, a los dirigentes y mandatarios del PP y \u00abla ultraderecha\u00bb.<\/p>\n<p class=\"voc-p\" style=\"\">\u00abNo vamos a permitir que no se condene, como digo, una barbarie que est\u00e1 ocurriendo a escasos kil\u00f3metros de nuestro pa\u00eds\u00bb, prosigui\u00f3 la tambi\u00e9n vicesecretaria general del PSOE a nivel federal y ministra de Hacienda, que ha planteado que despu\u00e9s de casi 20.000 menores fallecidos,<\/p>\n<p class=\"voc-p\" style=\"\">Para Montero no es sostenible la posici\u00f3n de Moreno y otros l\u00edderes del PP. No dej\u00f3 de repetirlo. \u00ab<strong>Se aleja de la realidad un presidente de la Junta que no demuestra humildad frente a la masacre<\/strong>\u00bb, asegur\u00f3. Frente a \u00e9l, est\u00e1 el presidente del Gobierno de Espa\u00f1a, Pedro S\u00e1nchez, \u00abvaliente siempre, que ejerce un liderazgo coherente, que defiende con firmeza la legalidad, la seguridad internacional y los derechos humanos\u00bb. \u00abSi Espa\u00f1a se mueve, Europa se mueve; marcamos la pauta a nivel internacional\u00bb, ha sentenciado Montero.<\/p>\n","protected":false},"excerpt":{"rendered":"No se vieron banderas palestinas -si hubo alguna no se hizo notar- entre los miembros del Comit\u00e9 Director&hellip;\n","protected":false},"author":2,"featured_media":128840,"comment_status":"","ping_status":"","sticky":false,"template":"","format":"standard","meta":{"footnotes":""},"categories":[8],"tags":[26102,41532,17,18,31291,25,24,13,14,694,79,11,5782,20482,19,20,1932,19994,2466,1712,9,10,15,16,41533,23,12,21,22,4450],"class_list":{"0":"post-128839","1":"post","2":"type-post","3":"status-publish","4":"format-standard","5":"has-post-thumbnail","7":"category-espana","8":"tag-arma","9":"tag-arrojadiza","10":"tag-breaking-news","11":"tag-breakingnews","12":"tag-conmigo","13":"tag-es","14":"tag-espana","15":"tag-featured-news","16":"tag-featurednews","17":"tag-gaza","18":"tag-genocidio","19":"tag-headlines","20":"tag-jesus","21":"tag-juanma","22":"tag-latest-news","23":"tag-latestnews","24":"tag-maria","25":"tag-masacre","26":"tag-montero","27":"tag-moreno","28":"tag-news","29":"tag-noticias","30":"tag-noticias-destacadas","31":"tag-noticiasdestacadas","32":"tag-repita","33":"tag-spain","34":"tag-titulares","35":"tag-ultimas-noticias","36":"tag-ultimasnoticias","37":"tag-usa"},"share_on_mastodon":{"url":"","error":""},"_links":{"self":[{"href":"https:\/\/www.europesays.com\/es\/wp-json\/wp\/v2\/posts\/128839","targetHints":{"allow":["GET"]}}],"collection":[{"href":"https:\/\/www.europesays.com\/es\/wp-json\/wp\/v2\/posts"}],"about":[{"href":"https:\/\/www.europesays.com\/es\/wp-json\/wp\/v2\/types\/post"}],"author":[{"embeddable":true,"href":"https:\/\/www.europesays.com\/es\/wp-json\/wp\/v2\/users\/2"}],"replies":[{"embeddable":true,"href":"https:\/\/www.europesays.com\/es\/wp-json\/wp\/v2\/comments?post=128839"}],"version-history":[{"count":0,"href":"https:\/\/www.europesays.com\/es\/wp-json\/wp\/v2\/posts\/128839\/revisions"}],"wp:featuredmedia":[{"embeddable":true,"href":"https:\/\/www.europesays.com\/es\/wp-json\/wp\/v2\/media\/128840"}],"wp:attachment":[{"href":"https:\/\/www.europesays.com\/es\/wp-json\/wp\/v2\/media?parent=128839"}],"wp:term":[{"taxonomy":"category","embeddable":true,"href":"https:\/\/www.europesays.com\/es\/wp-json\/wp\/v2\/categories?post=128839"},{"taxonomy":"post_tag","embeddable":true,"href":"https:\/\/www.europesays.com\/es\/wp-json\/wp\/v2\/tags?post=128839"}],"curies":[{"name":"wp","href":"https:\/\/api.w.org\/{rel}","templated":true}]}}