{"id":128841,"date":"2025-09-21T05:01:20","date_gmt":"2025-09-21T05:01:20","guid":{"rendered":"https:\/\/www.europesays.com\/es\/128841\/"},"modified":"2025-09-21T05:01:20","modified_gmt":"2025-09-21T05:01:20","slug":"attaoui-exagera-su-tactica-y-pierde","status":"publish","type":"post","link":"https:\/\/www.europesays.com\/es\/128841\/","title":{"rendered":"Attaoui exagera su t\u00e1ctica y pierde"},"content":{"rendered":"<p><img decoding=\"async\" class=\"voc-author__img\" src=\"https:\/\/www.europesays.com\/es\/wp-content\/uploads\/2025\/09\/autor-5311-foto-1.jpeg\" alt=\"Ignacio Romo\"\/><\/p>\n<p>20\/09\/2025<br \/>\n<br \/><strong><br \/>\nActualizado 21\/09\/2025 a las 06:21h.<br \/>\n<\/strong><\/p>\n<p class=\"voc-p\" style=\"\">Le encanta correr atr\u00e1s. O quiz\u00e1 es su entrenador, el alem\u00e1n Dreissigacker, el que est\u00e1 obsesionado con esta t\u00e1ctica. <a href=\"https:\/\/www.abc.es\/deportes\/mclaughlin-reina-400-record-koch-resiste-20250918155158-nt.html\" data-voc-vtm-id=\"in-text-traffic\" title=\"Mohamed Attaoui\" rel=\"nofollow noopener\" target=\"_blank\">Mohamed Attaoui<\/a>, el jovencito de Torrelavega, el indiscutible rey espa\u00f1ol de los 800 metros, acostumbra a instalarse en la cola del grupo en la primera vuelta. Sigue la escuela del ruso Borzakovsky. O la de Dave Wottle y su delirante carrera en los Juegos de Munich&#8217;72. As\u00ed evita golpes y no se desgasta en los alocados ritmos iniciales. Pero esta vez ha exagerado. En Tokio ha llevado la estrategia al l\u00edmite y lo ha pagado.<\/p>\n<p class=\"voc-p\" style=\"\">Attaoui ha regalado esta vez demasiados metros a sus rivales. Hab\u00eda 15 metros de distancia entre el keniano Wanyonyi (que imit\u00f3 el carrer\u00f3n de Rudisha en los Juegos de Londres) y el de Torrelavega al paso por los 200 metros. Attaoui iba \u00faltimo, pero lej\u00edsimos. A una distancia excesiva. El keniano volaba por delante y marc\u00f3 un crono de 49.3 al toque de campana. Un ritmo loco.<\/p>\n<p class=\"voc-p\" style=\"\">El plusmarquista nacional inici\u00f3 su remontada a falta de 200 metros. Corriendo por el interior, cambi\u00f3 de ritmo con fuerza y se golpe\u00f3 con el botsuano Masalela. A falta de 200 metros era s\u00e9ptimo pero en franca progresi\u00f3n. Ven\u00eda con fuerza y afront\u00f3 la recta final con posibilidades de ganar puestos y transmitiendo muy buenas sensaciones. Lo intent\u00f3 por el interior pero el ingl\u00e9s Burgin se mostr\u00f3 como un obst\u00e1culo dif\u00edcil de salvar. Ah\u00ed qued\u00f3 algo bloqueado. Por delante, Wanyonyi, el argelino Sedjati y el canadiense Arop se disputaban la victoria. Venci\u00f3 Wayonyi con 1:41.86, un crono soberbio para una carrera sin liebres. \u00c9l fue su propia liebre. Attaoui entr\u00f3 quinto con 1:42.21, su mejor crono del a\u00f1o. Un gran quinto puesto\u2026 pero por debajo del poder\u00edo que hab\u00eda mostrado en semifinales. De cualquier modo, ha completado un a\u00f1o impresionante.<\/p>\n<p class=\"voc-p\" style=\"\">Jos\u00e9 Luis Gonz\u00e1lez, uno de los grandes mediofondistas de la historia, indica a ABC que est\u00e1 insatisfecho con la carrera de <a href=\"https:\/\/www.abc.es\/deportes\/attaoui-jode-puedan-relacionar-katir-llamarme-mohamed-20250801054254-nt.html\" data-voc-vtm-id=\"in-text-traffic\" title=\"Attaoui\" rel=\"nofollow noopener\" target=\"_blank\">Attaoui<\/a>. \u00abEsperaba algo m\u00e1s, porque ha hecho una buena temporada. Quiz\u00e1 se ha dejado ver demasiado en semifinales. Pero es un puesto correcto y tiene un buen futuro, con ese correr tan caracter\u00edstico de alta frecuencia y zancada corta. Ha sido una pena porque yo lo ve\u00eda luchando por la plata o el bronce. Para mi, realmente, las medallas que importan son las del anillo\u00bb concluye el toledano.<\/p>\n<p>\nMarta Garc\u00eda, s\u00e9ptima\n<\/p>\n<p class=\"voc-p\" style=\"\">Marta Garc\u00eda protagoniz\u00f3 otra de sus exhibiciones de inteligencia y saber t\u00e1ctico en la final de 5.000 metros, que se corri\u00f3 a ritmo de tortuga. La leonesa estuvo a cola de grupo durante toda la prueba, espabil\u00f3 en la \u00faltima vuelta, adelant\u00f3 tres posiciones y se clasific\u00f3 s\u00e9ptima (15:01.02) otorgando a Espa\u00f1a otra plaza adicional de finalista. En el balance de los Mundiales, con un total de 14 finalistas, la selecci\u00f3n naranja ya ha superado los 10 obtenidos en Budapest en los Mundiales de 2023.<\/p>\n<p class=\"voc-p\" style=\"\">En los relevos 4&#215;100 metros, Espa\u00f1a corri\u00f3 bien en semifinales y asegur\u00f3 su pase a la final. El cuarteto habitual, formado por Cladera, Bestu\u00e9, Sevilla y Maribel P\u00e9rez, se clasific\u00f3 segundo en su serie detr\u00e1s de las jamaicanas. La apuesta por el relevo corto realmente nos cost\u00f3 una plaza en la final del relevo largo. Paula Sevilla no tom\u00f3 la salida en el 4&#215;400 (con ella, Espa\u00f1a se habr\u00eda clasificado para la final) para no salir cansada en el 4&#215;100. Y la extraordinaria actuaci\u00f3n de Blanca Herv\u00e1s en el \u00faltimo relevo no fue suficiente por s\u00f3lo 5 cent\u00e9simas. Antes Jamaica hab\u00eda protagonizado la gran decepci\u00f3n del d\u00eda en el 4&#215;100 masculino. Un equipo que amenazaba seriamente el r\u00e9cord del mundo fracas\u00f3 en el \u00faltimo de los relevos. Forte y Thompson fallaron en el cambio y el testigo termin\u00f3 en el suelo.<\/p>\n<p class=\"voc-p\" style=\"\">Mar\u00eda Vicente ha sido otra de las protagonistas espa\u00f1olas en los Mundiales. No por un gran rendimiento sino por la buena noticia de haber vuelto, sana, a la gran competici\u00f3n. Floje\u00f3 mucho en salto de longitud (quiz\u00e1 a\u00fan con miedo al tend\u00f3n) con un registro de 6,10 y eso le impidi\u00f3 brillar. Termin\u00f3 d\u00e9cimosegunda.<\/p>\n<p>Reportar un error<\/p>\n","protected":false},"excerpt":{"rendered":"20\/09\/2025 Actualizado 21\/09\/2025 a las 06:21h. Le encanta correr atr\u00e1s. O quiz\u00e1 es su entrenador, el alem\u00e1n Dreissigacker,&hellip;\n","protected":false},"author":2,"featured_media":128842,"comment_status":"","ping_status":"","sticky":false,"template":"","format":"standard","meta":{"footnotes":""},"categories":[5],"tags":[41534,17,18,25,24,13,14,1058,11,19,20,9,10,15,16,4759,6076,6610,23,12,21,22],"class_list":{"0":"post-128841","1":"post","2":"type-post","3":"status-publish","4":"format-standard","5":"has-post-thumbnail","7":"category-titulares","8":"tag-attaoui","9":"tag-breaking-news","10":"tag-breakingnews","11":"tag-es","12":"tag-espana","13":"tag-featured-news","14":"tag-featurednews","15":"tag-final","16":"tag-headlines","17":"tag-latest-news","18":"tag-latestnews","19":"tag-news","20":"tag-noticias","21":"tag-noticias-destacadas","22":"tag-noticiasdestacadas","23":"tag-paris","24":"tag-quinto","25":"tag-repite","26":"tag-spain","27":"tag-titulares","28":"tag-ultimas-noticias","29":"tag-ultimasnoticias"},"share_on_mastodon":{"url":"","error":""},"_links":{"self":[{"href":"https:\/\/www.europesays.com\/es\/wp-json\/wp\/v2\/posts\/128841","targetHints":{"allow":["GET"]}}],"collection":[{"href":"https:\/\/www.europesays.com\/es\/wp-json\/wp\/v2\/posts"}],"about":[{"href":"https:\/\/www.europesays.com\/es\/wp-json\/wp\/v2\/types\/post"}],"author":[{"embeddable":true,"href":"https:\/\/www.europesays.com\/es\/wp-json\/wp\/v2\/users\/2"}],"replies":[{"embeddable":true,"href":"https:\/\/www.europesays.com\/es\/wp-json\/wp\/v2\/comments?post=128841"}],"version-history":[{"count":0,"href":"https:\/\/www.europesays.com\/es\/wp-json\/wp\/v2\/posts\/128841\/revisions"}],"wp:featuredmedia":[{"embeddable":true,"href":"https:\/\/www.europesays.com\/es\/wp-json\/wp\/v2\/media\/128842"}],"wp:attachment":[{"href":"https:\/\/www.europesays.com\/es\/wp-json\/wp\/v2\/media?parent=128841"}],"wp:term":[{"taxonomy":"category","embeddable":true,"href":"https:\/\/www.europesays.com\/es\/wp-json\/wp\/v2\/categories?post=128841"},{"taxonomy":"post_tag","embeddable":true,"href":"https:\/\/www.europesays.com\/es\/wp-json\/wp\/v2\/tags?post=128841"}],"curies":[{"name":"wp","href":"https:\/\/api.w.org\/{rel}","templated":true}]}}