{"id":128848,"date":"2025-09-21T05:06:11","date_gmt":"2025-09-21T05:06:11","guid":{"rendered":"https:\/\/www.europesays.com\/es\/128848\/"},"modified":"2025-09-21T05:06:11","modified_gmt":"2025-09-21T05:06:11","slug":"david-ferrer-y-anabel-medina-ganan-la-copa-de-leyendas-en-el-regreso-de-arantxa-a-las-pistas-22-anos-despues","status":"publish","type":"post","link":"https:\/\/www.europesays.com\/es\/128848\/","title":{"rendered":"David Ferrer y Anabel Medina ganan la Copa de Leyendas en el regreso de Arantxa a las pistas 22 a\u00f1os despu\u00e9s"},"content":{"rendered":"<p data-mrf-recirculation=\"Links P\u00e1rrafos\" class=\"ue-c-article__paragraph paragraph\"><strong>La III Copa de Leyendas de Albacete<\/strong> tuvo este s\u00e1bado una aparici\u00f3n muy especial. <strong>Arantxa S\u00e1nchez Vicario regresaba a las pistas 22 a\u00f1os despu\u00e9s<\/strong> y lo hizo con derrota en el partido de dobles haciendo pareja con Tommy Robredo y que les enfrent\u00f3 a David Ferrer y Anabel Medina. <strong>El marcador de 7-5, 3-6 y 10-3, en el s\u00faper &#8216;tie break&#8217;,\u00a0<\/strong>indica la igualdad que se vivi\u00f3 sobre la central del Club de Tenis Albacete y que registr\u00f3 un lleno hist\u00f3rico.\u00a0\u00a0<\/p>\n<p data-mrf-recirculation=\"Links P\u00e1rrafos\" class=\"ue-c-article__paragraph paragraph\">Arantxa, <strong>de 53 a\u00f1os y campeona de 14 t\u00edtulos del &#8216;Grand Slam&#8217;, cuatro de ellos en categor\u00eda individual<\/strong>, recibi\u00f3 un caluroso homenaje por una trayectoria que la convierte en la mejor tenista espa\u00f1ola.<\/p>\n<p><img decoding=\"async\" width=\"1544\" height=\"1253\" class=\"ue-c-article__image lazyload\" alt=\"La entrega de premios en el CT Albacete.\" loading=\"lazy\" src=\"https:\/\/www.europesays.com\/es\/wp-content\/uploads\/2025\/09\/68cf000ce6f3a.jpeg\"\/><\/p>\n<p>La entrega de premios en el CT Albacete.<\/p>\n<p>Final masculina<br \/>\u200b<\/p>\n<p data-mrf-recirculation=\"Links P\u00e1rrafos\" class=\"ue-c-article__paragraph paragraph\">El reconocimiento a Arantxa ha venido de la mano del alcalde de Albacete, Manuel Serrano, y de Juli\u00e1n Garc\u00eda, director deportivo del club manchego. <strong>Este domingo se celebrar\u00e1 la final individual entre Ferrer y Robredo<\/strong>.\u00a0<\/p>\n","protected":false},"excerpt":{"rendered":"La III Copa de Leyendas de Albacete tuvo este s\u00e1bado una aparici\u00f3n muy especial. Arantxa S\u00e1nchez Vicario regresaba&hellip;\n","protected":false},"author":2,"featured_media":128849,"comment_status":"","ping_status":"","sticky":false,"template":"","format":"standard","meta":{"footnotes":""},"categories":[274],"tags":[168,25,24,23,167,327,326],"class_list":{"0":"post-128848","1":"post","2":"type-post","3":"status-publish","4":"format-standard","5":"has-post-thumbnail","7":"category-tenis","8":"tag-deportes","9":"tag-es","10":"tag-espana","11":"tag-spain","12":"tag-sports","13":"tag-tenis","14":"tag-tennis"},"share_on_mastodon":{"url":"","error":""},"_links":{"self":[{"href":"https:\/\/www.europesays.com\/es\/wp-json\/wp\/v2\/posts\/128848","targetHints":{"allow":["GET"]}}],"collection":[{"href":"https:\/\/www.europesays.com\/es\/wp-json\/wp\/v2\/posts"}],"about":[{"href":"https:\/\/www.europesays.com\/es\/wp-json\/wp\/v2\/types\/post"}],"author":[{"embeddable":true,"href":"https:\/\/www.europesays.com\/es\/wp-json\/wp\/v2\/users\/2"}],"replies":[{"embeddable":true,"href":"https:\/\/www.europesays.com\/es\/wp-json\/wp\/v2\/comments?post=128848"}],"version-history":[{"count":0,"href":"https:\/\/www.europesays.com\/es\/wp-json\/wp\/v2\/posts\/128848\/revisions"}],"wp:featuredmedia":[{"embeddable":true,"href":"https:\/\/www.europesays.com\/es\/wp-json\/wp\/v2\/media\/128849"}],"wp:attachment":[{"href":"https:\/\/www.europesays.com\/es\/wp-json\/wp\/v2\/media?parent=128848"}],"wp:term":[{"taxonomy":"category","embeddable":true,"href":"https:\/\/www.europesays.com\/es\/wp-json\/wp\/v2\/categories?post=128848"},{"taxonomy":"post_tag","embeddable":true,"href":"https:\/\/www.europesays.com\/es\/wp-json\/wp\/v2\/tags?post=128848"}],"curies":[{"name":"wp","href":"https:\/\/api.w.org\/{rel}","templated":true}]}}